{"id":7928,"date":"2018-03-21T13:51:39","date_gmt":"2018-03-21T12:51:39","guid":{"rendered":"http:\/\/serveiseducatius.xtec.cat\/baixcamp\/?p=7928"},"modified":"2018-10-03T16:22:46","modified_gmt":"2018-10-03T14:22:46","slug":"cloenda-de-la-mostra-de-lectura-en-veu-alta","status":"publish","type":"post","link":"https:\/\/serveiseducatius.xtec.cat\/baixcamp\/mlva\/cloenda-de-la-mostra-de-lectura-en-veu-alta\/","title":{"rendered":"Cloenda de la VII Mostra de Lectura en Veu alta 17\/18"},"content":{"rendered":"<p style=\"text-align: justify;\"><img loading=\"lazy\" decoding=\"async\" class=\"wp-image-7987 alignleft\" src=\"http:\/\/serveiseducatius.xtec.cat\/baixcamp\/wp-content\/uploads\/usu950\/2018\/03\/MLVA_2018-2.jpg\" alt=\"\" width=\"299\" height=\"194\" srcset=\"https:\/\/serveiseducatius.xtec.cat\/baixcamp\/wp-content\/uploads\/usu950\/2018\/03\/MLVA_2018-2.jpg 500w, https:\/\/serveiseducatius.xtec.cat\/baixcamp\/wp-content\/uploads\/usu950\/2018\/03\/MLVA_2018-2-300x195.jpg 300w\" sizes=\"auto, (max-width: 299px) 100vw, 299px\" \/>Aquest dijous, 21 de\u00a0 mar\u00e7, ha tingut lloc la novena i darrera jornada de participaci\u00f3 en la Mostra de Lectura en Veu alta, a la Sala d&#8217;actes del <a href=\"http:\/\/www.centrelectura.cat\">Centre de Lectura<\/a>. Aquesta ronda de <a href=\"http:\/\/serveiseducatius.xtec.cat\/baixcamp\/mostra-de-lectura-en-veu-alta\/lectures\/\">lectures<\/a> clou la participaci\u00f3 de m\u00e9s de 270 xiquets procedents de 28 escoles del Baix Camp. La Mostra s&#8217;ha celebrat els dies\u00a0<strong>6 i 7 de mar\u00e7<\/strong> en la categoria d\u2019Educaci\u00f3 Especial, i els dies <strong>12, 14, 15, 16, 19, 20 i 21 de mar\u00e7<\/strong>, en la de Cicle inicial. Tots els participants han obtingut un diploma de participaci\u00f3, aix\u00ed com l&#8217;obsequi d&#8217;un llibre, gentilesa d&#8217;Editorial Barcanova. La mostra tamb\u00e9 ha comptat amb el suport de la regidoria d&#8217;Ensenyament de l&#8217;<a href=\"http:\/\/www.reus.cat\">Ajuntament de Reus<\/a>. Cliqueu l&#8217;imatge seg\u00fcent per accedir a la <a href=\"https:\/\/photos.app.goo.gl\/tH5lqTCg0bbw79HC2\">galeria de fotos<\/a>.<\/p>\n<p>&nbsp;<\/p>\n","protected":false},"excerpt":{"rendered":"<p>Cloenda de la IX MLVA: 270 participants de 28 escoles del Baix Camp d&#8217;EE i CI<\/p>\n","protected":false},"author":1,"featured_media":7985,"comment_status":"open","ping_status":"closed","sticky":false,"template":"","format":"standard","meta":{"_bbp_topic_count":0,"_bbp_reply_count":0,"_bbp_total_topic_count":0,"_bbp_total_reply_count":0,"_bbp_voice_count":0,"_bbp_anonymous_reply_count":0,"_bbp_topic_count_hidden":0,"_bbp_reply_count_hidden":0,"_bbp_forum_subforum_count":0,"site-sidebar-layout":"default","site-content-layout":"","ast-site-content-layout":"","site-content-style":"default","site-sidebar-style":"default","ast-global-header-display":"","ast-banner-title-visibility":"","ast-main-header-display":"","ast-hfb-above-header-display":"","ast-hfb-below-header-display":"","ast-hfb-mobile-header-display":"","site-post-title":"","ast-breadcrumbs-content":"","ast-featured-img":"","footer-sml-layout":"","theme-transparent-header-meta":"","adv-header-id-meta":"","stick-header-meta":"","header-above-stick-meta":"","header-main-stick-meta":"","header-below-stick-meta":"","astra-migrate-meta-layouts":"default","ast-page-background-enabled":"default","ast-page-background-meta":{"desktop":{"background-color":"var(--ast-global-color-4)","background-image":"","background-repeat":"repeat","background-position":"center center","background-size":"auto","background-attachment":"scroll","background-type":"","background-media":"","overlay-type":"","overlay-color":"","overlay-opacity":"","overlay-gradient":""},"tablet":{"background-color":"","background-image":"","background-repeat":"repeat","background-position":"center center","background-size":"auto","background-attachment":"scroll","background-type":"","background-media":"","overlay-type":"","overlay-color":"","overlay-opacity":"","overlay-gradient":""},"mobile":{"background-color":"","background-image":"","background-repeat":"repeat","background-position":"center center","background-size":"auto","background-attachment":"scroll","background-type":"","background-media":"","overlay-type":"","overlay-color":"","overlay-opacity":"","overlay-gradient":""}},"ast-content-background-meta":{"desktop":{"background-color":"var(--ast-global-color-5)","background-image":"","background-repeat":"repeat","background-position":"center center","background-size":"auto","background-attachment":"scroll","background-type":"","background-media":"","overlay-type":"","overlay-color":"","overlay-opacity":"","overlay-gradient":""},"tablet":{"background-color":"var(--ast-global-color-5)","background-image":"","background-repeat":"repeat","background-position":"center center","background-size":"auto","background-attachment":"scroll","background-type":"","background-media":"","overlay-type":"","overlay-color":"","overlay-opacity":"","overlay-gradient":""},"mobile":{"background-color":"var(--ast-global-color-5)","background-image":"","background-repeat":"repeat","background-position":"center center","background-size":"auto","background-attachment":"scroll","background-type":"","background-media":"","overlay-type":"","overlay-color":"","overlay-opacity":"","overlay-gradient":""}},"footnotes":""},"categories":[162],"tags":[322,100,350],"class_list":["post-7928","post","type-post","status-publish","format-standard","has-post-thumbnail","hentry","category-mlva","tag-curs-2017-18","tag-lectura","tag-mlva"],"post_mailing_queue_ids":[],"_links":{"self":[{"href":"https:\/\/serveiseducatius.xtec.cat\/baixcamp\/wp-json\/wp\/v2\/posts\/7928","targetHints":{"allow":["GET"]}}],"collection":[{"href":"https:\/\/serveiseducatius.xtec.cat\/baixcamp\/wp-json\/wp\/v2\/posts"}],"about":[{"href":"https:\/\/serveiseducatius.xtec.cat\/baixcamp\/wp-json\/wp\/v2\/types\/post"}],"author":[{"embeddable":true,"href":"https:\/\/serveiseducatius.xtec.cat\/baixcamp\/wp-json\/wp\/v2\/users\/1"}],"replies":[{"embeddable":true,"href":"https:\/\/serveiseducatius.xtec.cat\/baixcamp\/wp-json\/wp\/v2\/comments?post=7928"}],"version-history":[{"count":3,"href":"https:\/\/serveiseducatius.xtec.cat\/baixcamp\/wp-json\/wp\/v2\/posts\/7928\/revisions"}],"predecessor-version":[{"id":8763,"href":"https:\/\/serveiseducatius.xtec.cat\/baixcamp\/wp-json\/wp\/v2\/posts\/7928\/revisions\/8763"}],"wp:featuredmedia":[{"embeddable":true,"href":"https:\/\/serveiseducatius.xtec.cat\/baixcamp\/wp-json\/wp\/v2\/media\/7985"}],"wp:attachment":[{"href":"https:\/\/serveiseducatius.xtec.cat\/baixcamp\/wp-json\/wp\/v2\/media?parent=7928"}],"wp:term":[{"taxonomy":"category","embeddable":true,"href":"https:\/\/serveiseducatius.xtec.cat\/baixcamp\/wp-json\/wp\/v2\/categories?post=7928"},{"taxonomy":"post_tag","embeddable":true,"href":"https:\/\/serveiseducatius.xtec.cat\/baixcamp\/wp-json\/wp\/v2\/tags?post=7928"}],"curies":[{"name":"wp","href":"https:\/\/api.w.org\/{rel}","templated":true}]}}