{"id":7680,"date":"2018-02-25T11:08:23","date_gmt":"2018-02-25T10:08:23","guid":{"rendered":"http:\/\/serveiseducatius.xtec.cat\/baixcamp\/?p=7680"},"modified":"2018-09-29T11:02:18","modified_gmt":"2018-09-29T09:02:18","slug":"conferencia-de-marius-serra","status":"publish","type":"post","link":"https:\/\/serveiseducatius.xtec.cat\/baixcamp\/formacio\/conferencia-de-marius-serra\/","title":{"rendered":"Paraules per a aules &#8211; Confer\u00e8ncia de M\u00e0rius Serra"},"content":{"rendered":"<p><img loading=\"lazy\" decoding=\"async\" class=\"alignleft size-full wp-image-7708\" src=\"http:\/\/serveiseducatius.xtec.cat\/baixcamp\/wp-content\/uploads\/usu950\/2018\/02\/jaume-serra.jpg\" alt=\"\" width=\"400\" height=\"549\" srcset=\"https:\/\/serveiseducatius.xtec.cat\/baixcamp\/wp-content\/uploads\/usu950\/2018\/02\/jaume-serra.jpg 400w, https:\/\/serveiseducatius.xtec.cat\/baixcamp\/wp-content\/uploads\/usu950\/2018\/02\/jaume-serra-219x300.jpg 219w\" sizes=\"auto, (max-width: 400px) 100vw, 400px\" \/><\/p>\n<p>&nbsp;<\/p>\n<p>Aquest pr\u00f2xim <strong>dijous<\/strong>, <strong>1 de mar\u00e7 <\/strong>a les<strong> 19.30 h<\/strong>, tindr\u00e0 lloc la confer\u00e8ncia:<\/p>\n<div>\n<p><span style=\"color: #a41159;\"><strong><em>Paraules per a aules<\/em>, <\/strong>a c\u00e0rrec d<strong>e M\u00e0rius Serra<\/strong><\/span><\/p>\n<p>Sala d&#8217;actes de la Fundaci\u00f3 Reddis<br \/>\n<a href=\"http:\/\/maps.google.es\/maps?q=fundacio+privada+reddis&amp;hl=ca&amp;ll=41.15856,1.105671&amp;spn=0.009128,0.01929&amp;sll=40.396764,-3.713379&amp;sspn=9.450455,19.753418&amp;vpsrc=6&amp;hq=fundacio+privada+reddis&amp;t=m&amp;z=16\" target=\"_blank\" rel=\"noopener noreferrer\">Llibertat 6, entl. 43201 Reus<\/a><\/p>\n<\/div>\n<p>Aquesta activitat est\u00e0 inclosa en el Pla de Formaci\u00f3 de Zona dins el cicle:<\/p>\n<p><strong>7020021702 Educar avui<\/strong>. Cicle de confer\u00e8ncies. Internivells: Educaci\u00f3 infantil &#8211; Prim\u00e0ria &#8211; Secund\u00e0ria<\/p>\n<p>La inscripci\u00f3 \u00e9s pot fer des d&#8217;<a href=\"https:\/\/aplicacions.gestioeducativa.gencat.cat\/pls\/soloas\/pk_for_mod_ins.p_for_detall_activitat?p_codi=7020021702&amp;p_curs=2017-2018&amp;p_es_inscr=S\" target=\"_blank\" rel=\"noopener noreferrer\">aquest enlla\u00e7<\/a>.<\/p>\n","protected":false},"excerpt":{"rendered":"<p>Dijous 1 de mar\u00e7 &#8211; Cicle de confer\u00e8ncies per a docents &#8211; PFZ Baix Camp, amb col\u00b7laboraci\u00f3 Fundaci\u00f3 Privada Reddis<\/p>\n","protected":false},"author":1,"featured_media":7707,"comment_status":"open","ping_status":"closed","sticky":false,"template":"","format":"standard","meta":{"_bbp_topic_count":0,"_bbp_reply_count":0,"_bbp_total_topic_count":0,"_bbp_total_reply_count":0,"_bbp_voice_count":0,"_bbp_anonymous_reply_count":0,"_bbp_topic_count_hidden":0,"_bbp_reply_count_hidden":0,"_bbp_forum_subforum_count":0,"site-sidebar-layout":"default","site-content-layout":"","ast-site-content-layout":"","site-content-style":"default","site-sidebar-style":"default","ast-global-header-display":"","ast-banner-title-visibility":"","ast-main-header-display":"","ast-hfb-above-header-display":"","ast-hfb-below-header-display":"","ast-hfb-mobile-header-display":"","site-post-title":"","ast-breadcrumbs-content":"","ast-featured-img":"","footer-sml-layout":"","theme-transparent-header-meta":"","adv-header-id-meta":"","stick-header-meta":"","header-above-stick-meta":"","header-main-stick-meta":"","header-below-stick-meta":"","astra-migrate-meta-layouts":"default","ast-page-background-enabled":"default","ast-page-background-meta":{"desktop":{"background-color":"var(--ast-global-color-4)","background-image":"","background-repeat":"repeat","background-position":"center center","background-size":"auto","background-attachment":"scroll","background-type":"","background-media":"","overlay-type":"","overlay-color":"","overlay-opacity":"","overlay-gradient":""},"tablet":{"background-color":"","background-image":"","background-repeat":"repeat","background-position":"center center","background-size":"auto","background-attachment":"scroll","background-type":"","background-media":"","overlay-type":"","overlay-color":"","overlay-opacity":"","overlay-gradient":""},"mobile":{"background-color":"","background-image":"","background-repeat":"repeat","background-position":"center center","background-size":"auto","background-attachment":"scroll","background-type":"","background-media":"","overlay-type":"","overlay-color":"","overlay-opacity":"","overlay-gradient":""}},"ast-content-background-meta":{"desktop":{"background-color":"var(--ast-global-color-5)","background-image":"","background-repeat":"repeat","background-position":"center center","background-size":"auto","background-attachment":"scroll","background-type":"","background-media":"","overlay-type":"","overlay-color":"","overlay-opacity":"","overlay-gradient":""},"tablet":{"background-color":"var(--ast-global-color-5)","background-image":"","background-repeat":"repeat","background-position":"center center","background-size":"auto","background-attachment":"scroll","background-type":"","background-media":"","overlay-type":"","overlay-color":"","overlay-opacity":"","overlay-gradient":""},"mobile":{"background-color":"var(--ast-global-color-5)","background-image":"","background-repeat":"repeat","background-position":"center center","background-size":"auto","background-attachment":"scroll","background-type":"","background-media":"","overlay-type":"","overlay-color":"","overlay-opacity":"","overlay-gradient":""}},"footnotes":""},"categories":[221],"tags":[322,210],"class_list":["post-7680","post","type-post","status-publish","format-standard","has-post-thumbnail","hentry","category-formacio","tag-curs-2017-18","tag-pfz"],"post_mailing_queue_ids":[],"_links":{"self":[{"href":"https:\/\/serveiseducatius.xtec.cat\/baixcamp\/wp-json\/wp\/v2\/posts\/7680","targetHints":{"allow":["GET"]}}],"collection":[{"href":"https:\/\/serveiseducatius.xtec.cat\/baixcamp\/wp-json\/wp\/v2\/posts"}],"about":[{"href":"https:\/\/serveiseducatius.xtec.cat\/baixcamp\/wp-json\/wp\/v2\/types\/post"}],"author":[{"embeddable":true,"href":"https:\/\/serveiseducatius.xtec.cat\/baixcamp\/wp-json\/wp\/v2\/users\/1"}],"replies":[{"embeddable":true,"href":"https:\/\/serveiseducatius.xtec.cat\/baixcamp\/wp-json\/wp\/v2\/comments?post=7680"}],"version-history":[{"count":3,"href":"https:\/\/serveiseducatius.xtec.cat\/baixcamp\/wp-json\/wp\/v2\/posts\/7680\/revisions"}],"predecessor-version":[{"id":7709,"href":"https:\/\/serveiseducatius.xtec.cat\/baixcamp\/wp-json\/wp\/v2\/posts\/7680\/revisions\/7709"}],"wp:featuredmedia":[{"embeddable":true,"href":"https:\/\/serveiseducatius.xtec.cat\/baixcamp\/wp-json\/wp\/v2\/media\/7707"}],"wp:attachment":[{"href":"https:\/\/serveiseducatius.xtec.cat\/baixcamp\/wp-json\/wp\/v2\/media?parent=7680"}],"wp:term":[{"taxonomy":"category","embeddable":true,"href":"https:\/\/serveiseducatius.xtec.cat\/baixcamp\/wp-json\/wp\/v2\/categories?post=7680"},{"taxonomy":"post_tag","embeddable":true,"href":"https:\/\/serveiseducatius.xtec.cat\/baixcamp\/wp-json\/wp\/v2\/tags?post=7680"}],"curies":[{"name":"wp","href":"https:\/\/api.w.org\/{rel}","templated":true}]}}