{"id":7331,"date":"2017-12-18T13:37:12","date_gmt":"2017-12-18T12:37:12","guid":{"rendered":"http:\/\/serveiseducatius.xtec.cat\/baixcamp\/?p=7331"},"modified":"2018-09-29T10:59:35","modified_gmt":"2018-09-29T08:59:35","slug":"formacions-pfz-2n-quadrimestre","status":"publish","type":"post","link":"https:\/\/serveiseducatius.xtec.cat\/baixcamp\/formacio\/formacions-pfz-2n-quadrimestre\/","title":{"rendered":"Formacions PFZ 2n quadrimestre"},"content":{"rendered":"<p><img loading=\"lazy\" decoding=\"async\" class=\"alignleft wp-image-6441\" src=\"http:\/\/serveiseducatius.xtec.cat\/baixcamp\/wp-content\/uploads\/usu950\/2017\/09\/pfz-17-18-3.jpg\" alt=\"\" width=\"125\" height=\"98\" \/>Aquesta \u00e9s l&#8217;oferta formativa del 2n quadrimestre PFZ 2017-18.<\/p>\n<p><strong>El CRP enviar\u00e0 un correu als assistents la setmana anterior a la data d&#8217;inici de\u00a0cada activitat formativa\u00a0especificant la data i el lloc de la 1a sessi\u00f3.<\/strong><\/p>\n<table>\n<tbody>\n<tr style=\"height: 33px;\">\n<td style=\"height: 33px; background-color: #a41159;\"><span style=\"color: #ffffff;\"><strong>Codi<\/strong><\/span><\/td>\n<td style=\"height: 33px; background-color: #a41159;\"><span style=\"color: #ffffff;\"><strong>Activitat<\/strong><\/span><\/td>\n<\/tr>\n<tr style=\"height: 33px;\">\n<td style=\"height: 33px;\">7020041702<\/p>\n<p><em><span style=\"color: #993366;\">Obert<\/span><\/em><\/td>\n<td style=\"height: 33px;\">\n<h6><a href=\"https:\/\/aplicacions.gestioeducativa.gencat.cat\/pls\/soloas\/pk_for_mod_ins.p_for_detall_activitat?p_codi=7020041702&amp;p_curs=2017-2018&amp;p_es_inscr=S\">V Fira Tastet de Ci\u00e8ncia<\/a><\/h6>\n<p><span style=\"font-family: arial, helvetica, geneva; font-size: small;\">Trobada pedag\u00f2gica. Fira Centre Comercial (Reus). 14\/4\/2018 (5 hores)\u00a0de 16:00h a 20:00h<\/span><\/td>\n<\/tr>\n<tr style=\"height: 33px;\">\n<td style=\"height: 33px;\">7020211702<\/p>\n<p><span style=\"color: #993366;\"><em>Obert<\/em><\/span><\/td>\n<td style=\"height: 33px;\">\n<h6><a href=\"https:\/\/aplicacions.gestioeducativa.gencat.cat\/pls\/soloas\/pk_for_mod_ins.p_for_detall_activitat?p_codi=7020211702&amp;p_curs=2017-2018&amp;p_es_inscr=S\">Publicaci\u00f3 i participaci\u00f3 V Fira Tastet de Ci\u00e8ncia<\/a><\/h6>\n<p>Curs semipresencial. Del <span style=\"font-family: arial, helvetica, geneva; font-size: small;\">23\/02\/2018 &#8211; 30\/4\/2018 (15 hores)<\/span><\/td>\n<\/tr>\n<tr style=\"height: 33px;\">\n<td style=\"height: 33px;\">7020791702<\/p>\n<p><span style=\"color: #993366;\"><em>Obert<\/em><\/span><\/td>\n<td style=\"height: 33px;\">\n<h6><a href=\"https:\/\/aplicacions.gestioeducativa.gencat.cat\/pls\/soloas\/pk_for_mod_ins.p_for_detall_activitat?p_codi=7020791702&amp;p_curs=2017-2018&amp;p_es_inscr=S\">Ci\u00e8ncia en acci\u00f3!<\/a><\/h6>\n<p>Taller.\u00a0CRP del Baix Camp (Reus). Del 20\/2\/2018 al 22\/3\/2018 de 17:30h a 20:30h (15hores)<\/td>\n<\/tr>\n<tr style=\"height: 33px;\">\n<td style=\"height: 33px;\"><span style=\"color: #000000;\">7020541702<\/span><\/p>\n<p><span style=\"color: #993366;\"><em>Obert<\/em><\/span><\/td>\n<td style=\"height: 33px;\">\n<h6><a href=\"https:\/\/aplicacions.gestioeducativa.gencat.cat\/pls\/soloas\/pk_for_mod_ins.p_for_detall_activitat?p_codi=7020541702&amp;p_curs=2017-2018&amp;p_es_inscr=S\">Avaluaci\u00f3 competencial de l&#8217;alumnat a l&#8217;Educaci\u00f3 Prim\u00e0ria<\/a><\/h6>\n<p>Taller. CRP del Baix Camp (Reus). Del 19\/2\/2018 al 7\/5\/2018 de 17:30h a 20:00h (15 hores)<\/td>\n<\/tr>\n<tr style=\"height: 33px;\">\n<td style=\"height: 33px;\"><span style=\"color: #000000;\">7020551702<\/span><\/p>\n<p><span style=\"color: #993366;\"><em>Obert<\/em><\/span><\/td>\n<td style=\"height: 33px;\">\n<h6><a href=\"https:\/\/aplicacions.gestioeducativa.gencat.cat\/pls\/soloas\/pk_for_mod_ins.p_for_detall_activitat?p_codi=7020551702&amp;p_curs=2017-2018&amp;p_es_inscr=S\">Canviant la mirada<\/a><\/h6>\n<p>Taller. CRP del Baix Camp (Reus). Del 25\/4\/2018 al 23\/5\/2018 de 17:30h a 20:00h (15 hores)<\/td>\n<\/tr>\n<tr style=\"height: 33px;\">\n<td style=\"height: 33px;\">7020260529<\/p>\n<p><em><span style=\"color: #333333;\">Tancat<\/span><\/em><\/td>\n<td style=\"height: 33px;\">\n<h6><a href=\"https:\/\/aplicacions.gestioeducativa.gencat.cat\/pls\/soloas\/pk_for_mod_ins.p_for_detall_activitat?p_codi=7020260529&amp;p_curs=2017-2018&amp;p_es_inscr=S\">Compet\u00e8ncia Digital Docent: Curs Iniciaci\u00f3<\/a><\/h6>\n<p>Curs semipresencial. CRP del Baix Camp (Reus). Del dijous 25\/1\/2018 al 15\/3\/2018 de 17:30h a 20:00h<\/td>\n<\/tr>\n<tr style=\"height: 33px;\">\n<td style=\"height: 33px;\">7020230500<\/p>\n<p><span style=\"color: #993366;\"><em>Obert<\/em><\/span><\/td>\n<td style=\"height: 33px;\">\n<h6><a href=\"https:\/\/aplicacions.gestioeducativa.gencat.cat\/pls\/soloas\/pk_for_mod_ins.p_for_detall_activitat?p_codi=7020230500&amp;p_curs=2017-2018&amp;p_es_inscr=S\">Ara matem\u00e0tiques. Saber-ne m\u00e9s per ensenyar millor (M\u00f2dul 3)<\/a><\/h6>\n<p>Del 7\/3\/2018 al 2\/5\/2018 (30 hores) de 17:30h a 20:00h (30h)<span style=\"font-family: arial, helvetica, geneva; font-size: small;\"><br \/>\n<\/span><\/td>\n<\/tr>\n<tr style=\"height: 33px;\">\n<td style=\"height: 33px;\">7020421702<\/p>\n<p><em><span style=\"color: #333333;\">Tancat<\/span><\/em><\/td>\n<td style=\"height: 33px;\">\n<h6><a href=\"https:\/\/aplicacions.gestioeducativa.gencat.cat\/pls\/soloas\/pk_for_mod_ins.p_for_detall_activitat?p_codi=7020421702&amp;p_curs=2017-2018&amp;p_es_inscr=S\">Fem coral<\/a><\/h6>\n<p>Taller. ED del Centre de Lectura de Reus (Reus). Del dilluns 15\/1\/2018 al 30\/6\/2018<\/td>\n<\/tr>\n<tr style=\"height: 33px;\">\n<td style=\"height: 33px;\">7020521702<\/p>\n<p><span style=\"color: #993366;\"><em>Obert<\/em><\/span><\/td>\n<td style=\"height: 33px;\">\n<h6><a href=\"https:\/\/aplicacions.gestioeducativa.gencat.cat\/pls\/soloas\/pk_for_mod_ins.p_for_detall_activitat?p_codi=7020521702&amp;p_curs=2017-2018&amp;p_es_inscr=S\">Connectats al n\u00favol<\/a><\/h6>\n<p>Taller. CRP del Baix Camp (Reus). Del dimarts 6\/2\/2018 al 3\/4\/2018 de 17:30h a 20:00h<\/td>\n<\/tr>\n<tr style=\"height: 33px;\">\n<td style=\"height: 33px;\">7020621702<\/p>\n<p><span style=\"color: #333333;\"><em>Tancat<\/em><\/span><\/td>\n<td style=\"height: 33px;\">\n<h6><a href=\"https:\/\/aplicacions.gestioeducativa.gencat.cat\/pls\/soloas\/pk_for_mod_ins.p_for_detall_activitat?p_codi=7020621702&amp;p_curs=2017-2018&amp;p_es_inscr=S\">Matem\u00e0tiques manipulatives<\/a><\/h6>\n<p>Taller. CRP del Baix Camp (Reus). Del dilluns 22\/1\/2018 al 5\/3\/2018 de 17:30h a 20:00h<\/td>\n<\/tr>\n<tr style=\"height: 33px;\">\n<td style=\"height: 33px;\">7020751702<\/p>\n<p><span style=\"color: #333333;\"><em>Tancat<\/em><\/span><\/td>\n<td style=\"height: 33px;\">\n<h6><a href=\"https:\/\/aplicacions.gestioeducativa.gencat.cat\/pls\/soloas\/pk_for_mod_ins.p_for_detall_activitat?p_codi=7020751702&amp;p_curs=2017-2018&amp;p_es_inscr=S\">Nous temps per a l&#8217;ensenyament<\/a><\/h6>\n<p>Taller. CRP del Baix Camp (Reus). Del dimecres 24\/1\/2018 al 21\/2\/2018 de 17:00h a 19:00h<\/td>\n<\/tr>\n<\/tbody>\n<\/table>\n<p><a href=\"https:\/\/aplicacions.gestioeducativa.gencat.cat\/pls\/soloas\/pk_for_mod_ins.p_for_detall_activitat?p_codi=7020230500&amp;p_curs=2017-2018&amp;p_es_inscr=S\" target=\"_blank\" rel=\"noopener noreferrer\">\u00a0\u00a0 <\/a><br \/>\n<span style=\"font-family: arial, helvetica, geneva; font-size: small;\"><br \/>\n<\/span><\/p>\n","protected":false},"excerpt":{"rendered":"<p>Aquesta \u00e9s l&#8217;oferta formativa del 2n quadrimestre PFZ 2017-18. Sol\u00b7licituds d&#8217;inscripci\u00f3 del 9 al 19 de gener de 2018<\/p>\n","protected":false},"author":1,"featured_media":6441,"comment_status":"open","ping_status":"closed","sticky":false,"template":"","format":"standard","meta":{"_bbp_topic_count":0,"_bbp_reply_count":0,"_bbp_total_topic_count":0,"_bbp_total_reply_count":0,"_bbp_voice_count":0,"_bbp_anonymous_reply_count":0,"_bbp_topic_count_hidden":0,"_bbp_reply_count_hidden":0,"_bbp_forum_subforum_count":0,"site-sidebar-layout":"default","site-content-layout":"","ast-site-content-layout":"","site-content-style":"default","site-sidebar-style":"default","ast-global-header-display":"","ast-banner-title-visibility":"","ast-main-header-display":"","ast-hfb-above-header-display":"","ast-hfb-below-header-display":"","ast-hfb-mobile-header-display":"","site-post-title":"","ast-breadcrumbs-content":"","ast-featured-img":"","footer-sml-layout":"","theme-transparent-header-meta":"","adv-header-id-meta":"","stick-header-meta":"","header-above-stick-meta":"","header-main-stick-meta":"","header-below-stick-meta":"","astra-migrate-meta-layouts":"default","ast-page-background-enabled":"default","ast-page-background-meta":{"desktop":{"background-color":"var(--ast-global-color-4)","background-image":"","background-repeat":"repeat","background-position":"center center","background-size":"auto","background-attachment":"scroll","background-type":"","background-media":"","overlay-type":"","overlay-color":"","overlay-opacity":"","overlay-gradient":""},"tablet":{"background-color":"","background-image":"","background-repeat":"repeat","background-position":"center center","background-size":"auto","background-attachment":"scroll","background-type":"","background-media":"","overlay-type":"","overlay-color":"","overlay-opacity":"","overlay-gradient":""},"mobile":{"background-color":"","background-image":"","background-repeat":"repeat","background-position":"center center","background-size":"auto","background-attachment":"scroll","background-type":"","background-media":"","overlay-type":"","overlay-color":"","overlay-opacity":"","overlay-gradient":""}},"ast-content-background-meta":{"desktop":{"background-color":"var(--ast-global-color-5)","background-image":"","background-repeat":"repeat","background-position":"center center","background-size":"auto","background-attachment":"scroll","background-type":"","background-media":"","overlay-type":"","overlay-color":"","overlay-opacity":"","overlay-gradient":""},"tablet":{"background-color":"var(--ast-global-color-5)","background-image":"","background-repeat":"repeat","background-position":"center center","background-size":"auto","background-attachment":"scroll","background-type":"","background-media":"","overlay-type":"","overlay-color":"","overlay-opacity":"","overlay-gradient":""},"mobile":{"background-color":"var(--ast-global-color-5)","background-image":"","background-repeat":"repeat","background-position":"center center","background-size":"auto","background-attachment":"scroll","background-type":"","background-media":"","overlay-type":"","overlay-color":"","overlay-opacity":"","overlay-gradient":""}},"footnotes":""},"categories":[221],"tags":[322,210],"class_list":["post-7331","post","type-post","status-publish","format-standard","has-post-thumbnail","hentry","category-formacio","tag-curs-2017-18","tag-pfz"],"post_mailing_queue_ids":[],"_links":{"self":[{"href":"https:\/\/serveiseducatius.xtec.cat\/baixcamp\/wp-json\/wp\/v2\/posts\/7331","targetHints":{"allow":["GET"]}}],"collection":[{"href":"https:\/\/serveiseducatius.xtec.cat\/baixcamp\/wp-json\/wp\/v2\/posts"}],"about":[{"href":"https:\/\/serveiseducatius.xtec.cat\/baixcamp\/wp-json\/wp\/v2\/types\/post"}],"author":[{"embeddable":true,"href":"https:\/\/serveiseducatius.xtec.cat\/baixcamp\/wp-json\/wp\/v2\/users\/1"}],"replies":[{"embeddable":true,"href":"https:\/\/serveiseducatius.xtec.cat\/baixcamp\/wp-json\/wp\/v2\/comments?post=7331"}],"version-history":[{"count":4,"href":"https:\/\/serveiseducatius.xtec.cat\/baixcamp\/wp-json\/wp\/v2\/posts\/7331\/revisions"}],"predecessor-version":[{"id":7700,"href":"https:\/\/serveiseducatius.xtec.cat\/baixcamp\/wp-json\/wp\/v2\/posts\/7331\/revisions\/7700"}],"wp:featuredmedia":[{"embeddable":true,"href":"https:\/\/serveiseducatius.xtec.cat\/baixcamp\/wp-json\/wp\/v2\/media\/6441"}],"wp:attachment":[{"href":"https:\/\/serveiseducatius.xtec.cat\/baixcamp\/wp-json\/wp\/v2\/media?parent=7331"}],"wp:term":[{"taxonomy":"category","embeddable":true,"href":"https:\/\/serveiseducatius.xtec.cat\/baixcamp\/wp-json\/wp\/v2\/categories?post=7331"},{"taxonomy":"post_tag","embeddable":true,"href":"https:\/\/serveiseducatius.xtec.cat\/baixcamp\/wp-json\/wp\/v2\/tags?post=7331"}],"curies":[{"name":"wp","href":"https:\/\/api.w.org\/{rel}","templated":true}]}}