{"id":5967,"date":"2017-06-26T11:51:40","date_gmt":"2017-06-26T09:51:40","guid":{"rendered":"http:\/\/serveiseducatius.xtec.cat\/baixcamp\/?p=5967"},"modified":"2017-06-26T12:11:25","modified_gmt":"2017-06-26T10:11:25","slug":"la-densitat-dels-liquids","status":"publish","type":"post","link":"https:\/\/serveiseducatius.xtec.cat\/baixcamp\/tastet\/la-densitat-dels-liquids\/","title":{"rendered":"La densitat dels l\u00edquids"},"content":{"rendered":"<table style=\"border-color: #ffffff; width: 1016px;\">\n<tbody>\n<tr>\n<td style=\"border-color: #ffffff; width: 255px;\"><a href=\"http:\/\/serveiseducatius.xtec.cat\/baixcamp\/portada\/iv-fira-tastet-de-ciencia\/\" target=\"_blank\"><img loading=\"lazy\" decoding=\"async\" class=\"alignleft wp-image-5517\" src=\"http:\/\/serveiseducatius.xtec.cat\/baixcamp\/wp-content\/uploads\/usu950\/2016\/11\/cartell-IV-Fira-Tastet-Ci\u00e8ncia-Reus.jpg\" alt=\"cartell-IV-Fira-Tastet-Ci\u00e8ncia-Reus\" width=\"222\" height=\"314\" srcset=\"https:\/\/serveiseducatius.xtec.cat\/baixcamp\/wp-content\/uploads\/usu950\/2016\/11\/cartell-IV-Fira-Tastet-Ci\u00e8ncia-Reus.jpg 500w, https:\/\/serveiseducatius.xtec.cat\/baixcamp\/wp-content\/uploads\/usu950\/2016\/11\/cartell-IV-Fira-Tastet-Ci\u00e8ncia-Reus-212x300.jpg 212w\" sizes=\"auto, (max-width: 222px) 100vw, 222px\" \/><\/a><\/td>\n<td style=\"border-color: #ffffff; width: 425px;\"><img loading=\"lazy\" decoding=\"async\" class=\"size-full wp-image-6197 aligncenter\" src=\"http:\/\/serveiseducatius.xtec.cat\/baixcamp\/wp-content\/uploads\/usu950\/2017\/06\/la-densitat-dels-liquids.jpg\" alt=\"la-densitat-dels-liquids\" width=\"400\" height=\"235\" srcset=\"https:\/\/serveiseducatius.xtec.cat\/baixcamp\/wp-content\/uploads\/usu950\/2017\/06\/la-densitat-dels-liquids.jpg 400w, https:\/\/serveiseducatius.xtec.cat\/baixcamp\/wp-content\/uploads\/usu950\/2017\/06\/la-densitat-dels-liquids-300x176.jpg 300w\" sizes=\"auto, (max-width: 400px) 100vw, 400px\" \/><\/p>\n<p style=\"text-align: center;\">Presentaci\u00f3 <a href=\"http:\/\/serveiseducatius.xtec.cat\/baixcamp\/wp-content\/uploads\/usu950\/2017\/06\/la-densitat-dels-l\u00edquids.pptx\" target=\"_blank\"><strong>La densitat dels l\u00edquids<\/strong><\/a><\/p>\n<\/td>\n<td style=\"border-color: #ffffff; width: 325px;\">\n<h6><strong>Nivell educatiu<\/strong><\/h6>\n<p>Educaci\u00f3 Prim\u00e0ria. Cicle Inicial. Segon.<\/p>\n<h6><strong>Centre<\/strong><\/h6>\n<p>Escola Teresa Miquel i P\u00e0mies &#8211; Reus<\/p>\n<h6><strong>Docent responsable<\/strong><\/h6>\n<p>Vanessa G\u00f3mez \u00c0guila<\/p>\n<h6><strong>Altres docents implicats<\/strong><\/h6>\n<p>M. Llu\u00efsa Angl\u00e8s Vallverd\u00fa<\/td>\n<\/tr>\n<\/tbody>\n<\/table>\n<h6><strong>Compet\u00e8ncies b\u00e0siques<\/strong><\/h6>\n<p>Compet\u00e8ncia comunicativa ling\u00fc\u00edstica i audiovisual<br \/>\nCompet\u00e8ncia en el coneixement i la interacci\u00f3 amb el m\u00f3n f\u00edsic<br \/>\nCompet\u00e8ncia art\u00edstica i cultural<br \/>\nCompet\u00e8ncia digital<br \/>\nCompet\u00e8ncia d\u2019aprendre a aprendre<br \/>\nCompet\u00e8ncia d\u2019autonomia, iniciativa personal i emprenedoria<\/p>\n<h6><strong>\u00c0mbits, dimensions i continguts<\/strong><\/h6>\n<table>\n<tbody>\n<tr style=\"height: 33px;\">\n<td style=\"height: 33px; background-color: #763333;\"><span style=\"color: #ffffff;\"><strong>\u00c0mbit<\/strong><\/span><\/td>\n<td style=\"height: 33px; background-color: #763333;\"><span style=\"color: #ffffff;\"><strong>Dimensi\u00f3<\/strong><\/span><\/td>\n<td style=\"height: 33px; background-color: #763333;\"><span style=\"color: #ffffff;\"><strong>Compet\u00e8ncies<\/strong><\/span><\/td>\n<td style=\"height: 33px; background-color: #763333;\"><span style=\"color: #ffffff;\"><strong>Continguts<\/strong><\/span><\/td>\n<\/tr>\n<tr style=\"height: 33px;\">\n<td style=\"height: 33px;\" rowspan=\"3\"><strong>Ling\u00fc\u00edstic<\/strong><\/td>\n<td style=\"height: 33px;\">Comunicaci\u00f3 oral<\/td>\n<td style=\"height: 33px;\">\n<ul>\n<li>Produir textos orals de tipologia diversa adequats a la situaci\u00f3 comunicativa.<\/li>\n<\/ul>\n<ul>\n<li>Interactuar oralment d\u2019acord amb la situaci\u00f3 comunicativa utilitzant estrat\u00e8gies conversacionals.<\/li>\n<\/ul>\n<\/td>\n<td style=\"height: 33px;\">\n<ul>\n<li>Reproducci\u00f3 de textos orals memoritzats (guions).<\/li>\n<li>Producci\u00f3 de textos propis (exposicions, explicacions) amb diferents suports, si s\u2019escau, com les eines TAC.<\/li>\n<li>Entonaci\u00f3, pron\u00fancia, to de veu i gest : adequats a la situaci\u00f3 comunicativa.<\/li>\n<li>Estrat\u00e8gies per a la producci\u00f3 oral.<\/li>\n<\/ul>\n<\/td>\n<\/tr>\n<tr style=\"height: 33px;\">\n<td style=\"height: 33px;\">Comprensi\u00f3 lectora<\/td>\n<td style=\"height: 33px;\">\n<ul>\n<li>Llegir amb flu\u00efdesa per comprendre textos escolars en diferents formats i suports.<\/li>\n<\/ul>\n<\/td>\n<td style=\"height: 33px;\">\n<ul>\n<li>Comprensi\u00f3 de textos escrits en diferents formats i de tipologia diversa : text instructiu.<\/li>\n<li>Utilitzaci\u00f3 de textos escrits i audiovisuals com a font d\u2019informaci\u00f3 i aprenentatge i com a mitj\u00e0 de comunicaci\u00f3.<\/li>\n<\/ul>\n<\/td>\n<\/tr>\n<tr style=\"height: 33px;\">\n<td style=\"height: 33px;\">Expressi\u00f3 escrita<\/td>\n<td style=\"height: 33px;\">\n<ul>\n<li>Planificar l\u2019escrit d\u2019acord amb la situaci\u00f3 comunicativa i el destinatari.<\/li>\n<li>Produir textos de tipologies diverses amb un l\u00e8xic i estructura que s\u2019adeq\u00fcin al tipus de text, a les intencions i al destinatari.<\/li>\n<li>Revisar el text per millorar-lo i tenir cura de la seva presentaci\u00f3 formal en funci\u00f3 de la situaci\u00f3 comunicativa.<\/li>\n<\/ul>\n<\/td>\n<td style=\"height: 33px;\">\n<ul>\n<li>Estrat\u00e8gies per a la producci\u00f3 de textos escrits : planificar, escriure i revisar.<\/li>\n<li>Producci\u00f3 de textos de tipologia diversa en diferents formats i suports.<\/li>\n<\/ul>\n<\/td>\n<\/tr>\n<tr style=\"height: 33px;\">\n<td style=\"height: 33px;\" rowspan=\"2\"><strong>Matem\u00e0tiques<\/strong><\/td>\n<td style=\"height: 33px;\">Connexions<\/td>\n<td style=\"height: 33px;\" colspan=\"2\">\n<ul>\n<li>Establir relacions entre diferents conceptes, aix\u00ed com entre els diversos significats d\u2019un mateix concepte.<\/li>\n<li>Identificar les matem\u00e0tiques implicades en situacions quotidianes i escolars i cercar situacions que es puguin relacionar amb idees matem\u00e0tiques concretes.<\/li>\n<\/ul>\n<\/td>\n<\/tr>\n<tr style=\"height: 33px;\">\n<td style=\"height: 33px;\">Comunicaci\u00f3 i representaci\u00f3<\/td>\n<td style=\"height: 33px;\">\n<ul>\n<li>Usar les diverses representacions dels conceptes i relacions per expressar matem\u00e0ticament una situaci\u00f3.<\/li>\n<\/ul>\n<\/td>\n<td style=\"height: 33px;\">\n<ul>\n<li>Espai i forma. Localitzaci\u00f3 i descripci\u00f3 de relacions espacials:<\/li>\n<li>\u00das del vocabulari b\u00e0sic (a prop, lluny, sobre, sota, darrere, davant, entre) i de recursos digitals<\/li>\n<\/ul>\n<\/td>\n<\/tr>\n<tr style=\"height: 33px;\">\n<td style=\"height: 33px;\" rowspan=\"2\"><strong>Coneixement del medi<\/strong><\/td>\n<td style=\"height: 33px;\">M\u00f3n actual<\/td>\n<td style=\"height: 33px;\">\n<ul>\n<li>Plantejar-se preguntes sobre el medi, utilitzar estrat\u00e8gies de cerca de dades i analitzar els resultats per a trobar respostes.<\/li>\n<\/ul>\n<\/td>\n<td style=\"height: 66px;\" rowspan=\"2\">\n<ul>\n<li>Realitzaci\u00f3 d\u2019un treball d\u2019investigaci\u00f3 a partir del plantejament de q\u00fcestions i problemes rellevants de l\u2019entorn, mitjan\u00e7ant el treball cooperatiu i a partir de l\u2019experimentaci\u00f3 i l\u2019\u00fas de diferents fonts d\u2019informaci\u00f3 i de les tecnologies digitals (programes espec\u00edfics, simulacions&#8230;). Plantejar-se preguntes a partir d\u2019observacions. Justificaci\u00f3 oral i escrita de les propostes de soluci\u00f3 del treball d\u2019investigaci\u00f3. Comunicaci\u00f3 de les informacions obtingudes utilitzant diferents llenguatges.<\/li>\n<li>Iniciaci\u00f3 a l\u2019activitat cient\u00edfica.<\/li>\n<li>Exploraci\u00f3 d\u2019aspectes de l\u2019entorn a partir d\u2019una q\u00fcesti\u00f3 rellevant.<\/li>\n<li>Comunicaci\u00f3 oral de les observacions realitzades utilitzant diferents llenguatges.<\/li>\n<li>Neteja, ordre, manteniment i estalvi dels materials i l\u2019instrumental.<\/li>\n<li>Mat\u00e8ria i energia<\/li>\n<li>Observaci\u00f3, descripci\u00f3 i classificaci\u00f3 de materials en funci\u00f3 d\u2019algunes propietats tot relacionant-les amb els seus usos<\/li>\n<\/ul>\n<\/td>\n<\/tr>\n<tr style=\"height: 33px;\">\n<td style=\"height: 33px;\">Tecnologia i vida quotidiana.<\/td>\n<td style=\"height: 33px;\">\n<ul>\n<li>Utilitzar materials de manera eficient amb coneixements cient\u00edfics i criteris tecnol\u00f2gics, per resoldre situacions quotidianes.<\/li>\n<\/ul>\n<\/td>\n<\/tr>\n<\/tbody>\n<\/table>\n<h6><strong>Descripci\u00f3 de l\u2019experi\u00e8ncia<\/strong><\/h6>\n<p>L\u2019experi\u00e8ncia s\u2019emmarca dins del projecte cient\u00edfic de centre \u201cEureka \u201c que es desenvolupa cada tarda de dimecres durant una hora i mitja al nostre centre. Es realitzen grups internivells d\u2019uns 5 alumnes on cada membre del grup t\u00e9 un rool dins d\u2019aquest (prendre nota de les descobertes, representar gr\u00e0ficament l\u2019experi\u00e8ncia, netejar els estris, fer \u00fas dels materials\u2026). Aquests rools van variant en funci\u00f3 de les necessitats del grup.<br \/>\nMitjan\u00e7ant els experiments realitzats cada setmana es pret\u00e9n endinsar a l\u2019alumne en el m\u00e8tode cient\u00edfic aprenent a trobar a trav\u00e9s de l\u2019experimentaci\u00f3 les seves pr\u00f2pies respostes a q\u00fcestions de la vida quotidiana.<br \/>\nL\u2019experiment de la densitat dels l\u00edquids tenia com a objectiu entendre en primer lloc que hi ha l\u00edquids que es dissolen i d\u2019altres que no (aigua, llet, vi i oli). Despr\u00e9s d\u2019una primera sessi\u00f3 d\u2019experimentaci\u00f3 vam adonar-nos de que seria interessant experimentar amb m\u00e9s l\u00edquids, aix\u00ed que vam portar a terme una segona sessi\u00f3 amb l\u00edquids diversos (mel, quetxup, aigua, oli, alcohol\u2026). A trav\u00e9s del treball experimentatiu els alumnes es van adonar de que hi havia l\u00edquids que no es barrejaven entre ells i que al dipositar-los hi havia alguns que quedaven m\u00e9s amunt que d\u2019altres donat que pesaven menys. A partir d\u2019aqu\u00ed vam introduir el concepte de densitat com a qualitat dels l\u00edquids i vam entendre que la formaci\u00f3 de franges de l\u00edquids es deguda a la difer\u00e8ncia de densitat d\u2019aquests.<br \/>\nPer tal de donar a con\u00e8ixer als altres la nostra descoberta es va realitzar un Power Point amb fotos sobre les dues experi\u00e8ncies,comentaris sobre els procediments i les conclusions extretes.<\/p>\n<h6><strong>Recursos<\/strong><\/h6>\n<p>Recursos humans : 3 mestres.<br \/>\nRecursos espaials : 3 aules.<br \/>\nRecursos materials : recipients, l\u00edquids diversos ( llet, vi, aigua, colorant, quetxup, oli, alcohol, mel\u2026), c\u00e0mera fotogr\u00e0fica, ordinador i programa Power Point.<\/p>\n<h6><strong>Valoraci\u00f3<\/strong><\/h6>\n<p>La interdisciplinarietat i globalitzaci\u00f3 de l\u2019experi\u00e8ncia va ser molt positiva i enriquidora pels alumnes.<\/p>\n<h6><strong>Per saber-ne m\u00e9s<\/strong><\/h6>\n<p>La p\u00e0gina<a href=\"http:\/\/escolateresamiquelipamies.net\" target=\"_blank\"> web<\/a> de l\u2019escola.<br \/>\nPresentaci\u00f3 <a href=\"http:\/\/serveiseducatius.xtec.cat\/baixcamp\/wp-content\/uploads\/usu950\/2017\/06\/la-densitat-dels-l\u00edquids.pptx\" target=\"_blank\"><strong>La densitat dels l\u00edquids<\/strong><\/a><\/p>\n","protected":false},"excerpt":{"rendered":"<p>Mitjan\u00e7ant els experiments es pret\u00e9n endinsar a l\u2019alumne en el m\u00e8tode cient\u00edfic aprenent a trobar, amb l\u2019experimentaci\u00f3, les seves pr\u00f2pies respostes a q\u00fcestions de la vida quotidiana<\/p>\n","protected":false},"author":124,"featured_media":5969,"comment_status":"open","ping_status":"closed","sticky":false,"template":"","format":"standard","meta":{"_bbp_topic_count":0,"_bbp_reply_count":0,"_bbp_total_topic_count":0,"_bbp_total_reply_count":0,"_bbp_voice_count":0,"_bbp_anonymous_reply_count":0,"_bbp_topic_count_hidden":0,"_bbp_reply_count_hidden":0,"_bbp_forum_subforum_count":0,"site-sidebar-layout":"default","site-content-layout":"","ast-site-content-layout":"","site-content-style":"default","site-sidebar-style":"default","ast-global-header-display":"","ast-banner-title-visibility":"","ast-main-header-display":"","ast-hfb-above-header-display":"","ast-hfb-below-header-display":"","ast-hfb-mobile-header-display":"","site-post-title":"","ast-breadcrumbs-content":"","ast-featured-img":"","footer-sml-layout":"","theme-transparent-header-meta":"","adv-header-id-meta":"","stick-header-meta":"","header-above-stick-meta":"","header-main-stick-meta":"","header-below-stick-meta":"","astra-migrate-meta-layouts":"default","ast-page-background-enabled":"default","ast-page-background-meta":{"desktop":{"background-color":"var(--ast-global-color-4)","background-image":"","background-repeat":"repeat","background-position":"center center","background-size":"auto","background-attachment":"scroll","background-type":"","background-media":"","overlay-type":"","overlay-color":"","overlay-opacity":"","overlay-gradient":""},"tablet":{"background-color":"","background-image":"","background-repeat":"repeat","background-position":"center center","background-size":"auto","background-attachment":"scroll","background-type":"","background-media":"","overlay-type":"","overlay-color":"","overlay-opacity":"","overlay-gradient":""},"mobile":{"background-color":"","background-image":"","background-repeat":"repeat","background-position":"center center","background-size":"auto","background-attachment":"scroll","background-type":"","background-media":"","overlay-type":"","overlay-color":"","overlay-opacity":"","overlay-gradient":""}},"ast-content-background-meta":{"desktop":{"background-color":"var(--ast-global-color-5)","background-image":"","background-repeat":"repeat","background-position":"center center","background-size":"auto","background-attachment":"scroll","background-type":"","background-media":"","overlay-type":"","overlay-color":"","overlay-opacity":"","overlay-gradient":""},"tablet":{"background-color":"var(--ast-global-color-5)","background-image":"","background-repeat":"repeat","background-position":"center center","background-size":"auto","background-attachment":"scroll","background-type":"","background-media":"","overlay-type":"","overlay-color":"","overlay-opacity":"","overlay-gradient":""},"mobile":{"background-color":"var(--ast-global-color-5)","background-image":"","background-repeat":"repeat","background-position":"center center","background-size":"auto","background-attachment":"scroll","background-type":"","background-media":"","overlay-type":"","overlay-color":"","overlay-opacity":"","overlay-gradient":""}},"footnotes":""},"categories":[216],"tags":[86,242,315,262],"class_list":["post-5967","post","type-post","status-publish","format-standard","has-post-thumbnail","hentry","category-tastet","tag-ciencies","tag-curs-2016-17","tag-esc-teresa-miquel-i-pamies","tag-primaria"],"post_mailing_queue_ids":[],"_links":{"self":[{"href":"https:\/\/serveiseducatius.xtec.cat\/baixcamp\/wp-json\/wp\/v2\/posts\/5967","targetHints":{"allow":["GET"]}}],"collection":[{"href":"https:\/\/serveiseducatius.xtec.cat\/baixcamp\/wp-json\/wp\/v2\/posts"}],"about":[{"href":"https:\/\/serveiseducatius.xtec.cat\/baixcamp\/wp-json\/wp\/v2\/types\/post"}],"author":[{"embeddable":true,"href":"https:\/\/serveiseducatius.xtec.cat\/baixcamp\/wp-json\/wp\/v2\/users\/124"}],"replies":[{"embeddable":true,"href":"https:\/\/serveiseducatius.xtec.cat\/baixcamp\/wp-json\/wp\/v2\/comments?post=5967"}],"version-history":[{"count":4,"href":"https:\/\/serveiseducatius.xtec.cat\/baixcamp\/wp-json\/wp\/v2\/posts\/5967\/revisions"}],"predecessor-version":[{"id":6202,"href":"https:\/\/serveiseducatius.xtec.cat\/baixcamp\/wp-json\/wp\/v2\/posts\/5967\/revisions\/6202"}],"wp:featuredmedia":[{"embeddable":true,"href":"https:\/\/serveiseducatius.xtec.cat\/baixcamp\/wp-json\/wp\/v2\/media\/5969"}],"wp:attachment":[{"href":"https:\/\/serveiseducatius.xtec.cat\/baixcamp\/wp-json\/wp\/v2\/media?parent=5967"}],"wp:term":[{"taxonomy":"category","embeddable":true,"href":"https:\/\/serveiseducatius.xtec.cat\/baixcamp\/wp-json\/wp\/v2\/categories?post=5967"},{"taxonomy":"post_tag","embeddable":true,"href":"https:\/\/serveiseducatius.xtec.cat\/baixcamp\/wp-json\/wp\/v2\/tags?post=5967"}],"curies":[{"name":"wp","href":"https:\/\/api.w.org\/{rel}","templated":true}]}}