{"id":5852,"date":"2017-06-22T12:50:07","date_gmt":"2017-06-22T10:50:07","guid":{"rendered":"http:\/\/serveiseducatius.xtec.cat\/baixcamp\/?p=5852"},"modified":"2017-06-22T13:33:47","modified_gmt":"2017-06-22T11:33:47","slug":"maqueta-de-laparell-circulatori","status":"publish","type":"post","link":"https:\/\/serveiseducatius.xtec.cat\/baixcamp\/tastet\/maqueta-de-laparell-circulatori\/","title":{"rendered":"Maqueta de l&#8217;aparell circulatori"},"content":{"rendered":"<table style=\"border-color: #ffffff;\">\n<tbody>\n<tr>\n<td style=\"border-color: #ffffff;\"><img loading=\"lazy\" decoding=\"async\" class=\"alignleft wp-image-5517\" src=\"http:\/\/serveiseducatius.xtec.cat\/baixcamp\/wp-content\/uploads\/usu950\/2016\/11\/cartell-IV-Fira-Tastet-Ci\u00e8ncia-Reus.jpg\" alt=\"cartell-IV-Fira-Tastet-Ci\u00e8ncia-Reus\" width=\"186\" height=\"263\" srcset=\"https:\/\/serveiseducatius.xtec.cat\/baixcamp\/wp-content\/uploads\/usu950\/2016\/11\/cartell-IV-Fira-Tastet-Ci\u00e8ncia-Reus.jpg 500w, https:\/\/serveiseducatius.xtec.cat\/baixcamp\/wp-content\/uploads\/usu950\/2016\/11\/cartell-IV-Fira-Tastet-Ci\u00e8ncia-Reus-212x300.jpg 212w\" sizes=\"auto, (max-width: 186px) 100vw, 186px\" \/><\/td>\n<td style=\"border-color: #ffffff;\"><img loading=\"lazy\" decoding=\"async\" class=\"\" src=\"https:\/\/lh3.googleusercontent.com\/81nPGp8hoCBEj8ax9WMm8iSqRxdjOZEZ1rs5Ar8HPYAdrnMZ8AE2OkdcYLAFIW8ILGsgEITtJb2Fn7u2CJM-vaS-MjapPLuSYLFXy9q0lgh7Ae4Zo8s7C5VOektjYq4EeJclbEg3-0fYvMhXvsErLnkN_lcqOGdBRBYWnNzWXU37W1XSFFwXGFuM9UzQPf54z1pIzfVL1tLlN3F9vjkRDwZeXyjW9CCwyBYN_bRenw_CTqKbSHrxggzD_gwm3IZk4rDFTiHQ1Bcs4k-AfqcTxBol4fexYXLdIQgpV-ExEolt8Uhu5YH9rTve30IZ2fUYtxLSCatzYbhdIOmzir2dkcNpE9Vd1qdegrXV4TscqJ3vw5fW62oLaZegK2p7h0lnC9i0-MOLfVKFOY9QlToLf6LAxrBoOyMssrwlSVrlmNuUOoprCYJS9aRC5r5sSbBJ-whCDjhCJi0evgCpLHNZTc4GFeIaXgMRBNO3iEbeLv7Pwzkeo-EotjzLm4QJ2D8ihZ07uo1nhvqqJ1s2aVWj3VsTZWLIT085qMaVr3VkvxvniIBdyZqzoQVqtb3Kn1QNcc91Dl9o_Bs9jgbjMnILERJ1B2Vo-fuVz73R0urf1HBMLLDoxGCLoKaFLHPF1aItCm7SEUKZSaK5C8oqokBKTxwoGU6xnF6m_DJK=w920-h613-no\" width=\"579\" height=\"386\" \/><\/td>\n<td style=\"border-color: #ffffff;\">\n<h6><b>Nivell educatiu<\/b><\/h6>\n<p><span style=\"font-weight: 400;\">Cicle Mitja &#8211; 4t de Prim\u00e0ria<\/span><\/p>\n<h6><b>Centre<\/b><\/h6>\n<p><span style=\"font-weight: 400;\">Escola Prat de la Riba &#8211; Reus<br \/>\n<\/span><\/p>\n<h6><b>Docent responsable<\/b><\/h6>\n<p><span style=\"font-weight: 400;\">M\u00f2nica G\u00f3mez Sol\u00e1n<\/span><\/p>\n<h6><b>Altres docents implicats<\/b><\/h6>\n<p><span style=\"font-weight: 400;\">Ana Su\u00e1rez Baquer\u00f3<\/span><\/td>\n<\/tr>\n<\/tbody>\n<\/table>\n<h6><b>Compet\u00e8ncia\/es b\u00e0siques<\/b><\/h6>\n<p><span style=\"font-weight: 400;\">Compet\u00e8ncia comunicativa ling\u00fc\u00edstica i audiovisual<\/span><br \/>\n<span style=\"font-weight: 400;\">Compet\u00e8ncia en el coneixement i la interacci\u00f3 amb el m\u00f3n f\u00edsic<\/span><br \/>\n<span style=\"font-weight: 400;\">Compet\u00e8ncia art\u00edstica i cultural<\/span><br \/>\n<span style=\"font-weight: 400;\">Compet\u00e8ncia d\u2019aprendre a aprendre<\/span><br \/>\n<span style=\"font-weight: 400;\">Compet\u00e8ncia d\u2019autonomia, iniciativa personal i emprenedoria<\/span><\/p>\n<h6><b>\u00c0mbit\/s, dimensions i continguts<\/b><\/h6>\n<table style=\"border-color: #ffffff;\">\n<tbody>\n<tr>\n<td style=\"background-color: #763333;\"><span style=\"color: #ffffff;\"><strong>\u00c0mbits <\/strong><\/span><\/td>\n<td style=\"background-color: #763333;\"><span style=\"color: #ffffff;\"><strong>Dimensions<\/strong><\/span><\/td>\n<td style=\"background-color: #763333;\"><span style=\"color: #ffffff;\"><strong>Continguts<\/strong><\/span><\/td>\n<\/tr>\n<tr>\n<td><b>Llengua<\/b><\/td>\n<td><b>Comunicativa<\/b><\/td>\n<td>\n<ul>\n<li style=\"font-weight: 400;\"><span style=\"font-weight: 400;\">Textos de tipologies diverses (text expositiu). <\/span><\/li>\n<li style=\"font-weight: 400;\"><span style=\"font-weight: 400;\">Estrat\u00e8gies per l\u2019expressi\u00f3:panificaci\u00f3, producci\u00f3 i revisi\u00f3.<\/span><\/li>\n<li style=\"font-weight: 400;\"><span style=\"font-weight: 400;\">Organitzaci\u00f3 i estructura discursiva del text: adequaci\u00f3, coher\u00e8ncia i cohesi\u00f3.<\/span><\/li>\n<li style=\"font-weight: 400;\"><span style=\"font-weight: 400;\">Morfosintaxi textual: connectors.L\u00e8xic: vocabulari usual i espec\u00edfic.<\/span><\/li>\n<\/ul>\n<\/td>\n<\/tr>\n<tr>\n<td><b>Coneixement del medi<\/b><\/td>\n<td><b>Salud i equilibri personal<\/b><\/td>\n<td>\n<ul>\n<li style=\"font-weight: 400;\"><span style=\"font-weight: 400;\">El m\u00f3n dels \u00e9ssers vius.<\/span><\/li>\n<li style=\"font-weight: 400;\"><span style=\"font-weight: 400;\">Aparells que intervenen en la funci\u00f3 de nutrici\u00f3 de l\u2019\u00e9sser hum\u00e0 (aparells respiratori, digestiu, circulatori i excretor) i relaci\u00f3 entre ells.<\/span><\/li>\n<li style=\"font-weight: 400;\"><span style=\"font-weight: 400;\">Principals malalties relacionades amb la funci\u00f3 de nutrici\u00f3 i de relaci\u00f3.<\/span><\/li>\n<li style=\"font-weight: 400;\"><span style=\"font-weight: 400;\">H\u00e0bits d\u2019higiene, de descans i d\u2019exercici f\u00edsic que afavoreixen una vida saludable. <\/span><\/li>\n<li style=\"font-weight: 400;\"><span style=\"font-weight: 400;\">Caracteritzaci\u00f3 de l\u2019alimentaci\u00f3 variada i equilibrada com a b\u00e0sica per a una vida saludable. <\/span><\/li>\n<\/ul>\n<\/td>\n<\/tr>\n<tr>\n<td><b>Art\u00edstic<\/b><\/td>\n<td><b>Percepci\u00f3, comprensi\u00f3 i valoraci\u00f3 <\/b><\/td>\n<td>\n<ul>\n<li style=\"font-weight: 400;\"><span style=\"font-weight: 400;\">Satisfacci\u00f3 i emoci\u00f3 est\u00e8tica. <\/span><\/li>\n<li style=\"font-weight: 400;\"><span style=\"font-weight: 400;\">Propietats dels elements que trobem presents en l\u2019entorn.<\/span><\/li>\n<\/ul>\n<\/td>\n<\/tr>\n<tr>\n<td><\/td>\n<td><b>Interacci\u00f3 i producci\u00f3<\/b><\/td>\n<td>\n<ul>\n<li style=\"font-weight: 400;\"><span style=\"font-weight: 400;\">Inter\u00e8s, valoraci\u00f3 i respecte pel fet art\u00edstic i per les produccions art\u00edstiques pr\u00f2pies i alienes. <\/span><\/li>\n<li style=\"font-weight: 400;\"><span style=\"font-weight: 400;\">Satisfacci\u00f3 i emoci\u00f3 est\u00e8tica. <\/span><\/li>\n<li style=\"font-weight: 400;\"><span style=\"font-weight: 400;\">Propietats dels elements que trobem presents en l\u2019entorn. <\/span><\/li>\n<li style=\"font-weight: 400;\"><span style=\"font-weight: 400;\">Produccions art\u00edstiques pl\u00e0stiques. <\/span><\/li>\n<li style=\"font-weight: 400;\"><span style=\"font-weight: 400;\">Planificaci\u00f3 dels processos de producci\u00f3 art\u00edstica.<\/span><\/li>\n<\/ul>\n<\/td>\n<\/tr>\n<tr>\n<td rowspan=\"3\"><b>Valors<\/b><b><\/b><\/td>\n<td><b>Personal<\/b><\/td>\n<td>\n<ul>\n<li style=\"font-weight: 400;\"><span style=\"font-weight: 400;\">Autoconeixement i autoestima. <\/span><\/li>\n<li style=\"font-weight: 400;\"><span style=\"font-weight: 400;\">Autonomia i resili\u00e8ncia. <\/span><\/li>\n<li style=\"font-weight: 400;\"><span style=\"font-weight: 400;\">Responsabilitat i coresponsabilitat. <\/span><\/li>\n<li style=\"font-weight: 400;\"><span style=\"font-weight: 400;\">Autoregulaci\u00f3 de la conducta. <\/span><\/li>\n<li style=\"font-weight: 400;\"><span style=\"font-weight: 400;\">Gesti\u00f3 de normes i l\u00edmits. <\/span><\/li>\n<li style=\"font-weight: 400;\"><span style=\"font-weight: 400;\">Valoraci\u00f3 de l\u2019esfor\u00e7 i la motivaci\u00f3. <\/span><\/li>\n<li style=\"font-weight: 400;\"><span style=\"font-weight: 400;\">Habilitats de pensament. <\/span><\/li>\n<li style=\"font-weight: 400;\"><span style=\"font-weight: 400;\">Estrat\u00e8gies per al di\u00e0leg.<\/span><\/li>\n<li style=\"font-weight: 400;\"><span style=\"font-weight: 400;\">Sensibilitat, respecte i toler\u00e0ncia envers els altres i la seva diversitat. <\/span><\/li>\n<li style=\"font-weight: 400;\"><span style=\"font-weight: 400;\">Actitud cr\u00edtica en l\u2019observaci\u00f3 i la interpretaci\u00f3 de la realitat.<\/span><\/li>\n<\/ul>\n<\/td>\n<\/tr>\n<tr>\n<td><b> Interpersonal<\/b><\/td>\n<td>\n<ul>\n<li style=\"font-weight: 400;\"><span style=\"font-weight: 400;\">Identificaci\u00f3 de les emocions i els sentiments dels altres; empatia. <\/span><\/li>\n<li style=\"font-weight: 400;\"><span style=\"font-weight: 400;\">Responsabilitat i coresponsabilitat. \u00a0<\/span><\/li>\n<li style=\"font-weight: 400;\"><span style=\"font-weight: 400;\">Cooperaci\u00f3, solidaritat i altruisme. <\/span><\/li>\n<li style=\"font-weight: 400;\"><span style=\"font-weight: 400;\">Autoregulaci\u00f3 de la conducta. <\/span><\/li>\n<li style=\"font-weight: 400;\"><span style=\"font-weight: 400;\">Gesti\u00f3 de normes i l\u00edmits. <\/span><\/li>\n<li style=\"font-weight: 400;\"><span style=\"font-weight: 400;\">Habilitats socials.<\/span><\/li>\n<li style=\"font-weight: 400;\"><span style=\"font-weight: 400;\">Participaci\u00f3 en el funcionament de l\u2019aula i de l\u2019escola i en activitats de l\u2019entorn m\u00e9s proper. <\/span><\/li>\n<li style=\"font-weight: 400;\"><span style=\"font-weight: 400;\">H\u00e0bits c\u00edvics i conviv\u00e8ncia en els diferents \u00e0mbits.<\/span><\/li>\n<\/ul>\n<\/td>\n<\/tr>\n<tr>\n<td><b>Social<\/b><\/td>\n<td>\n<ul>\n<li style=\"font-weight: 400;\"><span style=\"font-weight: 400;\">Sensibilitat, respecte i toler\u00e0ncia envers els altres i la seva diversitat. <\/span><\/li>\n<li style=\"font-weight: 400;\"><span style=\"font-weight: 400;\">Cooperaci\u00f3, solidaritat i altruisme. <\/span><\/li>\n<li style=\"font-weight: 400;\"><span style=\"font-weight: 400;\">Actituds que contribueixen al benestar emocional del grup. <\/span><\/li>\n<li style=\"font-weight: 400;\"><span style=\"font-weight: 400;\">Funcionament democr\u00e0tic; b\u00e9ns comuns i serveis p\u00fablics. <\/span><\/li>\n<\/ul>\n<\/td>\n<\/tr>\n<\/tbody>\n<\/table>\n<h6><b>Descripci\u00f3 de l\u2019experi\u00e8ncia<\/b><\/h6>\n<p><span style=\"font-weight: 400;\">Aquesta activitat \u00e9s la primera vegada que la realitzem a la nostra escola. <\/span><\/p>\n<p><span style=\"font-weight: 400;\">Aquest any hem obert l\u2019aula de ci\u00e8ncies i intentem a trav\u00e9s de l\u2019experimentaci\u00f3 i el treball en grup que l\u2019alumne passi a ser un element actiu en el seu aprenentatge.<\/span><\/p>\n<p><span style=\"font-weight: 400;\">Hem dedicat unes 5 sessions en la investigaci\u00f3, elaboraci\u00f3 de la maqueta i preparaci\u00f3 de l\u2019exposici\u00f3 oral (treball del text expositiu) per saber-ho explicar al p\u00fablic de la Fira de ci\u00e8ncies<\/span><\/p>\n<p><span style=\"font-weight: 400;\">La metedologia a seguir \u00e9s el treball cooperatiu (per aix\u00f2 \u00e9s tant important l\u2019\u00e0mbit d\u2019educaci\u00f3 en valors).<\/span><\/p>\n<p><span style=\"font-weight: 400;\">Es van realitzar diferents grups que van haver de parlar i pactar com farien la seva maqueta.<\/span><\/p>\n<h6><b>Recursos<\/b><\/h6>\n<p><span style=\"font-weight: 400;\">L\u2019activitat la vam realitzar amb mig grup a l\u2019aula de ci\u00e8ncies.<\/span><\/p>\n<p><span style=\"font-weight: 400;\">Els recursos utilitzats van ser:<\/span><\/p>\n<ul>\n<li style=\"font-weight: 400;\"><span style=\"font-weight: 400;\">Internet: per investigar.<\/span><\/li>\n<li style=\"font-weight: 400;\"><span style=\"font-weight: 400;\">Material pl\u00e0stic per realitzar les maquetes: capses de cartr\u00f3, ampolles de pl\u00e0stic, plastilina, tubs de pl\u00e0stic&#8230;<\/span><\/li>\n<\/ul>\n<h6><b>Valoraci\u00f3<\/b><\/h6>\n<p><span style=\"font-weight: 400;\">L\u2019activitat va ser molt positiva. Els nens\/es realitzant la maqueta van entendre m\u00e9s f\u00e0cilment el complex funcionament del cor i del sistema circulatori. A m\u00e9s van haver d\u2019aprendre a treballar en grup.<\/span><\/p>\n<h6><b>Per saber-ne m\u00e9s<\/b><\/h6>\n<p><span style=\"font-weight: 400;\">Podeu trobar m\u00e9s informaci\u00f3 al <a href=\"http:\/\/blocs.xtec.cat\/escolapratdelariba\/2017\/06\/02\/iv-fira-tastet-de-ciencia\/\" target=\"_blank\">bloc de l\u2019escola<\/a><br \/>\n<\/span><\/p>\n","protected":false},"excerpt":{"rendered":"<p>L&#8217;aula de ci\u00e8ncies, l&#8217;experimentaci\u00f3 i el treball en grup com a elements actius clau en l&#8217;aprenentatge dels nostres alumnes.<\/p>\n","protected":false},"author":124,"featured_media":6119,"comment_status":"open","ping_status":"closed","sticky":false,"template":"","format":"standard","meta":{"_bbp_topic_count":0,"_bbp_reply_count":0,"_bbp_total_topic_count":0,"_bbp_total_reply_count":0,"_bbp_voice_count":0,"_bbp_anonymous_reply_count":0,"_bbp_topic_count_hidden":0,"_bbp_reply_count_hidden":0,"_bbp_forum_subforum_count":0,"site-sidebar-layout":"default","site-content-layout":"","ast-site-content-layout":"","site-content-style":"default","site-sidebar-style":"default","ast-global-header-display":"","ast-banner-title-visibility":"","ast-main-header-display":"","ast-hfb-above-header-display":"","ast-hfb-below-header-display":"","ast-hfb-mobile-header-display":"","site-post-title":"","ast-breadcrumbs-content":"","ast-featured-img":"","footer-sml-layout":"","theme-transparent-header-meta":"","adv-header-id-meta":"","stick-header-meta":"","header-above-stick-meta":"","header-main-stick-meta":"","header-below-stick-meta":"","astra-migrate-meta-layouts":"default","ast-page-background-enabled":"default","ast-page-background-meta":{"desktop":{"background-color":"var(--ast-global-color-4)","background-image":"","background-repeat":"repeat","background-position":"center center","background-size":"auto","background-attachment":"scroll","background-type":"","background-media":"","overlay-type":"","overlay-color":"","overlay-opacity":"","overlay-gradient":""},"tablet":{"background-color":"","background-image":"","background-repeat":"repeat","background-position":"center center","background-size":"auto","background-attachment":"scroll","background-type":"","background-media":"","overlay-type":"","overlay-color":"","overlay-opacity":"","overlay-gradient":""},"mobile":{"background-color":"","background-image":"","background-repeat":"repeat","background-position":"center center","background-size":"auto","background-attachment":"scroll","background-type":"","background-media":"","overlay-type":"","overlay-color":"","overlay-opacity":"","overlay-gradient":""}},"ast-content-background-meta":{"desktop":{"background-color":"var(--ast-global-color-5)","background-image":"","background-repeat":"repeat","background-position":"center center","background-size":"auto","background-attachment":"scroll","background-type":"","background-media":"","overlay-type":"","overlay-color":"","overlay-opacity":"","overlay-gradient":""},"tablet":{"background-color":"var(--ast-global-color-5)","background-image":"","background-repeat":"repeat","background-position":"center center","background-size":"auto","background-attachment":"scroll","background-type":"","background-media":"","overlay-type":"","overlay-color":"","overlay-opacity":"","overlay-gradient":""},"mobile":{"background-color":"var(--ast-global-color-5)","background-image":"","background-repeat":"repeat","background-position":"center center","background-size":"auto","background-attachment":"scroll","background-type":"","background-media":"","overlay-type":"","overlay-color":"","overlay-opacity":"","overlay-gradient":""}},"footnotes":""},"categories":[216],"tags":[86,242,311,262],"class_list":["post-5852","post","type-post","status-publish","format-standard","has-post-thumbnail","hentry","category-tastet","tag-ciencies","tag-curs-2016-17","tag-escola-prat-de-la-riba","tag-primaria"],"post_mailing_queue_ids":[],"_links":{"self":[{"href":"https:\/\/serveiseducatius.xtec.cat\/baixcamp\/wp-json\/wp\/v2\/posts\/5852","targetHints":{"allow":["GET"]}}],"collection":[{"href":"https:\/\/serveiseducatius.xtec.cat\/baixcamp\/wp-json\/wp\/v2\/posts"}],"about":[{"href":"https:\/\/serveiseducatius.xtec.cat\/baixcamp\/wp-json\/wp\/v2\/types\/post"}],"author":[{"embeddable":true,"href":"https:\/\/serveiseducatius.xtec.cat\/baixcamp\/wp-json\/wp\/v2\/users\/124"}],"replies":[{"embeddable":true,"href":"https:\/\/serveiseducatius.xtec.cat\/baixcamp\/wp-json\/wp\/v2\/comments?post=5852"}],"version-history":[{"count":4,"href":"https:\/\/serveiseducatius.xtec.cat\/baixcamp\/wp-json\/wp\/v2\/posts\/5852\/revisions"}],"predecessor-version":[{"id":6125,"href":"https:\/\/serveiseducatius.xtec.cat\/baixcamp\/wp-json\/wp\/v2\/posts\/5852\/revisions\/6125"}],"wp:featuredmedia":[{"embeddable":true,"href":"https:\/\/serveiseducatius.xtec.cat\/baixcamp\/wp-json\/wp\/v2\/media\/6119"}],"wp:attachment":[{"href":"https:\/\/serveiseducatius.xtec.cat\/baixcamp\/wp-json\/wp\/v2\/media?parent=5852"}],"wp:term":[{"taxonomy":"category","embeddable":true,"href":"https:\/\/serveiseducatius.xtec.cat\/baixcamp\/wp-json\/wp\/v2\/categories?post=5852"},{"taxonomy":"post_tag","embeddable":true,"href":"https:\/\/serveiseducatius.xtec.cat\/baixcamp\/wp-json\/wp\/v2\/tags?post=5852"}],"curies":[{"name":"wp","href":"https:\/\/api.w.org\/{rel}","templated":true}]}}