{"id":5807,"date":"2018-06-11T11:51:17","date_gmt":"2018-06-11T09:51:17","guid":{"rendered":"http:\/\/serveiseducatius.xtec.cat\/baixcamp\/?p=5807"},"modified":"2018-09-29T11:06:55","modified_gmt":"2018-09-29T09:06:55","slug":"premi-escola-agricultura-i-alimentacio-ecologica","status":"publish","type":"post","link":"https:\/\/serveiseducatius.xtec.cat\/baixcamp\/sostenibilitat\/premi-escola-agricultura-i-alimentacio-ecologica\/","title":{"rendered":"Premi Escola, Agricultura i Alimentaci\u00f3 Ecol\u00f2gica &#8211; 6a edici\u00f3"},"content":{"rendered":"<p style=\"text-align: justify;\"><img loading=\"lazy\" decoding=\"async\" class=\"size-full wp-image-5808 alignleft\" src=\"http:\/\/serveiseducatius.xtec.cat\/baixcamp\/wp-content\/uploads\/usu950\/2017\/05\/PremiEscolar_200x100.jpg_2111489198.jpg\" alt=\"PremiEscolar_200x100.jpg_2111489198\" width=\"100\" height=\"200\" \/>Premi que fomenta la promoci\u00f3 del coneixement de l\u2019<strong>agricultura<\/strong> i l\u2019<strong>alimentaci\u00f3 ecol\u00f2giques<\/strong> i de les seves <strong>implicacions socials i ambientals<\/strong>, tant a nivell dels propis alumnes, com de la comunitat educativa en general.<\/p>\n<h6 style=\"text-align: justify;\"><strong>A qui s&#8217;adre\u00e7a?<\/strong><\/h6>\n<p style=\"text-align: justify;\">Centres educatius d\u2019educaci\u00f3 infantil, prim\u00e0ria, secund\u00e0ria, batxillerat, formaci\u00f3 professional, educaci\u00f3 especial i llar d\u2019infants de Catalunya, que hagin desenvolupat al llarg del curs escolar 2017-2018 un projecte o una experi\u00e8ncia pedag\u00f2gica relacionats amb la producci\u00f3 agr\u00e0ria o l\u2019alimentaci\u00f3 ecol\u00f2giques.<\/p>\n<h6 style=\"text-align: justify;\"><strong>Objectius<\/strong><\/h6>\n<p style=\"text-align: justify;\">Donar a con\u00e8ixer les iniciatives i la bona feina que fan els centres educatius catalans.<\/p>\n<p style=\"text-align: justify;\">Posar de manifest la voluntat de donar suport a totes aquelles iniciatives orientades a promoure uns h\u00e0bits saludables i sostenibles en l\u2019alimentaci\u00f3 entre la inf\u00e0ncia i la joventut d\u2019avui, que s\u00f3n els que dem\u00e0 decidiran quina alimentaci\u00f3 volen i quins aliments trien.<\/p>\n<h6 style=\"text-align: justify;\"><strong>Termini<\/strong><\/h6>\n<p style=\"text-align: justify;\">El termini de presentaci\u00f3 \u00e9s del 4 de juny al 16 de juliol del 2018.<\/p>\n<h6 style=\"text-align: justify;\"><strong>Sol\u00b7licitud de participaci\u00f3<\/strong><\/h6>\n<p style=\"text-align: justify;\">Omplir el <a href=\"https:\/\/docs.google.com\/forms\/d\/e\/1FAIpQLScMf1s2IkGpRmKb6a3BDIoVtxM9MXeiO6m5QKTQtrKqg3w7gw\/viewform\">formulari<\/a>, mem\u00f2ria del projecte i format de presentaci\u00f3. Tot detallat <strong><span style=\"color: #ff0000;\"><a style=\"color: #ff0000;\" href=\"http:\/\/pae.gencat.cat\/ca\/setmana\/premi-escola-agricultura-alimentacio-ecologica\/\" target=\"_blank\" rel=\"noopener noreferrer\">aqu\u00ed<\/a><\/span>.<\/strong><\/p>\n<h6 style=\"text-align: justify;\"><strong>Premis<\/strong><\/h6>\n<ul style=\"text-align: justify;\">\n<li>Primer premi consistent en un guard\u00f3 d&#8217;autor i 1.250 \u20ac.<\/li>\n<li>Segon premi consistent en un guard\u00f3 d&#8217;autor i 1.000 \u20ac.<\/li>\n<li>Tercer premi consistent en un guard\u00f3 d&#8217;autor i 750 \u20ac.<\/li>\n<\/ul>\n<h6 style=\"text-align: justify;\"><strong>Organitza<\/strong><\/h6>\n<p style=\"text-align: justify;\">L&#8217;Associaci\u00f3 Vida Sana i la Generalitat de Catalunya, mitjan\u00e7ant els departaments d&#8217;Agricultura, Ramaderia, Pesca i\u00a0Alimentaci\u00f3, Ensenyament i Territori i Sostenibilitat.<\/p>\n<h6 style=\"text-align: justify;\"><strong>Veredicte<\/strong><\/h6>\n<p style=\"text-align: justify;\">La comunicaci\u00f3 del veredicte del jurat als centres tindr\u00e0 lloc l\u20191 d\u2019octubre i l\u2019acte de lliurament dels premis es dur\u00e0 a terme el dia 25 d\u2019octubre a l\u2019Institut Montju\u00efc de Barcelona, guardonat amb el 1r Premi Escola, Agricultura i Alimentaci\u00f3 Ecol\u00f2gica 2017. Aquest acte es celebrar\u00e0 en el marc de la\u00a0<a href=\"http:\/\/setmanabio.cat\/\" data-saferedirecturl=\"https:\/\/www.google.com\/url?hl=ca&amp;q=http:\/\/setmanabio.cat\/&amp;source=gmail&amp;ust=1528872920470000&amp;usg=AFQjCNE5Yh06r3qZumbr1SSaInyxATDoCA\">Setmana Bio a l\u2019escola<\/a>, una setmana destinada a la divulgaci\u00f3 i el foment de la producci\u00f3 i alimentaci\u00f3 ecol\u00f2giques dins la comunitat educativa.<\/p>\n<h6 style=\"text-align: justify;\"><strong>Per m\u00e9s informaci\u00f3<\/strong><\/h6>\n<p style=\"text-align: justify;\">Podeu consultar tota la informaci\u00f3 referent al Premi a la p\u00e0gina\u00a0\u00a0<a title=\"Producci\u00f3 agroaliment\u00e0ria ecol\u00f2gica (PAE)\" href=\"http:\/\/pae.gencat.cat\/ca\/setmana\/premi-escola-agricultura-alimentacio-ecologica\/\">Producci\u00f3 agroaliment\u00e0ria ecol\u00f2gica (PAE)<\/a><\/p>\n","protected":false},"excerpt":{"rendered":"<p>Premi que fomenta la promoci\u00f3 del coneixement de l\u2019agricultura i l\u2019alimentaci\u00f3 ecol\u00f2giques &#8211; Inscripcions: del 4 de juny al 16 de juliol<\/p>\n","protected":false},"author":1,"featured_media":5808,"comment_status":"open","ping_status":"closed","sticky":false,"template":"","format":"standard","meta":{"_bbp_topic_count":0,"_bbp_reply_count":0,"_bbp_total_topic_count":0,"_bbp_total_reply_count":0,"_bbp_voice_count":0,"_bbp_anonymous_reply_count":0,"_bbp_topic_count_hidden":0,"_bbp_reply_count_hidden":0,"_bbp_forum_subforum_count":0,"site-sidebar-layout":"default","site-content-layout":"","ast-site-content-layout":"","site-content-style":"default","site-sidebar-style":"default","ast-global-header-display":"","ast-banner-title-visibility":"","ast-main-header-display":"","ast-hfb-above-header-display":"","ast-hfb-below-header-display":"","ast-hfb-mobile-header-display":"","site-post-title":"","ast-breadcrumbs-content":"","ast-featured-img":"","footer-sml-layout":"","theme-transparent-header-meta":"","adv-header-id-meta":"","stick-header-meta":"","header-above-stick-meta":"","header-main-stick-meta":"","header-below-stick-meta":"","astra-migrate-meta-layouts":"default","ast-page-background-enabled":"default","ast-page-background-meta":{"desktop":{"background-color":"var(--ast-global-color-4)","background-image":"","background-repeat":"repeat","background-position":"center center","background-size":"auto","background-attachment":"scroll","background-type":"","background-media":"","overlay-type":"","overlay-color":"","overlay-opacity":"","overlay-gradient":""},"tablet":{"background-color":"","background-image":"","background-repeat":"repeat","background-position":"center center","background-size":"auto","background-attachment":"scroll","background-type":"","background-media":"","overlay-type":"","overlay-color":"","overlay-opacity":"","overlay-gradient":""},"mobile":{"background-color":"","background-image":"","background-repeat":"repeat","background-position":"center center","background-size":"auto","background-attachment":"scroll","background-type":"","background-media":"","overlay-type":"","overlay-color":"","overlay-opacity":"","overlay-gradient":""}},"ast-content-background-meta":{"desktop":{"background-color":"var(--ast-global-color-5)","background-image":"","background-repeat":"repeat","background-position":"center center","background-size":"auto","background-attachment":"scroll","background-type":"","background-media":"","overlay-type":"","overlay-color":"","overlay-opacity":"","overlay-gradient":""},"tablet":{"background-color":"var(--ast-global-color-5)","background-image":"","background-repeat":"repeat","background-position":"center center","background-size":"auto","background-attachment":"scroll","background-type":"","background-media":"","overlay-type":"","overlay-color":"","overlay-opacity":"","overlay-gradient":""},"mobile":{"background-color":"var(--ast-global-color-5)","background-image":"","background-repeat":"repeat","background-position":"center center","background-size":"auto","background-attachment":"scroll","background-type":"","background-media":"","overlay-type":"","overlay-color":"","overlay-opacity":"","overlay-gradient":""}},"footnotes":""},"categories":[218],"tags":[361,360,322,294,261],"class_list":["post-5807","post","type-post","status-publish","format-standard","has-post-thumbnail","hentry","category-sostenibilitat","tag-agricultura","tag-alimentacio","tag-curs-2017-18","tag-escola-verda","tag-sostenibilitat"],"post_mailing_queue_ids":[],"_links":{"self":[{"href":"https:\/\/serveiseducatius.xtec.cat\/baixcamp\/wp-json\/wp\/v2\/posts\/5807","targetHints":{"allow":["GET"]}}],"collection":[{"href":"https:\/\/serveiseducatius.xtec.cat\/baixcamp\/wp-json\/wp\/v2\/posts"}],"about":[{"href":"https:\/\/serveiseducatius.xtec.cat\/baixcamp\/wp-json\/wp\/v2\/types\/post"}],"author":[{"embeddable":true,"href":"https:\/\/serveiseducatius.xtec.cat\/baixcamp\/wp-json\/wp\/v2\/users\/1"}],"replies":[{"embeddable":true,"href":"https:\/\/serveiseducatius.xtec.cat\/baixcamp\/wp-json\/wp\/v2\/comments?post=5807"}],"version-history":[{"count":3,"href":"https:\/\/serveiseducatius.xtec.cat\/baixcamp\/wp-json\/wp\/v2\/posts\/5807\/revisions"}],"predecessor-version":[{"id":8302,"href":"https:\/\/serveiseducatius.xtec.cat\/baixcamp\/wp-json\/wp\/v2\/posts\/5807\/revisions\/8302"}],"wp:featuredmedia":[{"embeddable":true,"href":"https:\/\/serveiseducatius.xtec.cat\/baixcamp\/wp-json\/wp\/v2\/media\/5808"}],"wp:attachment":[{"href":"https:\/\/serveiseducatius.xtec.cat\/baixcamp\/wp-json\/wp\/v2\/media?parent=5807"}],"wp:term":[{"taxonomy":"category","embeddable":true,"href":"https:\/\/serveiseducatius.xtec.cat\/baixcamp\/wp-json\/wp\/v2\/categories?post=5807"},{"taxonomy":"post_tag","embeddable":true,"href":"https:\/\/serveiseducatius.xtec.cat\/baixcamp\/wp-json\/wp\/v2\/tags?post=5807"}],"curies":[{"name":"wp","href":"https:\/\/api.w.org\/{rel}","templated":true}]}}