{"id":5082,"date":"2017-03-21T15:41:17","date_gmt":"2017-03-21T14:41:17","guid":{"rendered":"http:\/\/serveiseducatius.xtec.cat\/baixcamp\/?p=5082"},"modified":"2018-09-29T11:10:20","modified_gmt":"2018-09-29T09:10:20","slug":"lets-clean-up-europe","status":"publish","type":"post","link":"https:\/\/serveiseducatius.xtec.cat\/baixcamp\/sostenibilitat\/lets-clean-up-europe\/","title":{"rendered":"Let&#8217;s Clean Up Europe!"},"content":{"rendered":"<p class=\"FW_sEntradeta\">Els dies <strong>12, 13 i 14 de maig de 2017<\/strong> se celebra a tot Europa aquest gran esdeveniment que consisteix en la realitzaci\u00f3 d\u2019<strong>accions de neteja en espais naturals del nostre entorn<\/strong> per part dels ciutadans.<\/p>\n<div class=\"FW_sArticleFoto\">\n<div class=\"FW_sEditPro\">\n<h6><strong>Per qu\u00e8?<\/strong><\/h6>\n<p>Una operaci\u00f3 de neteja d\u00f3na resposta a problemes ambientals originats per abocaments incontrolats en espais naturals (boscos, rius, platges, rieres\u2026), per tal d\u2019evitar possibles contaminacions i restaurar-ne l\u2019habitat i el paisatge. M\u00e9s enll\u00e0 d\u2019aquest fet, l\u2019acci\u00f3 tamb\u00e9 t\u00e9 un alt potencial de sensibilitzaci\u00f3 per la ciutadania, en ser una bona oportunitat per visualitzar de forma directa l\u2019efecte dels comportaments inc\u00edvics.<\/p>\n<h6><strong>Qui pot participar?<\/strong><\/h6>\n<p>Poden participar les administracions p\u00fabliques, empreses, associacions, escoles, o universitats que aix\u00ed ho desitgin, organitzant una operaci\u00f3 de neteja. I els ciutadans, a trav\u00e9s de la seva participaci\u00f3 directa en aquestes activitats.<\/p>\n<p>Els organitzadors rebran un kit de material log\u00edstic (bosses de r\u00e0fia reutilitzable, guants protectors i armilles). Des d&#8217;avui fins al 31 de mar\u00e7 teniu temps per a inscriure una acci\u00f3 de neteja, el material es lliurar\u00e0 per ordre d\u2019inscripci\u00f3 d\u2019activitat i fins a exhaurir les exist\u00e8ncies.<\/p>\n<h6><strong>Inscripcions<\/strong><\/h6>\n<p>Formalitzant la inscripci\u00f3 al seg\u00fcent <a href=\"http:\/\/sdr.arc.cat\/prevencio\/GetLoginPrevencio.do\" target=\"_blank\"><strong>formulari<\/strong><\/a>.<\/p>\n<h6><a href=\"http:\/\/residus.gencat.cat\/ca\/ambits_dactuacio\/prevencio\/setmana_europea\/lets_clean_up_europe\/\" target=\"_blank\"><strong>Per saber-ne m\u00e9s<\/strong><\/a><\/h6>\n<\/div>\n<\/div>\n","protected":false},"excerpt":{"rendered":"<p>Una operaci\u00f3 de neteja d\u00f3na resposta a problemes ambientals originats per abocaments incontrolats en espais naturals.<\/p>\n","protected":false},"author":1,"featured_media":5092,"comment_status":"open","ping_status":"open","sticky":false,"template":"","format":"standard","meta":{"_bbp_topic_count":0,"_bbp_reply_count":0,"_bbp_total_topic_count":0,"_bbp_total_reply_count":0,"_bbp_voice_count":0,"_bbp_anonymous_reply_count":0,"_bbp_topic_count_hidden":0,"_bbp_reply_count_hidden":0,"_bbp_forum_subforum_count":0,"site-sidebar-layout":"default","site-content-layout":"","ast-site-content-layout":"","site-content-style":"default","site-sidebar-style":"default","ast-global-header-display":"","ast-banner-title-visibility":"","ast-main-header-display":"","ast-hfb-above-header-display":"","ast-hfb-below-header-display":"","ast-hfb-mobile-header-display":"","site-post-title":"","ast-breadcrumbs-content":"","ast-featured-img":"","footer-sml-layout":"","theme-transparent-header-meta":"","adv-header-id-meta":"","stick-header-meta":"","header-above-stick-meta":"","header-main-stick-meta":"","header-below-stick-meta":"","astra-migrate-meta-layouts":"default","ast-page-background-enabled":"default","ast-page-background-meta":{"desktop":{"background-color":"var(--ast-global-color-4)","background-image":"","background-repeat":"repeat","background-position":"center center","background-size":"auto","background-attachment":"scroll","background-type":"","background-media":"","overlay-type":"","overlay-color":"","overlay-opacity":"","overlay-gradient":""},"tablet":{"background-color":"","background-image":"","background-repeat":"repeat","background-position":"center center","background-size":"auto","background-attachment":"scroll","background-type":"","background-media":"","overlay-type":"","overlay-color":"","overlay-opacity":"","overlay-gradient":""},"mobile":{"background-color":"","background-image":"","background-repeat":"repeat","background-position":"center center","background-size":"auto","background-attachment":"scroll","background-type":"","background-media":"","overlay-type":"","overlay-color":"","overlay-opacity":"","overlay-gradient":""}},"ast-content-background-meta":{"desktop":{"background-color":"var(--ast-global-color-5)","background-image":"","background-repeat":"repeat","background-position":"center center","background-size":"auto","background-attachment":"scroll","background-type":"","background-media":"","overlay-type":"","overlay-color":"","overlay-opacity":"","overlay-gradient":""},"tablet":{"background-color":"var(--ast-global-color-5)","background-image":"","background-repeat":"repeat","background-position":"center center","background-size":"auto","background-attachment":"scroll","background-type":"","background-media":"","overlay-type":"","overlay-color":"","overlay-opacity":"","overlay-gradient":""},"mobile":{"background-color":"var(--ast-global-color-5)","background-image":"","background-repeat":"repeat","background-position":"center center","background-size":"auto","background-attachment":"scroll","background-type":"","background-media":"","overlay-type":"","overlay-color":"","overlay-opacity":"","overlay-gradient":""}},"footnotes":""},"categories":[218],"tags":[242,282,283,261],"class_list":["post-5082","post","type-post","status-publish","format-standard","has-post-thumbnail","hentry","category-sostenibilitat","tag-curs-2016-17","tag-espais-verds","tag-residus","tag-sostenibilitat"],"post_mailing_queue_ids":[],"_links":{"self":[{"href":"https:\/\/serveiseducatius.xtec.cat\/baixcamp\/wp-json\/wp\/v2\/posts\/5082","targetHints":{"allow":["GET"]}}],"collection":[{"href":"https:\/\/serveiseducatius.xtec.cat\/baixcamp\/wp-json\/wp\/v2\/posts"}],"about":[{"href":"https:\/\/serveiseducatius.xtec.cat\/baixcamp\/wp-json\/wp\/v2\/types\/post"}],"author":[{"embeddable":true,"href":"https:\/\/serveiseducatius.xtec.cat\/baixcamp\/wp-json\/wp\/v2\/users\/1"}],"replies":[{"embeddable":true,"href":"https:\/\/serveiseducatius.xtec.cat\/baixcamp\/wp-json\/wp\/v2\/comments?post=5082"}],"version-history":[{"count":3,"href":"https:\/\/serveiseducatius.xtec.cat\/baixcamp\/wp-json\/wp\/v2\/posts\/5082\/revisions"}],"predecessor-version":[{"id":5088,"href":"https:\/\/serveiseducatius.xtec.cat\/baixcamp\/wp-json\/wp\/v2\/posts\/5082\/revisions\/5088"}],"wp:featuredmedia":[{"embeddable":true,"href":"https:\/\/serveiseducatius.xtec.cat\/baixcamp\/wp-json\/wp\/v2\/media\/5092"}],"wp:attachment":[{"href":"https:\/\/serveiseducatius.xtec.cat\/baixcamp\/wp-json\/wp\/v2\/media?parent=5082"}],"wp:term":[{"taxonomy":"category","embeddable":true,"href":"https:\/\/serveiseducatius.xtec.cat\/baixcamp\/wp-json\/wp\/v2\/categories?post=5082"},{"taxonomy":"post_tag","embeddable":true,"href":"https:\/\/serveiseducatius.xtec.cat\/baixcamp\/wp-json\/wp\/v2\/tags?post=5082"}],"curies":[{"name":"wp","href":"https:\/\/api.w.org\/{rel}","templated":true}]}}