{"id":4304,"date":"2017-02-06T17:30:57","date_gmt":"2017-02-06T16:30:57","guid":{"rendered":"http:\/\/serveiseducatius.xtec.cat\/baixcamp\/?p=4304"},"modified":"2018-11-20T13:20:54","modified_gmt":"2018-11-20T12:20:54","slug":"una-app-converteix-la-ruta-modernista-de-reus-en-un-concurs-cultural","status":"publish","type":"post","link":"https:\/\/serveiseducatius.xtec.cat\/baixcamp\/xtcd\/una-app-converteix-la-ruta-modernista-de-reus-en-un-concurs-cultural\/","title":{"rendered":"Una app converteix la Ruta Modernista de Reus en un concurs cultural"},"content":{"rendered":"<p><a href=\"http:\/\/serveiseducatius.xtec.cat\/baixcamp\/wp-content\/uploads\/usu950\/2017\/02\/app-TR-Ins-Salvador-Vilaseca.jpg\"><img loading=\"lazy\" decoding=\"async\" class=\"size-full wp-image-4306 alignleft\" src=\"http:\/\/serveiseducatius.xtec.cat\/baixcamp\/wp-content\/uploads\/usu950\/2017\/02\/app-TR-Ins-Salvador-Vilaseca.jpg\" alt=\"app-tr-ins-salvador-vilaseca\" width=\"150\" height=\"99\" \/><\/a>Quatre estudiants,\u00a0 <strong>Miseric\u00f2rdia Avila<\/strong>, <strong>Quim Cavall\u00e9<\/strong>,<strong> Isabel Manresa<\/strong> i <strong>Aleix Paris<\/strong>, de l\u2019<strong>Institut Salvador Vilaseca<\/strong> de Reus han impulsat l\u2019aplicaci\u00f3 <em>Reus Modernista<\/em>, que vol promocionar el patrimoni cultural de la ciutat amb una ruta que s\u2019apropa a set dels edificis modernistes m\u00e9s rellevants mitjan\u00e7ant el sistema de geocalitzaci\u00f3 de Google Maps. La Casa Nav\u00e0s, la Casa Tom\u00e0s Jordi, la Casa Gasull, l\u2019Institut Pere Mata, la Casa Querol, la F\u00e0brica Rius Gatell i la Casa Rull s\u00f3n les visites que proposa l\u2019aplicaci\u00f3 i sobre les que, un cop davant, s\u2019hauran de respondre una s\u00e8rie de preguntes. Cada pregunta encertada ens apropa m\u00e9s al premi, que \u00e9s, ni m\u00e9s ni menys, Antoni Gaud\u00ed. La seva imatge anir\u00e0 apareixent per parts a mesura que avancem amb la ruta, fins a completar-la amb l\u2019\u00faltima pregunta.<\/p>\n<h6><strong>Per saber-ne m\u00e9s<\/strong><\/h6>\n<p><em><a href=\"http:\/\/reusdigital.cat\/noticies\/reus\/una-nova-aplicacio-converteix-la-ruta-modernista-de-reus-en-un-concurs-cultural\" target=\"_blank\" rel=\"noopener noreferrer\">Una nova aplicaci\u00f3 converteix la Ruta Modernista de Reus en un concurs cultural<\/a><\/em><br \/>\nQuatre estudiants de l\u2019Institut Salvador Vilaseca han creat el projecte com a treball de recerca<br \/>\nPer Paula Garc\u00eda. 6-2-2017. Reusdigital.cat<\/p>\n","protected":false},"excerpt":{"rendered":"<p>4 estudiants de TR impulsen una app per promocionar el patrimoni cultural Modernista de Reus.<\/p>\n","protected":false},"author":1,"featured_media":4306,"comment_status":"open","ping_status":"closed","sticky":false,"template":"","format":"standard","meta":{"_bbp_topic_count":0,"_bbp_reply_count":0,"_bbp_total_topic_count":0,"_bbp_total_reply_count":0,"_bbp_voice_count":0,"_bbp_anonymous_reply_count":0,"_bbp_topic_count_hidden":0,"_bbp_reply_count_hidden":0,"_bbp_forum_subforum_count":0,"site-sidebar-layout":"default","site-content-layout":"","ast-site-content-layout":"","site-content-style":"default","site-sidebar-style":"default","ast-global-header-display":"","ast-banner-title-visibility":"","ast-main-header-display":"","ast-hfb-above-header-display":"","ast-hfb-below-header-display":"","ast-hfb-mobile-header-display":"","site-post-title":"","ast-breadcrumbs-content":"","ast-featured-img":"","footer-sml-layout":"","theme-transparent-header-meta":"","adv-header-id-meta":"","stick-header-meta":"","header-above-stick-meta":"","header-main-stick-meta":"","header-below-stick-meta":"","astra-migrate-meta-layouts":"default","ast-page-background-enabled":"default","ast-page-background-meta":{"desktop":{"background-color":"var(--ast-global-color-4)","background-image":"","background-repeat":"repeat","background-position":"center center","background-size":"auto","background-attachment":"scroll","background-type":"","background-media":"","overlay-type":"","overlay-color":"","overlay-opacity":"","overlay-gradient":""},"tablet":{"background-color":"","background-image":"","background-repeat":"repeat","background-position":"center center","background-size":"auto","background-attachment":"scroll","background-type":"","background-media":"","overlay-type":"","overlay-color":"","overlay-opacity":"","overlay-gradient":""},"mobile":{"background-color":"","background-image":"","background-repeat":"repeat","background-position":"center center","background-size":"auto","background-attachment":"scroll","background-type":"","background-media":"","overlay-type":"","overlay-color":"","overlay-opacity":"","overlay-gradient":""}},"ast-content-background-meta":{"desktop":{"background-color":"var(--ast-global-color-5)","background-image":"","background-repeat":"repeat","background-position":"center center","background-size":"auto","background-attachment":"scroll","background-type":"","background-media":"","overlay-type":"","overlay-color":"","overlay-opacity":"","overlay-gradient":""},"tablet":{"background-color":"var(--ast-global-color-5)","background-image":"","background-repeat":"repeat","background-position":"center center","background-size":"auto","background-attachment":"scroll","background-type":"","background-media":"","overlay-type":"","overlay-color":"","overlay-opacity":"","overlay-gradient":""},"mobile":{"background-color":"var(--ast-global-color-5)","background-image":"","background-repeat":"repeat","background-position":"center center","background-size":"auto","background-attachment":"scroll","background-type":"","background-media":"","overlay-type":"","overlay-color":"","overlay-opacity":"","overlay-gradient":""}},"footnotes":""},"categories":[158,78],"tags":[240,242,266,251,267],"class_list":["post-4304","post","type-post","status-publish","format-standard","has-post-thumbnail","hentry","category-robotica","category-xtcd","tag-batxillerat","tag-curs-2016-17","tag-institut-salvador-vilaseca","tag-tecnologia","tag-tr"],"post_mailing_queue_ids":[],"_links":{"self":[{"href":"https:\/\/serveiseducatius.xtec.cat\/baixcamp\/wp-json\/wp\/v2\/posts\/4304","targetHints":{"allow":["GET"]}}],"collection":[{"href":"https:\/\/serveiseducatius.xtec.cat\/baixcamp\/wp-json\/wp\/v2\/posts"}],"about":[{"href":"https:\/\/serveiseducatius.xtec.cat\/baixcamp\/wp-json\/wp\/v2\/types\/post"}],"author":[{"embeddable":true,"href":"https:\/\/serveiseducatius.xtec.cat\/baixcamp\/wp-json\/wp\/v2\/users\/1"}],"replies":[{"embeddable":true,"href":"https:\/\/serveiseducatius.xtec.cat\/baixcamp\/wp-json\/wp\/v2\/comments?post=4304"}],"version-history":[{"count":3,"href":"https:\/\/serveiseducatius.xtec.cat\/baixcamp\/wp-json\/wp\/v2\/posts\/4304\/revisions"}],"predecessor-version":[{"id":6970,"href":"https:\/\/serveiseducatius.xtec.cat\/baixcamp\/wp-json\/wp\/v2\/posts\/4304\/revisions\/6970"}],"wp:featuredmedia":[{"embeddable":true,"href":"https:\/\/serveiseducatius.xtec.cat\/baixcamp\/wp-json\/wp\/v2\/media\/4306"}],"wp:attachment":[{"href":"https:\/\/serveiseducatius.xtec.cat\/baixcamp\/wp-json\/wp\/v2\/media?parent=4304"}],"wp:term":[{"taxonomy":"category","embeddable":true,"href":"https:\/\/serveiseducatius.xtec.cat\/baixcamp\/wp-json\/wp\/v2\/categories?post=4304"},{"taxonomy":"post_tag","embeddable":true,"href":"https:\/\/serveiseducatius.xtec.cat\/baixcamp\/wp-json\/wp\/v2\/tags?post=4304"}],"curies":[{"name":"wp","href":"https:\/\/api.w.org\/{rel}","templated":true}]}}