{"id":3235,"date":"2016-12-13T08:58:04","date_gmt":"2016-12-13T07:58:04","guid":{"rendered":"http:\/\/serveiseducatius.xtec.cat\/baixcamp\/?p=3235"},"modified":"2018-09-29T11:13:50","modified_gmt":"2018-09-29T09:13:50","slug":"les-energies-renovables-lalternativa-al-col%c2%b7lapse-de-les-energies-fossils","status":"publish","type":"post","link":"https:\/\/serveiseducatius.xtec.cat\/baixcamp\/motxilla-bioclimatica\/les-energies-renovables-lalternativa-al-col%c2%b7lapse-de-les-energies-fossils\/","title":{"rendered":"Les energies renovables: una alternativa"},"content":{"rendered":"<h6><strong>Qu\u00e8<a href=\"http:\/\/serveiseducatius.xtec.cat\/baixcamp\/wp-content\/uploads\/usu950\/2016\/12\/PORTADA-energies-renovables-alternativa.png\"><img loading=\"lazy\" decoding=\"async\" class=\"size-full wp-image-3237 alignleft\" src=\"http:\/\/serveiseducatius.xtec.cat\/baixcamp\/wp-content\/uploads\/usu950\/2016\/12\/PORTADA-energies-renovables-alternativa.png\" alt=\"portada-energies-renovables-alternativa\" width=\"226\" height=\"300\" \/><\/a> \u00e9s?<\/strong><\/h6>\n<p>Material did\u00e0ctic de reflexi\u00f3 sobre el proper <strong>exhauriment dels combustibles no renovables<\/strong> (petroli, gas, carb\u00f3 i urani) i les <strong>conseq\u00fc\u00e8ncies<\/strong> de la seva combusti\u00f3 sobre el sistema <strong>clim\u00e0tic<\/strong>.<br \/>\nUn problema real que es planteja a les generacions actuals, i que tindr\u00e0 una especial incid\u00e8ncia sobre les generacions futures.<\/p>\n<h6><strong>A qui s&#8217;adre\u00e7a?<\/strong><\/h6>\n<p>Est\u00e0 destinat preferentment al professorat de<strong> secund\u00e0ria<\/strong> per a que adapti els continguts i les activitats did\u00e0ctiques al seu alumnat.<\/p>\n<h6><strong>Quina \u00e9s la seva finalitat?<\/strong><\/h6>\n<p>Plantejar<strong> una soluci\u00f3 <\/strong>factible: la <strong>transici\u00f3 global a l\u2019\u00fas de les energies renovables<\/strong> (fotovoltaica, termosolar, e\u00f2lica, hidr\u00e0ulica, etc.).<br \/>\nAquesta proposta pret\u00e9n proporcionar dades suficients sobre els problemes existents i les solucions proposades, per tal que la seva lectura sigui, per si mateixa, una base que permeti la reflexi\u00f3 i la formaci\u00f3 d\u2019un criteri objectiu i independent.<\/p>\n<h6><strong>Com est\u00e0 estructurada la proposta did\u00e0ctica?<\/strong><\/h6>\n<p style=\"padding-left: 30px;\">Fonamentaci\u00f3 cientificotecnol\u00f2gica<br \/>\nActivitats did\u00e0ctiques<br \/>\nGuia did\u00e0ctica<\/p>\n<h6><strong>Quins s\u00f3n els objectius?<\/strong><\/h6>\n<p style=\"padding-left: 30px;\">Reflexionar sobre qu\u00e8 representa l\u2019energia que s\u2019utilitza en la vida di\u00e0ria i preguntar-se si se\u2019n fa un bon \u00fas o es malbarata.<br \/>\nProposar mesures de racionalitzaci\u00f3 d\u2019estalvi energ\u00e8tic.<br \/>\nInformar, amb xifres i dades, dels consums i les reserves mundials existents dels combustibles f\u00f2ssils i d\u2019urani.<br \/>\nConscienciar sobre el proper exhauriment dels combustibles no renovables, previsible en uns 45 anys, i les conseq\u00fc\u00e8ncies de la seva combusti\u00f3 sobre el sistema clim\u00e0tic de la terra.<br \/>\nArgumentar que hi ha alternativa real als combustibles f\u00f2ssils i que aquesta \u00e9s la transici\u00f3 global a energies renovables; que \u00e9s factible i rendible econ\u00f2micament portar a terme aquest canvi.<\/p>\n<h6><strong>Enlla\u00e7os als documents<\/strong><\/h6>\n<ul>\n<li><a href=\"http:\/\/agora.xtec.cat\/cesire\/wp-content\/uploads\/usu397\/2016\/11\/LLIBRE-ENERGIA_V1.0.pdf\" target=\"_blank\" rel=\"noopener noreferrer\">Fonamentaci\u00f3 cient\u00edfico-tecnol\u00f2gica. Activitats. Guia did\u00e0ctica <\/a>(<i>Document complet<\/i>)<\/li>\n<li><a href=\"http:\/\/agora.xtec.cat\/cesire\/wp-content\/uploads\/usu397\/2016\/11\/ACTIVITATS-DID%C3%80CTIQUES.doc\" target=\"_blank\" rel=\"noopener noreferrer\">Activitats did\u00e0ctiques <\/a>(<em>Contingudes en el document complet per\u00f2 editable<\/em>)<\/li>\n<li><a href=\"http:\/\/agora.xtec.cat\/cesire\/wp-content\/uploads\/usu397\/2016\/11\/PROPOSTA-DE-R%C3%9ABRIQUES.doc\" target=\"_blank\" rel=\"noopener noreferrer\">R\u00fabriques d\u2019avaluaci\u00f3 <\/a>(<em>Contingudes en el document complet per\u00f2 editable<\/em>)<\/li>\n<\/ul>\n","protected":false},"excerpt":{"rendered":"<p>Plantejar una soluci\u00f3 factible: la transici\u00f3 dels combustibles no renovables a l\u2019\u00fas de les energies renovables a partir d&#8217;un criteri objectiu i independent.<\/p>\n","protected":false},"author":1,"featured_media":3259,"comment_status":"open","ping_status":"closed","sticky":false,"template":"","format":"standard","meta":{"_bbp_topic_count":0,"_bbp_reply_count":0,"_bbp_total_topic_count":0,"_bbp_total_reply_count":0,"_bbp_voice_count":0,"_bbp_anonymous_reply_count":0,"_bbp_topic_count_hidden":0,"_bbp_reply_count_hidden":0,"_bbp_forum_subforum_count":0,"site-sidebar-layout":"default","site-content-layout":"","ast-site-content-layout":"","site-content-style":"default","site-sidebar-style":"default","ast-global-header-display":"","ast-banner-title-visibility":"","ast-main-header-display":"","ast-hfb-above-header-display":"","ast-hfb-below-header-display":"","ast-hfb-mobile-header-display":"","site-post-title":"","ast-breadcrumbs-content":"","ast-featured-img":"","footer-sml-layout":"","theme-transparent-header-meta":"","adv-header-id-meta":"","stick-header-meta":"","header-above-stick-meta":"","header-main-stick-meta":"","header-below-stick-meta":"","astra-migrate-meta-layouts":"default","ast-page-background-enabled":"default","ast-page-background-meta":{"desktop":{"background-color":"var(--ast-global-color-4)","background-image":"","background-repeat":"repeat","background-position":"center center","background-size":"auto","background-attachment":"scroll","background-type":"","background-media":"","overlay-type":"","overlay-color":"","overlay-opacity":"","overlay-gradient":""},"tablet":{"background-color":"","background-image":"","background-repeat":"repeat","background-position":"center center","background-size":"auto","background-attachment":"scroll","background-type":"","background-media":"","overlay-type":"","overlay-color":"","overlay-opacity":"","overlay-gradient":""},"mobile":{"background-color":"","background-image":"","background-repeat":"repeat","background-position":"center center","background-size":"auto","background-attachment":"scroll","background-type":"","background-media":"","overlay-type":"","overlay-color":"","overlay-opacity":"","overlay-gradient":""}},"ast-content-background-meta":{"desktop":{"background-color":"var(--ast-global-color-5)","background-image":"","background-repeat":"repeat","background-position":"center center","background-size":"auto","background-attachment":"scroll","background-type":"","background-media":"","overlay-type":"","overlay-color":"","overlay-opacity":"","overlay-gradient":""},"tablet":{"background-color":"var(--ast-global-color-5)","background-image":"","background-repeat":"repeat","background-position":"center center","background-size":"auto","background-attachment":"scroll","background-type":"","background-media":"","overlay-type":"","overlay-color":"","overlay-opacity":"","overlay-gradient":""},"mobile":{"background-color":"var(--ast-global-color-5)","background-image":"","background-repeat":"repeat","background-position":"center center","background-size":"auto","background-attachment":"scroll","background-type":"","background-media":"","overlay-type":"","overlay-color":"","overlay-opacity":"","overlay-gradient":""}},"footnotes":""},"categories":[218,74],"tags":[86,242,294,45,261,251],"class_list":["post-3235","post","type-post","status-publish","format-standard","has-post-thumbnail","hentry","category-sostenibilitat","category-motxilla-bioclimatica","tag-ciencies","tag-curs-2016-17","tag-escola-verda","tag-salut","tag-sostenibilitat","tag-tecnologia"],"post_mailing_queue_ids":[],"_links":{"self":[{"href":"https:\/\/serveiseducatius.xtec.cat\/baixcamp\/wp-json\/wp\/v2\/posts\/3235","targetHints":{"allow":["GET"]}}],"collection":[{"href":"https:\/\/serveiseducatius.xtec.cat\/baixcamp\/wp-json\/wp\/v2\/posts"}],"about":[{"href":"https:\/\/serveiseducatius.xtec.cat\/baixcamp\/wp-json\/wp\/v2\/types\/post"}],"author":[{"embeddable":true,"href":"https:\/\/serveiseducatius.xtec.cat\/baixcamp\/wp-json\/wp\/v2\/users\/1"}],"replies":[{"embeddable":true,"href":"https:\/\/serveiseducatius.xtec.cat\/baixcamp\/wp-json\/wp\/v2\/comments?post=3235"}],"version-history":[{"count":3,"href":"https:\/\/serveiseducatius.xtec.cat\/baixcamp\/wp-json\/wp\/v2\/posts\/3235\/revisions"}],"predecessor-version":[{"id":7387,"href":"https:\/\/serveiseducatius.xtec.cat\/baixcamp\/wp-json\/wp\/v2\/posts\/3235\/revisions\/7387"}],"wp:featuredmedia":[{"embeddable":true,"href":"https:\/\/serveiseducatius.xtec.cat\/baixcamp\/wp-json\/wp\/v2\/media\/3259"}],"wp:attachment":[{"href":"https:\/\/serveiseducatius.xtec.cat\/baixcamp\/wp-json\/wp\/v2\/media?parent=3235"}],"wp:term":[{"taxonomy":"category","embeddable":true,"href":"https:\/\/serveiseducatius.xtec.cat\/baixcamp\/wp-json\/wp\/v2\/categories?post=3235"},{"taxonomy":"post_tag","embeddable":true,"href":"https:\/\/serveiseducatius.xtec.cat\/baixcamp\/wp-json\/wp\/v2\/tags?post=3235"}],"curies":[{"name":"wp","href":"https:\/\/api.w.org\/{rel}","templated":true}]}}