{"id":16826,"date":"2026-04-27T20:08:33","date_gmt":"2026-04-27T18:08:33","guid":{"rendered":"https:\/\/serveiseducatius.xtec.cat\/baixcamp\/?p=16826"},"modified":"2026-04-27T20:10:13","modified_gmt":"2026-04-27T18:10:13","slug":"ii-jornada-de-memoria-democratica-al-camp-de-tarragona-memoria-i-pau","status":"publish","type":"post","link":"https:\/\/serveiseducatius.xtec.cat\/baixcamp\/general\/ii-jornada-de-memoria-democratica-al-camp-de-tarragona-memoria-i-pau\/","title":{"rendered":"II Jornada de Mem\u00f2ria Democr\u00e0tica al Camp de Tarragona \u201cMem\u00f2ria i Pau\u201d"},"content":{"rendered":"\n<p>Aquest dissabte 25 d\u2019abril de 2026, vam celebrar a Cambrils la II Jornada de Mem\u00f2ria Democr\u00e0tica del Camp de Tarragona a l\u2019antic edifici de La Salle de Cambrils amb el tema central de \u201cMem\u00f2ria i Pau\u201d. <\/p>\n\n\n\n<p>Aquesta jornada, dirigida a docents de diversos nivells educatius (Prim\u00e0ria, Secund\u00e0ria, Universitat) per\u00f2 oberta a tot aquell p\u00fablic interessat, va donar veu a historiadors, memorialistes i docents que van ser convidats a reflexionar sobre la import\u00e0ncia de la Mem\u00f2ria Democr\u00e0tica a trav\u00e9s de diverses aportacions acad\u00e8miques i experi\u00e8ncies d&#8217;aula distribu\u00efdes al llarg del dia. <\/p>\n\n\n\n<figure class=\"wp-block-gallery has-nested-images columns-default is-cropped wp-block-gallery-1 is-layout-flex wp-block-gallery-is-layout-flex\">\n<figure class=\"wp-block-image size-large\"><img loading=\"lazy\" decoding=\"async\" width=\"450\" height=\"600\" data-id=\"16828\" src=\"https:\/\/serveiseducatius.xtec.cat\/baixcamp\/wp-content\/uploads\/usu950\/2026\/04\/WhatsApp-Image-2026-04-27-at-19.55.05-2-450x600.jpeg\" alt=\"\" class=\"wp-image-16828\" srcset=\"https:\/\/serveiseducatius.xtec.cat\/baixcamp\/wp-content\/uploads\/usu950\/2026\/04\/WhatsApp-Image-2026-04-27-at-19.55.05-2-450x600.jpeg 450w, https:\/\/serveiseducatius.xtec.cat\/baixcamp\/wp-content\/uploads\/usu950\/2026\/04\/WhatsApp-Image-2026-04-27-at-19.55.05-2-225x300.jpeg 225w, https:\/\/serveiseducatius.xtec.cat\/baixcamp\/wp-content\/uploads\/usu950\/2026\/04\/WhatsApp-Image-2026-04-27-at-19.55.05-2-768x1024.jpeg 768w, https:\/\/serveiseducatius.xtec.cat\/baixcamp\/wp-content\/uploads\/usu950\/2026\/04\/WhatsApp-Image-2026-04-27-at-19.55.05-2-1152x1536.jpeg 1152w, https:\/\/serveiseducatius.xtec.cat\/baixcamp\/wp-content\/uploads\/usu950\/2026\/04\/WhatsApp-Image-2026-04-27-at-19.55.05-2.jpeg 1536w\" sizes=\"auto, (max-width: 450px) 100vw, 450px\" \/><\/figure>\n\n\n\n<figure class=\"wp-block-image size-large\"><img loading=\"lazy\" decoding=\"async\" width=\"450\" height=\"600\" data-id=\"16830\" src=\"https:\/\/serveiseducatius.xtec.cat\/baixcamp\/wp-content\/uploads\/usu950\/2026\/04\/WhatsApp-Image-2026-04-27-at-19.55.05-1-450x600.jpeg\" alt=\"\" class=\"wp-image-16830\" srcset=\"https:\/\/serveiseducatius.xtec.cat\/baixcamp\/wp-content\/uploads\/usu950\/2026\/04\/WhatsApp-Image-2026-04-27-at-19.55.05-1-450x600.jpeg 450w, https:\/\/serveiseducatius.xtec.cat\/baixcamp\/wp-content\/uploads\/usu950\/2026\/04\/WhatsApp-Image-2026-04-27-at-19.55.05-1-225x300.jpeg 225w, https:\/\/serveiseducatius.xtec.cat\/baixcamp\/wp-content\/uploads\/usu950\/2026\/04\/WhatsApp-Image-2026-04-27-at-19.55.05-1-768x1024.jpeg 768w, https:\/\/serveiseducatius.xtec.cat\/baixcamp\/wp-content\/uploads\/usu950\/2026\/04\/WhatsApp-Image-2026-04-27-at-19.55.05-1-1152x1536.jpeg 1152w, https:\/\/serveiseducatius.xtec.cat\/baixcamp\/wp-content\/uploads\/usu950\/2026\/04\/WhatsApp-Image-2026-04-27-at-19.55.05-1.jpeg 1536w\" sizes=\"auto, (max-width: 450px) 100vw, 450px\" \/><\/figure>\n\n\n\n<figure class=\"wp-block-image size-large\"><img loading=\"lazy\" decoding=\"async\" width=\"450\" height=\"600\" data-id=\"16829\" src=\"https:\/\/serveiseducatius.xtec.cat\/baixcamp\/wp-content\/uploads\/usu950\/2026\/04\/WhatsApp-Image-2026-04-27-at-19.55.03-4-450x600.jpeg\" alt=\"\" class=\"wp-image-16829\" srcset=\"https:\/\/serveiseducatius.xtec.cat\/baixcamp\/wp-content\/uploads\/usu950\/2026\/04\/WhatsApp-Image-2026-04-27-at-19.55.03-4-450x600.jpeg 450w, https:\/\/serveiseducatius.xtec.cat\/baixcamp\/wp-content\/uploads\/usu950\/2026\/04\/WhatsApp-Image-2026-04-27-at-19.55.03-4-225x300.jpeg 225w, https:\/\/serveiseducatius.xtec.cat\/baixcamp\/wp-content\/uploads\/usu950\/2026\/04\/WhatsApp-Image-2026-04-27-at-19.55.03-4-768x1024.jpeg 768w, https:\/\/serveiseducatius.xtec.cat\/baixcamp\/wp-content\/uploads\/usu950\/2026\/04\/WhatsApp-Image-2026-04-27-at-19.55.03-4-1152x1536.jpeg 1152w, https:\/\/serveiseducatius.xtec.cat\/baixcamp\/wp-content\/uploads\/usu950\/2026\/04\/WhatsApp-Image-2026-04-27-at-19.55.03-4.jpeg 1536w\" sizes=\"auto, (max-width: 450px) 100vw, 450px\" \/><\/figure>\n<\/figure>\n\n\n\n<p>Va obrir la jornada la C\u00e9cile Barbeito Thonon, membre de l\u2019Escola de Cultura la Pau (UAB), amb una intervenci\u00f3 titulada \u201cEstrat\u00e8gies per aprendre la pau enmig de la polaritzaci\u00f3 i la guerra\u201d. <\/p>\n\n\n\n<p>Tot seguit, vam gaudir de la taula de di\u00e0leg \u201cMem\u00f2ria i Pau: estat de la q\u00fcesti\u00f3 i reptes\u201d en la qual Montserrat Coll Larrosa (INS Tarragona -Tarragona-), Gerard Carceller Barrabeig (INS Joan Puig i Ferreter -La Selva del Camp-), Jordina Font Borr\u00e0s (COL Cardenal Vidal i Barraquer -Cambrils-), i Elisenda Gil N\u00fa\u00f1ez (ESC Mari\u00e0 Fortuny -Reus-), van compartir experi\u00e8ncies i coneixements sobre la Mem\u00f2ria i l\u2019Educaci\u00f3 i van debatre sobre com es parla i com es poden afrontar temes memorialistes avui. <\/p>\n\n\n\n<p>La taula la va moderar l&#8217;Anna Pastor Roldan, historiadora. <\/p>\n\n\n\n<figure class=\"wp-block-gallery has-nested-images columns-default is-cropped wp-block-gallery-2 is-layout-flex wp-block-gallery-is-layout-flex\">\n<figure class=\"wp-block-image size-large\"><img loading=\"lazy\" decoding=\"async\" width=\"600\" height=\"450\" data-id=\"16831\" src=\"https:\/\/serveiseducatius.xtec.cat\/baixcamp\/wp-content\/uploads\/usu950\/2026\/04\/WhatsApp-Image-2026-04-27-at-19.55.05-4-600x450.jpeg\" alt=\"\" class=\"wp-image-16831\" srcset=\"https:\/\/serveiseducatius.xtec.cat\/baixcamp\/wp-content\/uploads\/usu950\/2026\/04\/WhatsApp-Image-2026-04-27-at-19.55.05-4-600x450.jpeg 600w, https:\/\/serveiseducatius.xtec.cat\/baixcamp\/wp-content\/uploads\/usu950\/2026\/04\/WhatsApp-Image-2026-04-27-at-19.55.05-4-300x225.jpeg 300w, https:\/\/serveiseducatius.xtec.cat\/baixcamp\/wp-content\/uploads\/usu950\/2026\/04\/WhatsApp-Image-2026-04-27-at-19.55.05-4-768x576.jpeg 768w, https:\/\/serveiseducatius.xtec.cat\/baixcamp\/wp-content\/uploads\/usu950\/2026\/04\/WhatsApp-Image-2026-04-27-at-19.55.05-4-1536x1152.jpeg 1536w, https:\/\/serveiseducatius.xtec.cat\/baixcamp\/wp-content\/uploads\/usu950\/2026\/04\/WhatsApp-Image-2026-04-27-at-19.55.05-4.jpeg 2048w\" sizes=\"auto, (max-width: 600px) 100vw, 600px\" \/><\/figure>\n\n\n\n<figure class=\"wp-block-image size-large\"><img loading=\"lazy\" decoding=\"async\" width=\"600\" height=\"450\" data-id=\"16832\" src=\"https:\/\/serveiseducatius.xtec.cat\/baixcamp\/wp-content\/uploads\/usu950\/2026\/04\/WhatsApp-Image-2026-04-27-at-19.55.05-3-600x450.jpeg\" alt=\"\" class=\"wp-image-16832\" srcset=\"https:\/\/serveiseducatius.xtec.cat\/baixcamp\/wp-content\/uploads\/usu950\/2026\/04\/WhatsApp-Image-2026-04-27-at-19.55.05-3-600x450.jpeg 600w, https:\/\/serveiseducatius.xtec.cat\/baixcamp\/wp-content\/uploads\/usu950\/2026\/04\/WhatsApp-Image-2026-04-27-at-19.55.05-3-300x225.jpeg 300w, https:\/\/serveiseducatius.xtec.cat\/baixcamp\/wp-content\/uploads\/usu950\/2026\/04\/WhatsApp-Image-2026-04-27-at-19.55.05-3-768x576.jpeg 768w, https:\/\/serveiseducatius.xtec.cat\/baixcamp\/wp-content\/uploads\/usu950\/2026\/04\/WhatsApp-Image-2026-04-27-at-19.55.05-3-1536x1152.jpeg 1536w, https:\/\/serveiseducatius.xtec.cat\/baixcamp\/wp-content\/uploads\/usu950\/2026\/04\/WhatsApp-Image-2026-04-27-at-19.55.05-3.jpeg 2048w\" sizes=\"auto, (max-width: 600px) 100vw, 600px\" \/><\/figure>\n\n\n\n<figure class=\"wp-block-image size-large\"><img loading=\"lazy\" decoding=\"async\" width=\"600\" height=\"450\" data-id=\"16833\" src=\"https:\/\/serveiseducatius.xtec.cat\/baixcamp\/wp-content\/uploads\/usu950\/2026\/04\/WhatsApp-Image-2026-04-27-at-19.55.04-3-600x450.jpeg\" alt=\"\" class=\"wp-image-16833\" srcset=\"https:\/\/serveiseducatius.xtec.cat\/baixcamp\/wp-content\/uploads\/usu950\/2026\/04\/WhatsApp-Image-2026-04-27-at-19.55.04-3-600x450.jpeg 600w, https:\/\/serveiseducatius.xtec.cat\/baixcamp\/wp-content\/uploads\/usu950\/2026\/04\/WhatsApp-Image-2026-04-27-at-19.55.04-3-300x225.jpeg 300w, https:\/\/serveiseducatius.xtec.cat\/baixcamp\/wp-content\/uploads\/usu950\/2026\/04\/WhatsApp-Image-2026-04-27-at-19.55.04-3-768x576.jpeg 768w, https:\/\/serveiseducatius.xtec.cat\/baixcamp\/wp-content\/uploads\/usu950\/2026\/04\/WhatsApp-Image-2026-04-27-at-19.55.04-3-1536x1152.jpeg 1536w, https:\/\/serveiseducatius.xtec.cat\/baixcamp\/wp-content\/uploads\/usu950\/2026\/04\/WhatsApp-Image-2026-04-27-at-19.55.04-3.jpeg 2048w\" sizes=\"auto, (max-width: 600px) 100vw, 600px\" \/><\/figure>\n\n\n\n<figure class=\"wp-block-image size-large\"><img loading=\"lazy\" decoding=\"async\" width=\"600\" height=\"450\" data-id=\"16835\" src=\"https:\/\/serveiseducatius.xtec.cat\/baixcamp\/wp-content\/uploads\/usu950\/2026\/04\/WhatsApp-Image-2026-04-27-at-19.55.04-1-600x450.jpeg\" alt=\"\" class=\"wp-image-16835\" srcset=\"https:\/\/serveiseducatius.xtec.cat\/baixcamp\/wp-content\/uploads\/usu950\/2026\/04\/WhatsApp-Image-2026-04-27-at-19.55.04-1-600x450.jpeg 600w, https:\/\/serveiseducatius.xtec.cat\/baixcamp\/wp-content\/uploads\/usu950\/2026\/04\/WhatsApp-Image-2026-04-27-at-19.55.04-1-300x225.jpeg 300w, https:\/\/serveiseducatius.xtec.cat\/baixcamp\/wp-content\/uploads\/usu950\/2026\/04\/WhatsApp-Image-2026-04-27-at-19.55.04-1-768x576.jpeg 768w, https:\/\/serveiseducatius.xtec.cat\/baixcamp\/wp-content\/uploads\/usu950\/2026\/04\/WhatsApp-Image-2026-04-27-at-19.55.04-1-1536x1152.jpeg 1536w, https:\/\/serveiseducatius.xtec.cat\/baixcamp\/wp-content\/uploads\/usu950\/2026\/04\/WhatsApp-Image-2026-04-27-at-19.55.04-1.jpeg 2048w\" sizes=\"auto, (max-width: 600px) 100vw, 600px\" \/><\/figure>\n\n\n\n<figure class=\"wp-block-image size-large\"><img loading=\"lazy\" decoding=\"async\" width=\"600\" height=\"450\" data-id=\"16834\" src=\"https:\/\/serveiseducatius.xtec.cat\/baixcamp\/wp-content\/uploads\/usu950\/2026\/04\/WhatsApp-Image-2026-04-27-at-19.55.03-3-600x450.jpeg\" alt=\"\" class=\"wp-image-16834\" srcset=\"https:\/\/serveiseducatius.xtec.cat\/baixcamp\/wp-content\/uploads\/usu950\/2026\/04\/WhatsApp-Image-2026-04-27-at-19.55.03-3-600x450.jpeg 600w, https:\/\/serveiseducatius.xtec.cat\/baixcamp\/wp-content\/uploads\/usu950\/2026\/04\/WhatsApp-Image-2026-04-27-at-19.55.03-3-300x225.jpeg 300w, https:\/\/serveiseducatius.xtec.cat\/baixcamp\/wp-content\/uploads\/usu950\/2026\/04\/WhatsApp-Image-2026-04-27-at-19.55.03-3-768x576.jpeg 768w, https:\/\/serveiseducatius.xtec.cat\/baixcamp\/wp-content\/uploads\/usu950\/2026\/04\/WhatsApp-Image-2026-04-27-at-19.55.03-3-1536x1152.jpeg 1536w, https:\/\/serveiseducatius.xtec.cat\/baixcamp\/wp-content\/uploads\/usu950\/2026\/04\/WhatsApp-Image-2026-04-27-at-19.55.03-3.jpeg 2048w\" sizes=\"auto, (max-width: 600px) 100vw, 600px\" \/><\/figure>\n<\/figure>\n\n\n\n<p>Per tancar la sessi\u00f3 del mat\u00ed, N\u00faria Ballester Valveny, directora del Museu Pau Casals, ens va explicar l\u2019equipament i tota l\u2019oferta pedag\u00f2gica i did\u00e0ctica d\u2019aquest centre amb la seva intervenci\u00f3 \u201cM\u00fasica i valors: el projecte educatiu del Museu Pau Casals\u201d. Des de l&#8217;escola de m\u00fasica, ens van regalar un concert de violoncel interpretant &#8220;El cant dels ocells&#8221;<\/p>\n\n\n\n<figure class=\"wp-block-gallery has-nested-images columns-default is-cropped wp-block-gallery-3 is-layout-flex wp-block-gallery-is-layout-flex\">\n<figure class=\"wp-block-image size-full has-custom-border is-style-rounded\" style=\"margin-top:var(--wp--preset--spacing--40);margin-right:var(--wp--preset--spacing--80);margin-bottom:var(--wp--preset--spacing--40);margin-left:var(--wp--preset--spacing--80)\"><img loading=\"lazy\" decoding=\"async\" width=\"2048\" height=\"1536\" data-id=\"16836\" src=\"https:\/\/serveiseducatius.xtec.cat\/baixcamp\/wp-content\/uploads\/usu950\/2026\/04\/WhatsApp-Image-2026-04-27-at-19.55.03-2.jpeg\" alt=\"\" class=\"wp-image-16836\" style=\"border-style:none;border-width:0px;border-radius:100px\" srcset=\"https:\/\/serveiseducatius.xtec.cat\/baixcamp\/wp-content\/uploads\/usu950\/2026\/04\/WhatsApp-Image-2026-04-27-at-19.55.03-2.jpeg 2048w, https:\/\/serveiseducatius.xtec.cat\/baixcamp\/wp-content\/uploads\/usu950\/2026\/04\/WhatsApp-Image-2026-04-27-at-19.55.03-2-300x225.jpeg 300w, https:\/\/serveiseducatius.xtec.cat\/baixcamp\/wp-content\/uploads\/usu950\/2026\/04\/WhatsApp-Image-2026-04-27-at-19.55.03-2-600x450.jpeg 600w, https:\/\/serveiseducatius.xtec.cat\/baixcamp\/wp-content\/uploads\/usu950\/2026\/04\/WhatsApp-Image-2026-04-27-at-19.55.03-2-768x576.jpeg 768w, https:\/\/serveiseducatius.xtec.cat\/baixcamp\/wp-content\/uploads\/usu950\/2026\/04\/WhatsApp-Image-2026-04-27-at-19.55.03-2-1536x1152.jpeg 1536w\" sizes=\"auto, (max-width: 2048px) 100vw, 2048px\" \/><\/figure>\n\n\n\n<figure class=\"wp-block-image size-full has-custom-border\"><img loading=\"lazy\" decoding=\"async\" width=\"1152\" height=\"2048\" data-id=\"16845\" src=\"https:\/\/serveiseducatius.xtec.cat\/baixcamp\/wp-content\/uploads\/usu950\/2026\/04\/WhatsApp-Image-2026-04-27-at-19.55.03.jpeg\" alt=\"\" class=\"wp-image-16845\" style=\"border-radius:100px\" srcset=\"https:\/\/serveiseducatius.xtec.cat\/baixcamp\/wp-content\/uploads\/usu950\/2026\/04\/WhatsApp-Image-2026-04-27-at-19.55.03.jpeg 1152w, https:\/\/serveiseducatius.xtec.cat\/baixcamp\/wp-content\/uploads\/usu950\/2026\/04\/WhatsApp-Image-2026-04-27-at-19.55.03-169x300.jpeg 169w, https:\/\/serveiseducatius.xtec.cat\/baixcamp\/wp-content\/uploads\/usu950\/2026\/04\/WhatsApp-Image-2026-04-27-at-19.55.03-338x600.jpeg 338w, https:\/\/serveiseducatius.xtec.cat\/baixcamp\/wp-content\/uploads\/usu950\/2026\/04\/WhatsApp-Image-2026-04-27-at-19.55.03-768x1365.jpeg 768w, https:\/\/serveiseducatius.xtec.cat\/baixcamp\/wp-content\/uploads\/usu950\/2026\/04\/WhatsApp-Image-2026-04-27-at-19.55.03-864x1536.jpeg 864w\" sizes=\"auto, (max-width: 1152px) 100vw, 1152px\" \/><\/figure>\n<\/figure>\n\n\n\n<p>A la tarda, els assistents vam gaudir de la descoberta de l\u2019antic edifici de La Salle de Cambrils, una edificaci\u00f3 de car\u00e0cter neog\u00f2tic que va jugar un paper clau tant en l&#8217;educaci\u00f3 dels cambrilencs i cambrilenques com en el per\u00edode de la guerra civil espanyola<\/p>\n\n\n\n<p>Per concloure l&#8217;acte, vam descobrira la ruta \u201cEspais de Mem\u00f2ria Democr\u00e0tica a Cambrils\u201d de la m\u00e0 d\u2019en Gerard Mart\u00ed Estrada (Director del Museu d\u2019Hist\u00f2ria de Cambrils), que ens va acompanyar per diversos espais memorial\u00edstics de la poblaci\u00f3. <\/p>\n\n\n\n<div class=\"wp-block-getwid-images-slider has-arrows-inside has-dots-inside has-images-center has-cropped-images\"><div class=\"wp-block-getwid-images-slider__wrapper\" data-effect=\"slide\" data-slides-show=\"1\" data-slides-show-laptop=\"1\" data-slides-show-tablet=\"1\" data-slides-show-mobile=\"1\" data-slides-scroll=\"1\" data-autoplay=\"false\" data-pause-hover=\"false\" data-autoplay-speed=\"6000\" data-infinite=\"true\" data-animation-speed=\"800\" data-center-mode=\"false\" data-variable-width=\"false\" data-arrows=\"inside\" data-dots=\"inside\" data-spacing=\"none\"><div class=\"wp-block-getwid-images-slider__item\"><figure><img loading=\"lazy\" decoding=\"async\" width=\"1536\" height=\"2048\" src=\"https:\/\/serveiseducatius.xtec.cat\/baixcamp\/wp-content\/uploads\/usu950\/2026\/04\/WhatsApp-Image-2026-04-27-at-19.55.02-1-1.jpeg\" alt=\"\" data-id=\"16841\" data-link=\"https:\/\/serveiseducatius.xtec.cat\/baixcamp\/?attachment_id=16841\" data-original-link=\"https:\/\/serveiseducatius.xtec.cat\/baixcamp\/wp-content\/uploads\/usu950\/2026\/04\/WhatsApp-Image-2026-04-27-at-19.55.02-1-1.jpeg\" class=\"wp-block-getwid-images-slider__image wp-image-16841\" srcset=\"https:\/\/serveiseducatius.xtec.cat\/baixcamp\/wp-content\/uploads\/usu950\/2026\/04\/WhatsApp-Image-2026-04-27-at-19.55.02-1-1.jpeg 1536w, https:\/\/serveiseducatius.xtec.cat\/baixcamp\/wp-content\/uploads\/usu950\/2026\/04\/WhatsApp-Image-2026-04-27-at-19.55.02-1-1-225x300.jpeg 225w, https:\/\/serveiseducatius.xtec.cat\/baixcamp\/wp-content\/uploads\/usu950\/2026\/04\/WhatsApp-Image-2026-04-27-at-19.55.02-1-1-450x600.jpeg 450w, https:\/\/serveiseducatius.xtec.cat\/baixcamp\/wp-content\/uploads\/usu950\/2026\/04\/WhatsApp-Image-2026-04-27-at-19.55.02-1-1-768x1024.jpeg 768w, https:\/\/serveiseducatius.xtec.cat\/baixcamp\/wp-content\/uploads\/usu950\/2026\/04\/WhatsApp-Image-2026-04-27-at-19.55.02-1-1-1152x1536.jpeg 1152w\" sizes=\"auto, (max-width: 1536px) 100vw, 1536px\" \/><\/figure><\/div><div class=\"wp-block-getwid-images-slider__item\"><figure><img loading=\"lazy\" decoding=\"async\" width=\"1536\" height=\"2048\" src=\"https:\/\/serveiseducatius.xtec.cat\/baixcamp\/wp-content\/uploads\/usu950\/2026\/04\/WhatsApp-Image-2026-04-27-at-19.55.02-3.jpeg\" alt=\"\" data-id=\"16842\" data-link=\"https:\/\/serveiseducatius.xtec.cat\/baixcamp\/?attachment_id=16842\" data-original-link=\"https:\/\/serveiseducatius.xtec.cat\/baixcamp\/wp-content\/uploads\/usu950\/2026\/04\/WhatsApp-Image-2026-04-27-at-19.55.02-3.jpeg\" class=\"wp-block-getwid-images-slider__image wp-image-16842\" srcset=\"https:\/\/serveiseducatius.xtec.cat\/baixcamp\/wp-content\/uploads\/usu950\/2026\/04\/WhatsApp-Image-2026-04-27-at-19.55.02-3.jpeg 1536w, https:\/\/serveiseducatius.xtec.cat\/baixcamp\/wp-content\/uploads\/usu950\/2026\/04\/WhatsApp-Image-2026-04-27-at-19.55.02-3-225x300.jpeg 225w, https:\/\/serveiseducatius.xtec.cat\/baixcamp\/wp-content\/uploads\/usu950\/2026\/04\/WhatsApp-Image-2026-04-27-at-19.55.02-3-450x600.jpeg 450w, https:\/\/serveiseducatius.xtec.cat\/baixcamp\/wp-content\/uploads\/usu950\/2026\/04\/WhatsApp-Image-2026-04-27-at-19.55.02-3-768x1024.jpeg 768w, https:\/\/serveiseducatius.xtec.cat\/baixcamp\/wp-content\/uploads\/usu950\/2026\/04\/WhatsApp-Image-2026-04-27-at-19.55.02-3-1152x1536.jpeg 1152w\" sizes=\"auto, (max-width: 1536px) 100vw, 1536px\" \/><\/figure><\/div><div class=\"wp-block-getwid-images-slider__item\"><figure><img loading=\"lazy\" decoding=\"async\" width=\"1536\" height=\"2048\" src=\"https:\/\/serveiseducatius.xtec.cat\/baixcamp\/wp-content\/uploads\/usu950\/2026\/04\/WhatsApp-Image-2026-04-27-at-19.55.02-2.jpeg\" alt=\"\" data-id=\"16837\" data-link=\"https:\/\/serveiseducatius.xtec.cat\/baixcamp\/?attachment_id=16837\" data-original-link=\"https:\/\/serveiseducatius.xtec.cat\/baixcamp\/wp-content\/uploads\/usu950\/2026\/04\/WhatsApp-Image-2026-04-27-at-19.55.02-2.jpeg\" class=\"wp-block-getwid-images-slider__image wp-image-16837\" srcset=\"https:\/\/serveiseducatius.xtec.cat\/baixcamp\/wp-content\/uploads\/usu950\/2026\/04\/WhatsApp-Image-2026-04-27-at-19.55.02-2.jpeg 1536w, https:\/\/serveiseducatius.xtec.cat\/baixcamp\/wp-content\/uploads\/usu950\/2026\/04\/WhatsApp-Image-2026-04-27-at-19.55.02-2-225x300.jpeg 225w, https:\/\/serveiseducatius.xtec.cat\/baixcamp\/wp-content\/uploads\/usu950\/2026\/04\/WhatsApp-Image-2026-04-27-at-19.55.02-2-450x600.jpeg 450w, https:\/\/serveiseducatius.xtec.cat\/baixcamp\/wp-content\/uploads\/usu950\/2026\/04\/WhatsApp-Image-2026-04-27-at-19.55.02-2-768x1024.jpeg 768w, https:\/\/serveiseducatius.xtec.cat\/baixcamp\/wp-content\/uploads\/usu950\/2026\/04\/WhatsApp-Image-2026-04-27-at-19.55.02-2-1152x1536.jpeg 1152w\" sizes=\"auto, (max-width: 1536px) 100vw, 1536px\" \/><\/figure><\/div><div class=\"wp-block-getwid-images-slider__item\"><figure><img loading=\"lazy\" decoding=\"async\" width=\"1536\" height=\"2048\" src=\"https:\/\/serveiseducatius.xtec.cat\/baixcamp\/wp-content\/uploads\/usu950\/2026\/04\/WhatsApp-Image-2026-04-27-at-19.55.02-1.jpeg\" alt=\"\" data-id=\"16838\" data-link=\"https:\/\/serveiseducatius.xtec.cat\/baixcamp\/?attachment_id=16838\" data-original-link=\"https:\/\/serveiseducatius.xtec.cat\/baixcamp\/wp-content\/uploads\/usu950\/2026\/04\/WhatsApp-Image-2026-04-27-at-19.55.02-1.jpeg\" class=\"wp-block-getwid-images-slider__image wp-image-16838\" srcset=\"https:\/\/serveiseducatius.xtec.cat\/baixcamp\/wp-content\/uploads\/usu950\/2026\/04\/WhatsApp-Image-2026-04-27-at-19.55.02-1.jpeg 1536w, https:\/\/serveiseducatius.xtec.cat\/baixcamp\/wp-content\/uploads\/usu950\/2026\/04\/WhatsApp-Image-2026-04-27-at-19.55.02-1-225x300.jpeg 225w, https:\/\/serveiseducatius.xtec.cat\/baixcamp\/wp-content\/uploads\/usu950\/2026\/04\/WhatsApp-Image-2026-04-27-at-19.55.02-1-450x600.jpeg 450w, https:\/\/serveiseducatius.xtec.cat\/baixcamp\/wp-content\/uploads\/usu950\/2026\/04\/WhatsApp-Image-2026-04-27-at-19.55.02-1-768x1024.jpeg 768w, https:\/\/serveiseducatius.xtec.cat\/baixcamp\/wp-content\/uploads\/usu950\/2026\/04\/WhatsApp-Image-2026-04-27-at-19.55.02-1-1152x1536.jpeg 1152w\" sizes=\"auto, (max-width: 1536px) 100vw, 1536px\" \/><\/figure><\/div><div class=\"wp-block-getwid-images-slider__item\"><figure><img loading=\"lazy\" decoding=\"async\" width=\"1536\" height=\"2048\" src=\"https:\/\/serveiseducatius.xtec.cat\/baixcamp\/wp-content\/uploads\/usu950\/2026\/04\/WhatsApp-Image-2026-04-27-at-19.55.02.jpeg\" alt=\"\" data-id=\"16839\" data-link=\"https:\/\/serveiseducatius.xtec.cat\/baixcamp\/?attachment_id=16839\" data-original-link=\"https:\/\/serveiseducatius.xtec.cat\/baixcamp\/wp-content\/uploads\/usu950\/2026\/04\/WhatsApp-Image-2026-04-27-at-19.55.02.jpeg\" class=\"wp-block-getwid-images-slider__image wp-image-16839\" srcset=\"https:\/\/serveiseducatius.xtec.cat\/baixcamp\/wp-content\/uploads\/usu950\/2026\/04\/WhatsApp-Image-2026-04-27-at-19.55.02.jpeg 1536w, https:\/\/serveiseducatius.xtec.cat\/baixcamp\/wp-content\/uploads\/usu950\/2026\/04\/WhatsApp-Image-2026-04-27-at-19.55.02-225x300.jpeg 225w, https:\/\/serveiseducatius.xtec.cat\/baixcamp\/wp-content\/uploads\/usu950\/2026\/04\/WhatsApp-Image-2026-04-27-at-19.55.02-450x600.jpeg 450w, https:\/\/serveiseducatius.xtec.cat\/baixcamp\/wp-content\/uploads\/usu950\/2026\/04\/WhatsApp-Image-2026-04-27-at-19.55.02-768x1024.jpeg 768w, https:\/\/serveiseducatius.xtec.cat\/baixcamp\/wp-content\/uploads\/usu950\/2026\/04\/WhatsApp-Image-2026-04-27-at-19.55.02-1152x1536.jpeg 1152w\" sizes=\"auto, (max-width: 1536px) 100vw, 1536px\" \/><\/figure><\/div><\/div><\/div>\n\n\n\n<p>Aquesta jornada de Mem\u00f2ria Democr\u00e0tica, vol posar en valor la Mem\u00f2ria Democr\u00e0tica del Camp de Tarragona (Alt Camp, Baix Camp, Conca de Barber\u00e0, Priorat i Tarragon\u00e8s) i, de l\u2019altra, crear un espai en qu\u00e8 patrimoni i hist\u00f2ria dialoguin pedag\u00f2gicament des de l&#8217;\u00f2ptica de la mem\u00f2ria. <\/p>\n\n\n\n<figure class=\"wp-block-gallery has-nested-images columns-default is-cropped wp-block-gallery-4 is-layout-flex wp-block-gallery-is-layout-flex\">\n<figure class=\"wp-block-image size-large\"><img loading=\"lazy\" decoding=\"async\" width=\"600\" height=\"424\" data-id=\"16827\" src=\"https:\/\/serveiseducatius.xtec.cat\/baixcamp\/wp-content\/uploads\/usu950\/2026\/04\/Triptic-II-Jornada-Memoria_-Cambrils-250426-1-600x424.jpg\" alt=\"\" class=\"wp-image-16827\" srcset=\"https:\/\/serveiseducatius.xtec.cat\/baixcamp\/wp-content\/uploads\/usu950\/2026\/04\/Triptic-II-Jornada-Memoria_-Cambrils-250426-1-600x424.jpg 600w, https:\/\/serveiseducatius.xtec.cat\/baixcamp\/wp-content\/uploads\/usu950\/2026\/04\/Triptic-II-Jornada-Memoria_-Cambrils-250426-1-300x212.jpg 300w, https:\/\/serveiseducatius.xtec.cat\/baixcamp\/wp-content\/uploads\/usu950\/2026\/04\/Triptic-II-Jornada-Memoria_-Cambrils-250426-1-768x543.jpg 768w, https:\/\/serveiseducatius.xtec.cat\/baixcamp\/wp-content\/uploads\/usu950\/2026\/04\/Triptic-II-Jornada-Memoria_-Cambrils-250426-1-1536x1086.jpg 1536w, https:\/\/serveiseducatius.xtec.cat\/baixcamp\/wp-content\/uploads\/usu950\/2026\/04\/Triptic-II-Jornada-Memoria_-Cambrils-250426-1.jpg 1754w\" sizes=\"auto, (max-width: 600px) 100vw, 600px\" \/><\/figure>\n<\/figure>\n\n\n\n<p>La jornada no hagu\u00e9s pogut tirar endavant sense el lideratge del CRP del Tarragon\u00e8s i la gesti\u00f3 i acompanyament de totes les entitats implicades.<\/p>\n\n\n\n<p>Volem agrair especialment al col\u00b7legi Cardenal Vidal i Barraquer, a l&#8217;Ajuntament de Cambrils i al Museu d\u2019Hist\u00f2ria de Cambrils la seva col\u00b7laboraci\u00f3, sense ells aquest dia no hagu\u00e9s estat possible<\/p>\n","protected":false},"excerpt":{"rendered":"<p>Aquest dissabte 25 d\u2019abril de 2026, vam celebrar a Cambrils la II Jornada de Mem\u00f2ria Democr\u00e0tica del Camp de Tarragona a l\u2019antic edifici de La Salle de Cambrils amb el tema central de \u201cMem\u00f2ria i Pau\u201d. Aquesta jornada, dirigida a docents de diversos nivells educatius (Prim\u00e0ria, Secund\u00e0ria, Universitat) per\u00f2 oberta a tot aquell p\u00fablic interessat, [&hellip;]<\/p>\n","protected":false},"author":122,"featured_media":0,"comment_status":"open","ping_status":"open","sticky":false,"template":"","format":"standard","meta":{"_bbp_topic_count":0,"_bbp_reply_count":0,"_bbp_total_topic_count":0,"_bbp_total_reply_count":0,"_bbp_voice_count":0,"_bbp_anonymous_reply_count":0,"_bbp_topic_count_hidden":0,"_bbp_reply_count_hidden":0,"_bbp_forum_subforum_count":0,"site-sidebar-layout":"default","site-content-layout":"","ast-site-content-layout":"default","site-content-style":"default","site-sidebar-style":"default","ast-global-header-display":"","ast-banner-title-visibility":"","ast-main-header-display":"","ast-hfb-above-header-display":"","ast-hfb-below-header-display":"","ast-hfb-mobile-header-display":"","site-post-title":"","ast-breadcrumbs-content":"","ast-featured-img":"","footer-sml-layout":"","theme-transparent-header-meta":"","adv-header-id-meta":"","stick-header-meta":"","header-above-stick-meta":"","header-main-stick-meta":"","header-below-stick-meta":"","astra-migrate-meta-layouts":"set","ast-page-background-enabled":"default","ast-page-background-meta":{"desktop":{"background-color":"var(--ast-global-color-4)","background-image":"","background-repeat":"repeat","background-position":"center center","background-size":"auto","background-attachment":"scroll","background-type":"","background-media":"","overlay-type":"","overlay-color":"","overlay-opacity":"","overlay-gradient":""},"tablet":{"background-color":"","background-image":"","background-repeat":"repeat","background-position":"center center","background-size":"auto","background-attachment":"scroll","background-type":"","background-media":"","overlay-type":"","overlay-color":"","overlay-opacity":"","overlay-gradient":""},"mobile":{"background-color":"","background-image":"","background-repeat":"repeat","background-position":"center center","background-size":"auto","background-attachment":"scroll","background-type":"","background-media":"","overlay-type":"","overlay-color":"","overlay-opacity":"","overlay-gradient":""}},"ast-content-background-meta":{"desktop":{"background-color":"var(--ast-global-color-5)","background-image":"","background-repeat":"repeat","background-position":"center center","background-size":"auto","background-attachment":"scroll","background-type":"","background-media":"","overlay-type":"","overlay-color":"","overlay-opacity":"","overlay-gradient":""},"tablet":{"background-color":"var(--ast-global-color-5)","background-image":"","background-repeat":"repeat","background-position":"center center","background-size":"auto","background-attachment":"scroll","background-type":"","background-media":"","overlay-type":"","overlay-color":"","overlay-opacity":"","overlay-gradient":""},"mobile":{"background-color":"var(--ast-global-color-5)","background-image":"","background-repeat":"repeat","background-position":"center center","background-size":"auto","background-attachment":"scroll","background-type":"","background-media":"","overlay-type":"","overlay-color":"","overlay-opacity":"","overlay-gradient":""}},"footnotes":""},"categories":[1,518,415,29,702],"tags":[],"class_list":["post-16826","post","type-post","status-publish","format-standard","hentry","category-general","category-ods","category-pedagogia","category-portada","category-portada-portada"],"post_mailing_queue_ids":[],"_links":{"self":[{"href":"https:\/\/serveiseducatius.xtec.cat\/baixcamp\/wp-json\/wp\/v2\/posts\/16826","targetHints":{"allow":["GET"]}}],"collection":[{"href":"https:\/\/serveiseducatius.xtec.cat\/baixcamp\/wp-json\/wp\/v2\/posts"}],"about":[{"href":"https:\/\/serveiseducatius.xtec.cat\/baixcamp\/wp-json\/wp\/v2\/types\/post"}],"author":[{"embeddable":true,"href":"https:\/\/serveiseducatius.xtec.cat\/baixcamp\/wp-json\/wp\/v2\/users\/122"}],"replies":[{"embeddable":true,"href":"https:\/\/serveiseducatius.xtec.cat\/baixcamp\/wp-json\/wp\/v2\/comments?post=16826"}],"version-history":[{"count":4,"href":"https:\/\/serveiseducatius.xtec.cat\/baixcamp\/wp-json\/wp\/v2\/posts\/16826\/revisions"}],"predecessor-version":[{"id":16847,"href":"https:\/\/serveiseducatius.xtec.cat\/baixcamp\/wp-json\/wp\/v2\/posts\/16826\/revisions\/16847"}],"wp:attachment":[{"href":"https:\/\/serveiseducatius.xtec.cat\/baixcamp\/wp-json\/wp\/v2\/media?parent=16826"}],"wp:term":[{"taxonomy":"category","embeddable":true,"href":"https:\/\/serveiseducatius.xtec.cat\/baixcamp\/wp-json\/wp\/v2\/categories?post=16826"},{"taxonomy":"post_tag","embeddable":true,"href":"https:\/\/serveiseducatius.xtec.cat\/baixcamp\/wp-json\/wp\/v2\/tags?post=16826"}],"curies":[{"name":"wp","href":"https:\/\/api.w.org\/{rel}","templated":true}]}}