{"id":15849,"date":"2025-03-13T12:06:04","date_gmt":"2025-03-13T11:06:04","guid":{"rendered":"https:\/\/serveiseducatius.xtec.cat\/baixcamp\/?p=15849"},"modified":"2025-03-13T12:07:30","modified_gmt":"2025-03-13T11:07:30","slug":"curs-bic-per-instructors-svb-i-dea","status":"publish","type":"post","link":"https:\/\/serveiseducatius.xtec.cat\/baixcamp\/general\/curs-bic-per-instructors-svb-i-dea\/","title":{"rendered":"Curs BIC per instructors SVB i DEA"},"content":{"rendered":"\n<p>Aquest dissabte dia 8 de mar\u00e7 de 2025 el CRP del Baix Camp va acollir la formaci\u00f3 per a instructors docents del programa de Suport Vital B\u00e0sic i \u00fas de DEA de Catalunya.<\/p>\n\n\n\n<div style=\"height:23px\" aria-hidden=\"true\" class=\"wp-block-spacer\"><\/div>\n\n\n\n<figure class=\"wp-block-image aligncenter size-large is-resized\"><img loading=\"lazy\" decoding=\"async\" width=\"600\" height=\"450\" src=\"https:\/\/serveiseducatius.xtec.cat\/baixcamp\/wp-content\/uploads\/usu950\/2025\/03\/WhatsApp-Image-2025-03-08-at-21.57.33-600x450.jpeg\" alt=\"\" class=\"wp-image-15868\" style=\"width:681px;height:auto\" srcset=\"https:\/\/serveiseducatius.xtec.cat\/baixcamp\/wp-content\/uploads\/usu950\/2025\/03\/WhatsApp-Image-2025-03-08-at-21.57.33-600x450.jpeg 600w, https:\/\/serveiseducatius.xtec.cat\/baixcamp\/wp-content\/uploads\/usu950\/2025\/03\/WhatsApp-Image-2025-03-08-at-21.57.33-300x225.jpeg 300w, https:\/\/serveiseducatius.xtec.cat\/baixcamp\/wp-content\/uploads\/usu950\/2025\/03\/WhatsApp-Image-2025-03-08-at-21.57.33-768x576.jpeg 768w, https:\/\/serveiseducatius.xtec.cat\/baixcamp\/wp-content\/uploads\/usu950\/2025\/03\/WhatsApp-Image-2025-03-08-at-21.57.33-1536x1152.jpeg 1536w, https:\/\/serveiseducatius.xtec.cat\/baixcamp\/wp-content\/uploads\/usu950\/2025\/03\/WhatsApp-Image-2025-03-08-at-21.57.33-200x150.jpeg 200w, https:\/\/serveiseducatius.xtec.cat\/baixcamp\/wp-content\/uploads\/usu950\/2025\/03\/WhatsApp-Image-2025-03-08-at-21.57.33.jpeg 2000w\" sizes=\"auto, (max-width: 600px) 100vw, 600px\" \/><\/figure>\n\n\n\n<div style=\"height:43px\" aria-hidden=\"true\" class=\"wp-block-spacer\"><\/div>\n\n\n\n<div class=\"wp-block-columns is-layout-flex wp-container-core-columns-is-layout-1 wp-block-columns-is-layout-flex\">\n<div class=\"wp-block-column is-layout-flow wp-block-column-is-layout-flow\" style=\"flex-basis:75%\">\n<p>La formaci\u00f3 d&#8217;instructors a c\u00e0rrec del Consell Catal\u00e0 de Ressuscitaci\u00f3 (CCR)  pret\u00e9n formar docents \u00a0amb l&#8217;objectiu general de donar coneixements i habilitats per impartir i avaluar el programa en els centres educatius a trav\u00e9s de les seg\u00fcents bases:<\/p>\n\n\n\n<p>Mantenir una unitat formativa<\/p>\n\n\n\n<p>Rigor i qualitat docent<\/p>\n\n\n\n<p>Transfer\u00e8ncia a l\u2019aula dels coneixements apresos<\/p>\n\n\n\n<p><\/p>\n<\/div>\n\n\n\n<div class=\"wp-block-column is-layout-flow wp-block-column-is-layout-flow\" style=\"flex-basis:25%\">\n<figure class=\"wp-block-image size-large\"><img loading=\"lazy\" decoding=\"async\" width=\"600\" height=\"372\" src=\"https:\/\/serveiseducatius.xtec.cat\/baixcamp\/wp-content\/uploads\/usu950\/2025\/03\/WhatsApp-Image-2025-03-08-at-21.57.33-3-600x372.jpeg\" alt=\"\" class=\"wp-image-15861\" srcset=\"https:\/\/serveiseducatius.xtec.cat\/baixcamp\/wp-content\/uploads\/usu950\/2025\/03\/WhatsApp-Image-2025-03-08-at-21.57.33-3-600x372.jpeg 600w, https:\/\/serveiseducatius.xtec.cat\/baixcamp\/wp-content\/uploads\/usu950\/2025\/03\/WhatsApp-Image-2025-03-08-at-21.57.33-3-300x186.jpeg 300w, https:\/\/serveiseducatius.xtec.cat\/baixcamp\/wp-content\/uploads\/usu950\/2025\/03\/WhatsApp-Image-2025-03-08-at-21.57.33-3.jpeg 644w\" sizes=\"auto, (max-width: 600px) 100vw, 600px\" \/><\/figure>\n<\/div>\n<\/div>\n\n\n\n<div class=\"wp-block-columns is-layout-flex wp-container-core-columns-is-layout-2 wp-block-columns-is-layout-flex\">\n<div class=\"wp-block-column is-layout-flow wp-block-column-is-layout-flow\" style=\"flex-basis:100%\">\n<p> <\/p>\n\n\n\n<div class=\"wp-block-getwid-images-stack is-style-rounded is-layout-epsilon\"><div class=\"wp-block-getwid-images-stack__wrapper\"><div class=\"wp-block-getwid-images-stack__chunk\"><div class=\"wp-block-getwid-images-stack__media-wrapper\"><div class=\"wp-block-getwid-images-stack__media-inner-wrapper\"><img loading=\"lazy\" decoding=\"async\" width=\"1530\" height=\"2040\" class=\"wp-block-getwid-images-stack__media wp-image-15867\" src=\"https:\/\/serveiseducatius.xtec.cat\/baixcamp\/wp-content\/uploads\/usu950\/2025\/03\/WhatsApp-Image-2025-03-08-at-21.57.34-2.jpeg\" alt=\"\" data-id=\"15867\" data-link=\"https:\/\/serveiseducatius.xtec.cat\/baixcamp\/?attachment_id=15867\" srcset=\"https:\/\/serveiseducatius.xtec.cat\/baixcamp\/wp-content\/uploads\/usu950\/2025\/03\/WhatsApp-Image-2025-03-08-at-21.57.34-2.jpeg 1530w, https:\/\/serveiseducatius.xtec.cat\/baixcamp\/wp-content\/uploads\/usu950\/2025\/03\/WhatsApp-Image-2025-03-08-at-21.57.34-2-225x300.jpeg 225w, https:\/\/serveiseducatius.xtec.cat\/baixcamp\/wp-content\/uploads\/usu950\/2025\/03\/WhatsApp-Image-2025-03-08-at-21.57.34-2-450x600.jpeg 450w, https:\/\/serveiseducatius.xtec.cat\/baixcamp\/wp-content\/uploads\/usu950\/2025\/03\/WhatsApp-Image-2025-03-08-at-21.57.34-2-768x1024.jpeg 768w, https:\/\/serveiseducatius.xtec.cat\/baixcamp\/wp-content\/uploads\/usu950\/2025\/03\/WhatsApp-Image-2025-03-08-at-21.57.34-2-1152x1536.jpeg 1152w\" sizes=\"auto, (max-width: 1530px) 100vw, 1530px\" \/><\/div><\/div><div class=\"wp-block-getwid-images-stack__media-wrapper\"><div class=\"wp-block-getwid-images-stack__media-inner-wrapper\"><img loading=\"lazy\" decoding=\"async\" width=\"1530\" height=\"2040\" class=\"wp-block-getwid-images-stack__media wp-image-15870\" src=\"https:\/\/serveiseducatius.xtec.cat\/baixcamp\/wp-content\/uploads\/usu950\/2025\/03\/WhatsApp-Image-2025-03-08-at-21.57.34-3.jpeg\" alt=\"\" data-id=\"15870\" data-link=\"https:\/\/serveiseducatius.xtec.cat\/baixcamp\/?attachment_id=15870\" srcset=\"https:\/\/serveiseducatius.xtec.cat\/baixcamp\/wp-content\/uploads\/usu950\/2025\/03\/WhatsApp-Image-2025-03-08-at-21.57.34-3.jpeg 1530w, https:\/\/serveiseducatius.xtec.cat\/baixcamp\/wp-content\/uploads\/usu950\/2025\/03\/WhatsApp-Image-2025-03-08-at-21.57.34-3-225x300.jpeg 225w, https:\/\/serveiseducatius.xtec.cat\/baixcamp\/wp-content\/uploads\/usu950\/2025\/03\/WhatsApp-Image-2025-03-08-at-21.57.34-3-450x600.jpeg 450w, https:\/\/serveiseducatius.xtec.cat\/baixcamp\/wp-content\/uploads\/usu950\/2025\/03\/WhatsApp-Image-2025-03-08-at-21.57.34-3-768x1024.jpeg 768w, https:\/\/serveiseducatius.xtec.cat\/baixcamp\/wp-content\/uploads\/usu950\/2025\/03\/WhatsApp-Image-2025-03-08-at-21.57.34-3-1152x1536.jpeg 1152w\" sizes=\"auto, (max-width: 1530px) 100vw, 1530px\" \/><\/div><\/div><div class=\"wp-block-getwid-images-stack__media-wrapper\"><div class=\"wp-block-getwid-images-stack__media-inner-wrapper\"><img loading=\"lazy\" decoding=\"async\" width=\"2040\" height=\"1530\" class=\"wp-block-getwid-images-stack__media wp-image-15871\" src=\"https:\/\/serveiseducatius.xtec.cat\/baixcamp\/wp-content\/uploads\/usu950\/2025\/03\/WhatsApp-Image-2025-03-08-at-21.57.34.jpeg\" alt=\"\" data-id=\"15871\" data-link=\"https:\/\/serveiseducatius.xtec.cat\/baixcamp\/?attachment_id=15871\" srcset=\"https:\/\/serveiseducatius.xtec.cat\/baixcamp\/wp-content\/uploads\/usu950\/2025\/03\/WhatsApp-Image-2025-03-08-at-21.57.34.jpeg 2040w, https:\/\/serveiseducatius.xtec.cat\/baixcamp\/wp-content\/uploads\/usu950\/2025\/03\/WhatsApp-Image-2025-03-08-at-21.57.34-300x225.jpeg 300w, https:\/\/serveiseducatius.xtec.cat\/baixcamp\/wp-content\/uploads\/usu950\/2025\/03\/WhatsApp-Image-2025-03-08-at-21.57.34-600x450.jpeg 600w, https:\/\/serveiseducatius.xtec.cat\/baixcamp\/wp-content\/uploads\/usu950\/2025\/03\/WhatsApp-Image-2025-03-08-at-21.57.34-768x576.jpeg 768w, https:\/\/serveiseducatius.xtec.cat\/baixcamp\/wp-content\/uploads\/usu950\/2025\/03\/WhatsApp-Image-2025-03-08-at-21.57.34-1536x1152.jpeg 1536w, https:\/\/serveiseducatius.xtec.cat\/baixcamp\/wp-content\/uploads\/usu950\/2025\/03\/WhatsApp-Image-2025-03-08-at-21.57.34-200x150.jpeg 200w\" sizes=\"auto, (max-width: 2040px) 100vw, 2040px\" \/><\/div><\/div><\/div><\/div><\/div>\n<\/div>\n<\/div>\n\n\n\n<div style=\"height:43px\" aria-hidden=\"true\" class=\"wp-block-spacer\"><\/div>\n\n\n\n<p>Durant aquesta jornada els futurs instructors van repassar els procediments b\u00e0sics davant una situaci\u00f3 d&#8217;ACR (<strong>El 80% de les aturades cardiorespirat\u00f2ries s\u00f3n extrahospital\u00e0ries <\/strong>i sovint tenen lloc amb un familiar o un amic al costat. <strong><mark style=\"background-color:rgba(0, 0, 0, 0)\" class=\"has-inline-color has-light-green-cyan-color\">Nom\u00e9s un 15% de les ACR extrahospital\u00e0ries reben reanimaci\u00f3 cardiopulmonar (RCP) per part d\u2019algun ciutad\u00e0<\/mark><\/strong>), aix\u00ed com l&#8217;\u00fas dels DEA (desfibril\u00b7lador extern autom\u00e0tic).<\/p>\n\n\n\n<div class=\"wp-block-media-text is-stacked-on-mobile\" style=\"grid-template-columns:39% auto\"><figure class=\"wp-block-media-text__media\"><img loading=\"lazy\" decoding=\"async\" width=\"600\" height=\"448\" src=\"https:\/\/serveiseducatius.xtec.cat\/baixcamp\/wp-content\/uploads\/usu950\/2025\/03\/image-1-600x448.png\" alt=\"\" class=\"wp-image-15858 size-full\" srcset=\"https:\/\/serveiseducatius.xtec.cat\/baixcamp\/wp-content\/uploads\/usu950\/2025\/03\/image-1-600x448.png 600w, https:\/\/serveiseducatius.xtec.cat\/baixcamp\/wp-content\/uploads\/usu950\/2025\/03\/image-1-300x224.png 300w, https:\/\/serveiseducatius.xtec.cat\/baixcamp\/wp-content\/uploads\/usu950\/2025\/03\/image-1-768x574.png 768w, https:\/\/serveiseducatius.xtec.cat\/baixcamp\/wp-content\/uploads\/usu950\/2025\/03\/image-1-200x150.png 200w, https:\/\/serveiseducatius.xtec.cat\/baixcamp\/wp-content\/uploads\/usu950\/2025\/03\/image-1.png 933w\" sizes=\"auto, (max-width: 600px) 100vw, 600px\" \/><\/figure><div class=\"wp-block-media-text__content\">\n<p>El programa pret\u00e9n formar els docents en una metodologia did\u00e0ctica \u201cen espiral\u201d per formar alumnes de l\u2019\u00e0mbit escolar dels diferents cicles educatius en Suport Vital B\u00e0sic i l\u2019\u00fas del desfibril\u00b7lador, i d&#8217;aquesta manera:<\/p>\n\n\n\n<ul class=\"wp-block-list\">\n<li>Potenciar i adquirir valors en tota la comunitat educativa (docents, alumnes i fam\u00edlia)<\/li>\n\n\n\n<li>Conscienciar i aprendre procediments b\u00e0sic davant de situacions d\u2019ACR<\/li>\n\n\n\n<li>Canviar el \u201cno fer, per por de no saber\u201d, per \u201cfer, per ajudar\u201d.<\/li>\n\n\n\n<li>Con\u00e8ixer l\u2019aplicaci\u00f3 del Pla Educatiu en SVB \/ SVB + DEA del CCR en els centres docents.<\/li>\n\n\n\n<li>Adquirir coneixements i habilitats per iniciar i implantar el programa educatiu al centre educatiu<\/li>\n\n\n\n<li>Dur a terme sessions a l\u2019aula del Programa educatiu segons cicle a trav\u00e9s de la pr\u00e0ctica i la transfer\u00e8ncia a l\u2019aula dels coneixements adquirits.<\/li>\n<\/ul>\n<\/div><\/div>\n\n\n\n<p>Una RCP realitzada correctament aconsegueix <strong>una superviv\u00e8ncia 20 vegades m\u00e9s gran que quan es realitza de manera incorrecta<\/strong>.  Per tant la formaci\u00f3 de la ciutadania \u00e9s una necessitat si volem assolir una millora en les taxes de superviv\u00e8ncia amb qualitat de les v\u00edctimes de mort sobtada. <strong>La formaci\u00f3 dels escolars, futurs ciutadans,<\/strong> \u00e9s un dels objectius que el <strong>Departament d\u2019Educaci\u00f3<\/strong>, amb la col\u00b7laboraci\u00f3 del <strong>Consell Catal\u00e0 de Ressuscitaci\u00f3 (CCR)<\/strong> t\u00e9 el comprom\u00eds de fer-ho possible. \u00c9s per aix\u00f2 que els centres adherits al programa han de donar compliment a les seg\u00fcents necessitats:<\/p>\n\n\n\n<figure class=\"wp-block-image aligncenter size-large\"><img loading=\"lazy\" decoding=\"async\" width=\"600\" height=\"443\" src=\"https:\/\/serveiseducatius.xtec.cat\/baixcamp\/wp-content\/uploads\/usu950\/2025\/03\/SVB-Necessitats-600x443.png\" alt=\"\" class=\"wp-image-15866\" srcset=\"https:\/\/serveiseducatius.xtec.cat\/baixcamp\/wp-content\/uploads\/usu950\/2025\/03\/SVB-Necessitats-600x443.png 600w, https:\/\/serveiseducatius.xtec.cat\/baixcamp\/wp-content\/uploads\/usu950\/2025\/03\/SVB-Necessitats-300x222.png 300w, https:\/\/serveiseducatius.xtec.cat\/baixcamp\/wp-content\/uploads\/usu950\/2025\/03\/SVB-Necessitats-768x567.png 768w, https:\/\/serveiseducatius.xtec.cat\/baixcamp\/wp-content\/uploads\/usu950\/2025\/03\/SVB-Necessitats.png 911w\" sizes=\"auto, (max-width: 600px) 100vw, 600px\" \/><\/figure>\n\n\n\n<h2 class=\"wp-block-heading\">La base de la tasca educativa \u00e9s: FORMAR CIUTADANS PREPARATS EN COMPET\u00c8NCIES B\u00c0SIQUES \u00daTILS aplicables a la VIDA DI\u00c0RIA. <mark style=\"background-color:rgba(0, 0, 0, 0)\" class=\"has-inline-color has-light-green-cyan-color\">Con\u00e8ixer les t\u00e8cniques de Suport Vital B\u00e0sic i Desfibril\u00b7laci\u00f3 externa automatitzada (SVB)-DEA significa con\u00e8ixer com salvar vides.<\/mark><\/h2>\n","protected":false},"excerpt":{"rendered":"<p>Aquest dissabte dia 8 de mar\u00e7 de 2025 el CRP del Baix Camp va acollir la formaci\u00f3 per a instructors docents del programa de Suport Vital B\u00e0sic i \u00fas de DEA de Catalunya. La formaci\u00f3 d&#8217;instructors a c\u00e0rrec del Consell Catal\u00e0 de Ressuscitaci\u00f3 (CCR) pret\u00e9n formar docents \u00a0amb l&#8217;objectiu general de donar coneixements i habilitats [&hellip;]<\/p>\n","protected":false},"author":122,"featured_media":15861,"comment_status":"open","ping_status":"open","sticky":false,"template":"","format":"standard","meta":{"_bbp_topic_count":0,"_bbp_reply_count":0,"_bbp_total_topic_count":0,"_bbp_total_reply_count":0,"_bbp_voice_count":0,"_bbp_anonymous_reply_count":0,"_bbp_topic_count_hidden":0,"_bbp_reply_count_hidden":0,"_bbp_forum_subforum_count":0,"site-sidebar-layout":"default","site-content-layout":"","ast-site-content-layout":"","site-content-style":"default","site-sidebar-style":"default","ast-global-header-display":"","ast-banner-title-visibility":"","ast-main-header-display":"","ast-hfb-above-header-display":"","ast-hfb-below-header-display":"","ast-hfb-mobile-header-display":"","site-post-title":"","ast-breadcrumbs-content":"","ast-featured-img":"","footer-sml-layout":"","theme-transparent-header-meta":"","adv-header-id-meta":"","stick-header-meta":"","header-above-stick-meta":"","header-main-stick-meta":"","header-below-stick-meta":"","astra-migrate-meta-layouts":"default","ast-page-background-enabled":"default","ast-page-background-meta":{"desktop":{"background-color":"var(--ast-global-color-4)","background-image":"","background-repeat":"repeat","background-position":"center center","background-size":"auto","background-attachment":"scroll","background-type":"","background-media":"","overlay-type":"","overlay-color":"","overlay-opacity":"","overlay-gradient":""},"tablet":{"background-color":"","background-image":"","background-repeat":"repeat","background-position":"center center","background-size":"auto","background-attachment":"scroll","background-type":"","background-media":"","overlay-type":"","overlay-color":"","overlay-opacity":"","overlay-gradient":""},"mobile":{"background-color":"","background-image":"","background-repeat":"repeat","background-position":"center center","background-size":"auto","background-attachment":"scroll","background-type":"","background-media":"","overlay-type":"","overlay-color":"","overlay-opacity":"","overlay-gradient":""}},"ast-content-background-meta":{"desktop":{"background-color":"var(--ast-global-color-5)","background-image":"","background-repeat":"repeat","background-position":"center center","background-size":"auto","background-attachment":"scroll","background-type":"","background-media":"","overlay-type":"","overlay-color":"","overlay-opacity":"","overlay-gradient":""},"tablet":{"background-color":"var(--ast-global-color-5)","background-image":"","background-repeat":"repeat","background-position":"center center","background-size":"auto","background-attachment":"scroll","background-type":"","background-media":"","overlay-type":"","overlay-color":"","overlay-opacity":"","overlay-gradient":""},"mobile":{"background-color":"var(--ast-global-color-5)","background-image":"","background-repeat":"repeat","background-position":"center center","background-size":"auto","background-attachment":"scroll","background-type":"","background-media":"","overlay-type":"","overlay-color":"","overlay-opacity":"","overlay-gradient":""}},"footnotes":""},"categories":[420,221,1,518,415,29,512,344],"tags":[],"class_list":["post-15849","post","type-post","status-publish","format-standard","has-post-thumbnail","hentry","category-educacio-publica","category-formacio","category-general","category-ods","category-pedagogia","category-portada","category-prevencio","category-recursos-pfz"],"post_mailing_queue_ids":[],"_links":{"self":[{"href":"https:\/\/serveiseducatius.xtec.cat\/baixcamp\/wp-json\/wp\/v2\/posts\/15849","targetHints":{"allow":["GET"]}}],"collection":[{"href":"https:\/\/serveiseducatius.xtec.cat\/baixcamp\/wp-json\/wp\/v2\/posts"}],"about":[{"href":"https:\/\/serveiseducatius.xtec.cat\/baixcamp\/wp-json\/wp\/v2\/types\/post"}],"author":[{"embeddable":true,"href":"https:\/\/serveiseducatius.xtec.cat\/baixcamp\/wp-json\/wp\/v2\/users\/122"}],"replies":[{"embeddable":true,"href":"https:\/\/serveiseducatius.xtec.cat\/baixcamp\/wp-json\/wp\/v2\/comments?post=15849"}],"version-history":[{"count":6,"href":"https:\/\/serveiseducatius.xtec.cat\/baixcamp\/wp-json\/wp\/v2\/posts\/15849\/revisions"}],"predecessor-version":[{"id":15877,"href":"https:\/\/serveiseducatius.xtec.cat\/baixcamp\/wp-json\/wp\/v2\/posts\/15849\/revisions\/15877"}],"wp:featuredmedia":[{"embeddable":true,"href":"https:\/\/serveiseducatius.xtec.cat\/baixcamp\/wp-json\/wp\/v2\/media\/15861"}],"wp:attachment":[{"href":"https:\/\/serveiseducatius.xtec.cat\/baixcamp\/wp-json\/wp\/v2\/media?parent=15849"}],"wp:term":[{"taxonomy":"category","embeddable":true,"href":"https:\/\/serveiseducatius.xtec.cat\/baixcamp\/wp-json\/wp\/v2\/categories?post=15849"},{"taxonomy":"post_tag","embeddable":true,"href":"https:\/\/serveiseducatius.xtec.cat\/baixcamp\/wp-json\/wp\/v2\/tags?post=15849"}],"curies":[{"name":"wp","href":"https:\/\/api.w.org\/{rel}","templated":true}]}}