{"id":15295,"date":"2024-12-02T11:19:15","date_gmt":"2024-12-02T10:19:15","guid":{"rendered":"https:\/\/serveiseducatius.xtec.cat\/baixcamp\/?p=15295"},"modified":"2024-12-02T11:19:16","modified_gmt":"2024-12-02T10:19:16","slug":"la-marato-2024","status":"publish","type":"post","link":"https:\/\/serveiseducatius.xtec.cat\/baixcamp\/general\/la-marato-2024\/","title":{"rendered":"La Marat\u00f3 2024"},"content":{"rendered":"\n<p>L&#8217;edici\u00f3 de la Marat\u00f3 2024, est\u00e0 dedicada a les\u00a0<strong>malalties respirat\u00f2ries<\/strong>. <\/p>\n\n\n\n<figure class=\"wp-block-image aligncenter size-large is-style-default\"><img loading=\"lazy\" decoding=\"async\" width=\"443\" height=\"600\" src=\"https:\/\/serveiseducatius.xtec.cat\/baixcamp\/wp-content\/uploads\/usu950\/2024\/12\/marato2024-443x600.png\" alt=\"\" class=\"wp-image-15296\" srcset=\"https:\/\/serveiseducatius.xtec.cat\/baixcamp\/wp-content\/uploads\/usu950\/2024\/12\/marato2024-443x600.png 443w, https:\/\/serveiseducatius.xtec.cat\/baixcamp\/wp-content\/uploads\/usu950\/2024\/12\/marato2024-222x300.png 222w, https:\/\/serveiseducatius.xtec.cat\/baixcamp\/wp-content\/uploads\/usu950\/2024\/12\/marato2024.png 574w\" sizes=\"auto, (max-width: 443px) 100vw, 443px\" \/><\/figure>\n\n\n\n<p>A Catalunya, al voltant de dos milions de persones tenen algun tipus de malaltia respirat\u00f2ria. Poden afectar a tothom -adults, joves i infants-, representen la tercera causa de mort i s\u00f3n les segones que generen m\u00e9s ingressos hospitalaris.<\/p>\n\n\n\n<p>Cada hora mor una persona a Catalunya per problemes respiratoris i, per contra, segueixen sent malalties poc conegudes i infradiagnosticades.<\/p>\n\n\n\n<p>La dispnea o ofec \u00e9s el s\u00edmptoma com\u00fa de totes aquestes malalties i causa una gran angoixa i desassossec.<\/p>\n\n\n\n<p>En els \u00faltims anys, i gr\u00e0cies a la recerca, han aparegut nous tractaments que augmenten la qualitat i l\u2019esperan\u00e7a de vida d\u2019alguns pacients, per\u00f2 encara hi ha molta feina per fer: poques malalties respirat\u00f2ries tenen cura actualment i calen m\u00e9s recursos per poder prevenir-les, diagnosticar-les abans i tractar-les de manera m\u00e9s eficient.<\/p>\n\n\n\n<p>A continuaci\u00f3 trobareu\u00a0<strong>el p\u00f2ster, el d\u00edptic i les bases del concurs Crea per La Marat\u00f3<\/strong>. Tamb\u00e9\u00a0<a href=\"https:\/\/www.3cat.cat\/tv3\/marato\/sessions-divulgatives\/2024\/2870\/\" target=\"_blank\" rel=\"noreferrer noopener\">l\u2019enlla\u00e7<\/a>\u00a0on hi podreu trobar el material audiovisual que es reprodueix a les sessions divulgatives.<\/p>\n\n\n\n<p>P\u00f2ster:&nbsp;<a href=\"https:\/\/statics.3cat.cat\/multimedia\/pdf\/1\/9\/1730887697091.pdf\" target=\"_blank\" rel=\"noreferrer noopener\">https:\/\/statics.3cat.cat\/multimedia\/pdf\/1\/9\/1730887697091.pdf<\/a>&nbsp;<\/p>\n\n\n\n<p>D\u00edptic:\u00a0\u00a0<a href=\"https:\/\/statics.3cat.cat\/multimedia\/pdf\/7\/6\/1730887713967.pdf\" target=\"_blank\" rel=\"noreferrer noopener\">https:\/\/statics.3cat.cat\/multimedia\/pdf\/7\/6\/1730887713967.pdf<\/a><\/p>\n\n\n\n<div data-wp-interactive=\"core\/file\" class=\"wp-block-file\"><object data-wp-bind--hidden=\"!state.hasPdfPreview\" hidden class=\"wp-block-file__embed\" data=\"https:\/\/serveiseducatius.xtec.cat\/baixcamp\/wp-content\/uploads\/usu950\/2024\/12\/5.CREA-PER-LA-MARATO-2024-BASES-DE-PARTICIPACIO-I-LEGALS.pdf\" type=\"application\/pdf\" style=\"width:100%;height:600px\" aria-label=\"Incrustaci\u00f3 del fitxer Crea per la Marat\u00f3 2024 - Bases de participaci\u00f3 i legals.\"><\/object><a id=\"wp-block-file--media-96c2cd52-1e13-4f2c-96de-b53220876005\" href=\"https:\/\/serveiseducatius.xtec.cat\/baixcamp\/wp-content\/uploads\/usu950\/2024\/12\/5.CREA-PER-LA-MARATO-2024-BASES-DE-PARTICIPACIO-I-LEGALS.pdf\">Crea per la Marat\u00f3 2024 &#8211; Bases de participaci\u00f3 i legals<\/a><a href=\"https:\/\/serveiseducatius.xtec.cat\/baixcamp\/wp-content\/uploads\/usu950\/2024\/12\/5.CREA-PER-LA-MARATO-2024-BASES-DE-PARTICIPACIO-I-LEGALS.pdf\" class=\"wp-block-file__button wp-element-button\" download aria-describedby=\"wp-block-file--media-96c2cd52-1e13-4f2c-96de-b53220876005\">Baixa<\/a><\/div>\n","protected":false},"excerpt":{"rendered":"<p>L&#8217;edici\u00f3 de la Marat\u00f3 2024, est\u00e0 dedicada a les\u00a0malalties respirat\u00f2ries. A Catalunya, al voltant de dos milions de persones tenen algun tipus de malaltia respirat\u00f2ria. Poden afectar a tothom -adults, joves i infants-, representen la tercera causa de mort i s\u00f3n les segones que generen m\u00e9s ingressos hospitalaris. Cada hora mor una persona a Catalunya [&hellip;]<\/p>\n","protected":false},"author":127,"featured_media":15296,"comment_status":"open","ping_status":"open","sticky":false,"template":"","format":"standard","meta":{"_bbp_topic_count":0,"_bbp_reply_count":0,"_bbp_total_topic_count":0,"_bbp_total_reply_count":0,"_bbp_voice_count":0,"_bbp_anonymous_reply_count":0,"_bbp_topic_count_hidden":0,"_bbp_reply_count_hidden":0,"_bbp_forum_subforum_count":0,"site-sidebar-layout":"default","site-content-layout":"","ast-site-content-layout":"","site-content-style":"default","site-sidebar-style":"default","ast-global-header-display":"","ast-banner-title-visibility":"","ast-main-header-display":"","ast-hfb-above-header-display":"","ast-hfb-below-header-display":"","ast-hfb-mobile-header-display":"","site-post-title":"","ast-breadcrumbs-content":"","ast-featured-img":"","footer-sml-layout":"","theme-transparent-header-meta":"","adv-header-id-meta":"","stick-header-meta":"","header-above-stick-meta":"","header-main-stick-meta":"","header-below-stick-meta":"","astra-migrate-meta-layouts":"default","ast-page-background-enabled":"default","ast-page-background-meta":{"desktop":{"background-color":"var(--ast-global-color-4)","background-image":"","background-repeat":"repeat","background-position":"center center","background-size":"auto","background-attachment":"scroll","background-type":"","background-media":"","overlay-type":"","overlay-color":"","overlay-opacity":"","overlay-gradient":""},"tablet":{"background-color":"","background-image":"","background-repeat":"repeat","background-position":"center center","background-size":"auto","background-attachment":"scroll","background-type":"","background-media":"","overlay-type":"","overlay-color":"","overlay-opacity":"","overlay-gradient":""},"mobile":{"background-color":"","background-image":"","background-repeat":"repeat","background-position":"center center","background-size":"auto","background-attachment":"scroll","background-type":"","background-media":"","overlay-type":"","overlay-color":"","overlay-opacity":"","overlay-gradient":""}},"ast-content-background-meta":{"desktop":{"background-color":"var(--ast-global-color-5)","background-image":"","background-repeat":"repeat","background-position":"center center","background-size":"auto","background-attachment":"scroll","background-type":"","background-media":"","overlay-type":"","overlay-color":"","overlay-opacity":"","overlay-gradient":""},"tablet":{"background-color":"var(--ast-global-color-5)","background-image":"","background-repeat":"repeat","background-position":"center center","background-size":"auto","background-attachment":"scroll","background-type":"","background-media":"","overlay-type":"","overlay-color":"","overlay-opacity":"","overlay-gradient":""},"mobile":{"background-color":"var(--ast-global-color-5)","background-image":"","background-repeat":"repeat","background-position":"center center","background-size":"auto","background-attachment":"scroll","background-type":"","background-media":"","overlay-type":"","overlay-color":"","overlay-opacity":"","overlay-gradient":""}},"footnotes":""},"categories":[1,29],"tags":[],"class_list":["post-15295","post","type-post","status-publish","format-standard","has-post-thumbnail","hentry","category-general","category-portada"],"post_mailing_queue_ids":[],"_links":{"self":[{"href":"https:\/\/serveiseducatius.xtec.cat\/baixcamp\/wp-json\/wp\/v2\/posts\/15295","targetHints":{"allow":["GET"]}}],"collection":[{"href":"https:\/\/serveiseducatius.xtec.cat\/baixcamp\/wp-json\/wp\/v2\/posts"}],"about":[{"href":"https:\/\/serveiseducatius.xtec.cat\/baixcamp\/wp-json\/wp\/v2\/types\/post"}],"author":[{"embeddable":true,"href":"https:\/\/serveiseducatius.xtec.cat\/baixcamp\/wp-json\/wp\/v2\/users\/127"}],"replies":[{"embeddable":true,"href":"https:\/\/serveiseducatius.xtec.cat\/baixcamp\/wp-json\/wp\/v2\/comments?post=15295"}],"version-history":[{"count":2,"href":"https:\/\/serveiseducatius.xtec.cat\/baixcamp\/wp-json\/wp\/v2\/posts\/15295\/revisions"}],"predecessor-version":[{"id":15299,"href":"https:\/\/serveiseducatius.xtec.cat\/baixcamp\/wp-json\/wp\/v2\/posts\/15295\/revisions\/15299"}],"wp:featuredmedia":[{"embeddable":true,"href":"https:\/\/serveiseducatius.xtec.cat\/baixcamp\/wp-json\/wp\/v2\/media\/15296"}],"wp:attachment":[{"href":"https:\/\/serveiseducatius.xtec.cat\/baixcamp\/wp-json\/wp\/v2\/media?parent=15295"}],"wp:term":[{"taxonomy":"category","embeddable":true,"href":"https:\/\/serveiseducatius.xtec.cat\/baixcamp\/wp-json\/wp\/v2\/categories?post=15295"},{"taxonomy":"post_tag","embeddable":true,"href":"https:\/\/serveiseducatius.xtec.cat\/baixcamp\/wp-json\/wp\/v2\/tags?post=15295"}],"curies":[{"name":"wp","href":"https:\/\/api.w.org\/{rel}","templated":true}]}}