{"id":14670,"date":"2023-06-02T13:55:10","date_gmt":"2023-06-02T11:55:10","guid":{"rendered":"https:\/\/serveiseducatius.xtec.cat\/baixcamp\/?p=14670"},"modified":"2024-05-03T14:06:06","modified_gmt":"2024-05-03T12:06:06","slug":"41a-mostra-de-teatre-videos","status":"publish","type":"post","link":"https:\/\/serveiseducatius.xtec.cat\/baixcamp\/portada\/41a-mostra-de-teatre-videos\/","title":{"rendered":"Participants 41a Mostra de Teatre &#8211; Videos"},"content":{"rendered":"<p>Ja teniu a la vostra disposici\u00f3\u00a0<strong><a href=\"https:\/\/www.youtube.com\/playlist?list=PLxDyz1lzKmBaxbu7gGnbV-mD3R3fxcVmy\">totes les obres<\/a><\/strong> de l\u2019edici\u00f3 d\u2019enguany de la Mostra de Teatre del Baix Camp.<\/p>\n<h2>XLI edici\u00f3 Mostra de Teatre de Reus i Baix Camp<\/h2>\n<table width=\"760\">\n<tbody>\n<tr>\n<td><strong>Centre<\/strong><\/td>\n<td><strong>Etapa<\/strong><\/td>\n<td><strong>Obra<\/strong><\/td>\n<\/tr>\n<tr>\n<td data-sheets-value=\"{&quot;1&quot;:2,&quot;2&quot;:&quot;ESCOLA JOAN REBULL &quot;}\">ESC Joan Rebull<\/td>\n<td data-sheets-value=\"{&quot;1&quot;:2,&quot;2&quot;:&quot;PRIM\u00c0RIA&quot;}\">PRIM\u00c0RIA<\/td>\n<td data-sheets-value=\"{&quot;1&quot;:2,&quot;2&quot;:&quot;EL MONSTRE DE COLORS &quot;}\"><a href=\"https:\/\/youtube.com\/live\/Xyz5FUE07fU\">El monstre de colors<\/a><\/td>\n<\/tr>\n<tr>\n<td data-sheets-value=\"{&quot;1&quot;:2,&quot;2&quot;:&quot;SANT JOSEP&quot;}\">COL Sant Josep<\/td>\n<td data-sheets-value=\"{&quot;1&quot;:2,&quot;2&quot;:&quot;PRIM\u00c0RIA&quot;}\">PRIM\u00c0RIA<\/td>\n<td data-sheets-value=\"{&quot;1&quot;:2,&quot;2&quot;:&quot;LA VOLTA AL M\u00d3N EN 80 DIES&quot;}\"><a href=\"https:\/\/youtube.com\/live\/HGdzMq1JXog\">La volta al m\u00f3n en 80 dies<\/a><\/td>\n<\/tr>\n<tr>\n<td data-sheets-value=\"{&quot;1&quot;:2,&quot;2&quot;:&quot;Escola Isabel Besora&quot;}\">ESC Isabel Besora<\/td>\n<td data-sheets-value=\"{&quot;1&quot;:2,&quot;2&quot;:&quot;PRIM\u00c0RIA&quot;}\">PRIM\u00c0RIA<\/td>\n<td data-sheets-value=\"{&quot;1&quot;:2,&quot;2&quot;:&quot;LA biblioteca m\u00e0gica&quot;}\"><a href=\"https:\/\/youtube.com\/live\/hkeyXgOx4X8\">La biblioteca m\u00e0gica<\/a><\/td>\n<\/tr>\n<tr>\n<td data-sheets-value=\"{&quot;1&quot;:2,&quot;2&quot;:&quot;Pare Manyanet&quot;}\">COL Pare Manyanet<\/td>\n<td data-sheets-value=\"{&quot;1&quot;:2,&quot;2&quot;:&quot;PRIM\u00c0RIA&quot;}\">PRIM\u00c0RIA<\/td>\n<td data-sheets-value=\"{&quot;1&quot;:2,&quot;2&quot;:&quot;Obra 1: El petit avet. Obra 2: \u00c9s molt f\u00e0cil ser feli\u00e7. Obra 3: El soldadet de plom.&quot;}\"><a href=\"https:\/\/youtube.com\/live\/9TgkJ1-sabU\">Recull de contes tradicionals<\/a><\/td>\n<\/tr>\n<tr>\n<td data-sheets-value=\"{&quot;1&quot;:2,&quot;2&quot;:&quot;Escola Montsant&quot;}\">ESC Montsant<\/td>\n<td data-sheets-value=\"{&quot;1&quot;:2,&quot;2&quot;:&quot;PRIM\u00c0RIA&quot;}\">PRIM\u00c0RIA<\/td>\n<td data-sheets-value=\"{&quot;1&quot;:2,&quot;2&quot;:&quot;En aquest conte no hi ha cap drac&quot;}\"><a href=\"https:\/\/youtube.com\/live\/rzWUzEfU2IQ\">En aquest conte no hi ha cap drac<\/a><\/td>\n<\/tr>\n<tr>\n<td data-sheets-value=\"{&quot;1&quot;:2,&quot;2&quot;:&quot;Escola Mare de D\u00e9u del Roser de Riudecols &quot;}\">ESC Mare de D\u00e9u del Roser<\/td>\n<td data-sheets-value=\"{&quot;1&quot;:2,&quot;2&quot;:&quot;PRIM\u00c0RIA&quot;}\">PRIM\u00c0RIA<\/td>\n<td data-sheets-value=\"{&quot;1&quot;:2,&quot;2&quot;:&quot;La clau m\u00e0gica &quot;}\"><a href=\"https:\/\/youtube.com\/live\/P8Xz-y7G_C8\">La clau m\u00e0gica<\/a><\/td>\n<\/tr>\n<tr>\n<td data-sheets-value=\"{&quot;1&quot;:2,&quot;2&quot;:&quot;Col3legi Sant Rafael&quot;}\">COL Sant Rafael<\/td>\n<td data-sheets-value=\"{&quot;1&quot;:2,&quot;2&quot;:&quot;PRIM\u00c0RIA&quot;}\">PRIM\u00c0RIA<\/td>\n<td data-sheets-value=\"{&quot;1&quot;:2,&quot;2&quot;:&quot;Operaci\u00f3 Aqua 24&quot;}\"><a href=\"https:\/\/youtube.com\/live\/0fVPymUfdOE\">Operaci\u00f3 Aqua 24<\/a><\/td>\n<\/tr>\n<tr>\n<td data-sheets-value=\"{&quot;1&quot;:2,&quot;2&quot;:&quot;Escola Puigcerver&quot;}\">COL Puigcerver<\/td>\n<td data-sheets-value=\"{&quot;1&quot;:2,&quot;2&quot;:&quot;PRIM\u00c0RIA&quot;}\">PRIM\u00c0RIA<\/td>\n<td data-sheets-value=\"{&quot;1&quot;:2,&quot;2&quot;:&quot;LLU\u00cdS DOM\u00c8NECH I MONTANER A REUS&quot;}\"><a href=\"https:\/\/youtube.com\/live\/wxsdKbzDq_4\">Llu\u00eds Dom\u00e8nech i Montaner a Reus<\/a><\/td>\n<\/tr>\n<tr>\n<td data-sheets-value=\"{&quot;1&quot;:2,&quot;2&quot;:&quot;ESCOLA MARIA CORTINA&quot;}\">COL Maria Cortina<\/td>\n<td data-sheets-value=\"{&quot;1&quot;:2,&quot;2&quot;:&quot;PRIM\u00c0RIA&quot;}\">PRIM\u00c0RIA<\/td>\n<td data-sheets-value=\"{&quot;1&quot;:2,&quot;2&quot;:&quot;L'Elixir m\u00e0gic&quot;}\">L\u2019Elixir m\u00e0gic<\/td>\n<\/tr>\n<tr>\n<td data-sheets-value=\"{&quot;1&quot;:2,&quot;2&quot;:&quot;INS Gabriel Ferrater&quot;}\">INS Gabriel Ferrater<\/td>\n<td data-sheets-value=\"{&quot;1&quot;:2,&quot;2&quot;:&quot;SECUND\u00c0RIA&quot;}\">SECUND\u00c0RIA<\/td>\n<td data-sheets-value=\"{&quot;1&quot;:2,&quot;2&quot;:&quot;El comiat de la meva llar&quot;}\"><a href=\"https:\/\/youtube.com\/live\/1Rr8Zl6pcnQ\">El comiat de la meva llar<\/a><\/td>\n<\/tr>\n<tr>\n<td data-sheets-value=\"{&quot;1&quot;:2,&quot;2&quot;:&quot;Institut Berenguer d'Enten\u00e7a&quot;}\">INS Berenguer d\u2019Enten\u00e7a<\/td>\n<td data-sheets-value=\"{&quot;1&quot;:2,&quot;2&quot;:&quot;SECUND\u00c0RIA&quot;}\">SECUND\u00c0RIA<\/td>\n<td data-sheets-value=\"{&quot;1&quot;:2,&quot;2&quot;:&quot;Sakura, l\u00faltima flor del cirerer&quot;}\"><a href=\"https:\/\/youtube.com\/live\/KV22LyQ60jw\">Sakura, l\u00faltima flor del cirerer<\/a><\/td>\n<\/tr>\n<tr>\n<td data-sheets-value=\"{&quot;1&quot;:2,&quot;2&quot;:&quot;Col\u00b7legi Maria Rosa Molas&quot;}\">COL Maria Rosa Molas<\/td>\n<td data-sheets-value=\"{&quot;1&quot;:2,&quot;2&quot;:&quot;PRIM\u00c0RIA&quot;}\">PRIM\u00c0RIA<\/td>\n<td data-sheets-value=\"{&quot;1&quot;:2,&quot;2&quot;:&quot;L'illa del tresor&quot;}\"><a href=\"https:\/\/youtube.com\/live\/j5J1T-ICQk8?feature=share\">L\u2019illa del tresor<\/a><\/td>\n<\/tr>\n<tr>\n<td data-sheets-value=\"{&quot;1&quot;:2,&quot;2&quot;:&quot;ESCOLA C\u00c8LIA ARTIGA&quot;}\">ESC C\u00e8lia Artiga<\/td>\n<td data-sheets-value=\"{&quot;1&quot;:2,&quot;2&quot;:&quot;PRIM\u00c0RIA&quot;}\">PRIM\u00c0RIA<\/td>\n<td data-sheets-value=\"{&quot;1&quot;:2,&quot;2&quot;:&quot;Un viatge incre\u00efble&quot;}\"><a href=\"https:\/\/youtube.com\/live\/gzERpSxnv8U\">Un viatge incre\u00efble<\/a><\/td>\n<\/tr>\n<tr>\n<td data-sheets-value=\"{&quot;1&quot;:2,&quot;2&quot;:&quot;Escola Mowgli&quot;}\">ESC\u00a0 Mowgli<\/td>\n<td data-sheets-value=\"{&quot;1&quot;:2,&quot;2&quot;:&quot;PRIM\u00c0RIA&quot;}\">PRIM\u00c0RIA<\/td>\n<td data-sheets-value=\"{&quot;1&quot;:2,&quot;2&quot;:&quot;Les tres erres&quot;}\"><a href=\"https:\/\/youtube.com\/live\/-ieGEm5khXI\">Les tres erres<\/a><\/td>\n<\/tr>\n<tr>\n<td data-sheets-value=\"{&quot;1&quot;:2,&quot;2&quot;:&quot;La Salle Reus&quot;}\">COL La Salle Reus<\/td>\n<td data-sheets-value=\"{&quot;1&quot;:2,&quot;2&quot;:&quot;PRIM\u00c0RIA&quot;}\">PRIM\u00c0RIA<\/td>\n<td data-sheets-value=\"{&quot;1&quot;:2,&quot;2&quot;:&quot;T'he enxampat, Caputxeta&quot;}\"><a href=\"https:\/\/youtube.com\/live\/LUquwUlVgT4\">T\u2019he enxampat, Caputxeta<\/a><\/td>\n<\/tr>\n<tr>\n<td data-sheets-value=\"{&quot;1&quot;:2,&quot;2&quot;:&quot;Ins Miami&quot;}\">INS Miami<\/td>\n<td data-sheets-value=\"{&quot;1&quot;:2,&quot;2&quot;:&quot;SECUND\u00c0RIA&quot;}\">SECUND\u00c0RIA<\/td>\n<td data-sheets-value=\"{&quot;1&quot;:2,&quot;2&quot;:&quot;Musical Mamma Mia&quot;}\"><a href=\"https:\/\/youtube.com\/live\/O0ZW9Xiar2g\">Musical Mamma Mia<\/a><\/td>\n<\/tr>\n<tr>\n<td data-sheets-value=\"{&quot;1&quot;:2,&quot;2&quot;:&quot;Institut Josep Tapir\u00f3&quot;}\">INS Josep Tapir\u00f3<\/td>\n<td data-sheets-value=\"{&quot;1&quot;:2,&quot;2&quot;:&quot;SECUND\u00c0RIA&quot;}\">SECUND\u00c0RIA<\/td>\n<td data-sheets-value=\"{&quot;1&quot;:2,&quot;2&quot;:&quot;Gustos nous&quot;}\">Gustos nous<\/td>\n<\/tr>\n<tr>\n<td data-sheets-value=\"{&quot;1&quot;:2,&quot;2&quot;:&quot;Escola Pompeu Fabra (Reus)&quot;}\">ESC Pompeu Fabra<\/td>\n<td data-sheets-value=\"{&quot;1&quot;:2,&quot;2&quot;:&quot;PRIM\u00c0RIA&quot;}\">PRIM\u00c0RIA<\/td>\n<td data-sheets-value=\"{&quot;1&quot;:2,&quot;2&quot;:&quot;Som universals&quot;}\">Som universals<\/td>\n<\/tr>\n<\/tbody>\n<\/table>\n<p>&nbsp;<\/p>\n","protected":false},"excerpt":{"rendered":"<p>Ja teniu a la vostra disposici\u00f3\u00a0totes les obres de l\u2019edici\u00f3 d\u2019enguany de la Mostra de Teatre del Baix Camp. XLI edici\u00f3 Mostra de Teatre de Reus i Baix Camp Centre Etapa Obra ESC Joan Rebull PRIM\u00c0RIA El monstre de colors COL Sant Josep PRIM\u00c0RIA La volta al m\u00f3n en 80 dies ESC Isabel Besora PRIM\u00c0RIA [&hellip;]<\/p>\n","protected":false},"author":1,"featured_media":14671,"comment_status":"open","ping_status":"closed","sticky":false,"template":"","format":"standard","meta":{"_bbp_topic_count":0,"_bbp_reply_count":0,"_bbp_total_topic_count":0,"_bbp_total_reply_count":0,"_bbp_voice_count":0,"_bbp_anonymous_reply_count":0,"_bbp_topic_count_hidden":0,"_bbp_reply_count_hidden":0,"_bbp_forum_subforum_count":0,"site-sidebar-layout":"default","site-content-layout":"","ast-site-content-layout":"","site-content-style":"default","site-sidebar-style":"default","ast-global-header-display":"","ast-banner-title-visibility":"","ast-main-header-display":"","ast-hfb-above-header-display":"","ast-hfb-below-header-display":"","ast-hfb-mobile-header-display":"","site-post-title":"","ast-breadcrumbs-content":"","ast-featured-img":"","footer-sml-layout":"","theme-transparent-header-meta":"","adv-header-id-meta":"","stick-header-meta":"","header-above-stick-meta":"","header-main-stick-meta":"","header-below-stick-meta":"","astra-migrate-meta-layouts":"default","ast-page-background-enabled":"default","ast-page-background-meta":{"desktop":{"background-color":"var(--ast-global-color-4)","background-image":"","background-repeat":"repeat","background-position":"center center","background-size":"auto","background-attachment":"scroll","background-type":"","background-media":"","overlay-type":"","overlay-color":"","overlay-opacity":"","overlay-gradient":""},"tablet":{"background-color":"","background-image":"","background-repeat":"repeat","background-position":"center center","background-size":"auto","background-attachment":"scroll","background-type":"","background-media":"","overlay-type":"","overlay-color":"","overlay-opacity":"","overlay-gradient":""},"mobile":{"background-color":"","background-image":"","background-repeat":"repeat","background-position":"center center","background-size":"auto","background-attachment":"scroll","background-type":"","background-media":"","overlay-type":"","overlay-color":"","overlay-opacity":"","overlay-gradient":""}},"ast-content-background-meta":{"desktop":{"background-color":"var(--ast-global-color-5)","background-image":"","background-repeat":"repeat","background-position":"center center","background-size":"auto","background-attachment":"scroll","background-type":"","background-media":"","overlay-type":"","overlay-color":"","overlay-opacity":"","overlay-gradient":""},"tablet":{"background-color":"var(--ast-global-color-5)","background-image":"","background-repeat":"repeat","background-position":"center center","background-size":"auto","background-attachment":"scroll","background-type":"","background-media":"","overlay-type":"","overlay-color":"","overlay-opacity":"","overlay-gradient":""},"mobile":{"background-color":"var(--ast-global-color-5)","background-image":"","background-repeat":"repeat","background-position":"center center","background-size":"auto","background-attachment":"scroll","background-type":"","background-media":"","overlay-type":"","overlay-color":"","overlay-opacity":"","overlay-gradient":""}},"footnotes":""},"categories":[73,29],"tags":[643,475],"class_list":["post-14670","post","type-post","status-publish","format-standard","has-post-thumbnail","hentry","category-mostra-de-teatre","category-portada","tag-curs-2022-2023","tag-mostra-de-teatre"],"post_mailing_queue_ids":[],"_links":{"self":[{"href":"https:\/\/serveiseducatius.xtec.cat\/baixcamp\/wp-json\/wp\/v2\/posts\/14670","targetHints":{"allow":["GET"]}}],"collection":[{"href":"https:\/\/serveiseducatius.xtec.cat\/baixcamp\/wp-json\/wp\/v2\/posts"}],"about":[{"href":"https:\/\/serveiseducatius.xtec.cat\/baixcamp\/wp-json\/wp\/v2\/types\/post"}],"author":[{"embeddable":true,"href":"https:\/\/serveiseducatius.xtec.cat\/baixcamp\/wp-json\/wp\/v2\/users\/1"}],"replies":[{"embeddable":true,"href":"https:\/\/serveiseducatius.xtec.cat\/baixcamp\/wp-json\/wp\/v2\/comments?post=14670"}],"version-history":[{"count":4,"href":"https:\/\/serveiseducatius.xtec.cat\/baixcamp\/wp-json\/wp\/v2\/posts\/14670\/revisions"}],"predecessor-version":[{"id":15002,"href":"https:\/\/serveiseducatius.xtec.cat\/baixcamp\/wp-json\/wp\/v2\/posts\/14670\/revisions\/15002"}],"wp:featuredmedia":[{"embeddable":true,"href":"https:\/\/serveiseducatius.xtec.cat\/baixcamp\/wp-json\/wp\/v2\/media\/14671"}],"wp:attachment":[{"href":"https:\/\/serveiseducatius.xtec.cat\/baixcamp\/wp-json\/wp\/v2\/media?parent=14670"}],"wp:term":[{"taxonomy":"category","embeddable":true,"href":"https:\/\/serveiseducatius.xtec.cat\/baixcamp\/wp-json\/wp\/v2\/categories?post=14670"},{"taxonomy":"post_tag","embeddable":true,"href":"https:\/\/serveiseducatius.xtec.cat\/baixcamp\/wp-json\/wp\/v2\/tags?post=14670"}],"curies":[{"name":"wp","href":"https:\/\/api.w.org\/{rel}","templated":true}]}}