{"id":13864,"date":"2022-05-25T08:45:38","date_gmt":"2022-05-25T06:45:38","guid":{"rendered":"https:\/\/serveiseducatius.xtec.cat\/baixcamp\/?p=13864"},"modified":"2022-05-25T08:46:10","modified_gmt":"2022-05-25T06:46:10","slug":"calendari-escolar-2022-23","status":"publish","type":"post","link":"https:\/\/serveiseducatius.xtec.cat\/baixcamp\/portada\/calendari-escolar-2022-23\/","title":{"rendered":"Calendari escolar 2022-23"},"content":{"rendered":"<figure id=\"attachment_13865\" aria-describedby=\"caption-attachment-13865\" style=\"width: 300px\" class=\"wp-caption alignright\"><img loading=\"lazy\" decoding=\"async\" class=\"wp-image-13865 size-medium\" src=\"https:\/\/serveiseducatius.xtec.cat\/baixcamp\/wp-content\/uploads\/usu950\/2022\/05\/schedule-300x300.png\" alt=\"\" width=\"300\" height=\"300\" \/><figcaption id=\"caption-attachment-13865\" class=\"wp-caption-text\"><a title=\"calendar icons\" href=\"https:\/\/www.flaticon.com\/free-icons\/calendar\">Calendar icons created by Freepik &#8211; Flaticon<\/a><\/figcaption><\/figure>\n<p>S\u2019ha publicat l\u2019<a href=\"http:\/\/mailsystem.es\/link_click\/6285fb5cd6072-349623\" target=\"_blank\" rel=\"noopener\" data-saferedirecturl=\"https:\/\/www.google.com\/url?q=http:\/\/mailsystem.es\/link_click\/6285fb5cd6072-349623&amp;source=gmail&amp;ust=1653037100272000&amp;usg=AOvVaw2uWw2p4DOHCb59NShg-VRi\">ORDRE EDU\/113\/2022, de 3 de maig, <\/a>per la qual s\u2019estableix el calendari escolar del curs 2022-2023 per als centres educatius no universitaris de Catalunya i es modifica l\u2019Ordre EDU\/119\/2021, de 28 de maig, per la qual s\u2019estableix el calendari escolar del curs 2021-2022 per als centres educatius no universitaris de Catalunya.<\/p>\n<p>L\u2019inici de curs ser\u00e0 en les seg\u00fcents dates:<\/p>\n<ul>\n<li><b>5 de setembre,<\/b> el segon cicle d\u2019Educaci\u00f3 Infantil i l\u2019Educaci\u00f3 Prim\u00e0ria<b><br \/>\n<\/b><\/li>\n<li><b>7 de setembre,<\/b>\u00a0l\u2019ESO, Batxillerat, Cicles Formatius<b><br \/>\n<\/b><\/li>\n<li><b>19 de setembre, <\/b>altres ensenyaments<b><br \/>\n<\/b><\/li>\n<li><b>22 de setembre, <\/b>les EOI<b><br \/>\n<\/b><\/li>\n<\/ul>\n<p>La fi de curs ser\u00e0 el dia\u00a0<b>22 de juny<\/b>\u00a0 per a l\u2019Educaci\u00f3 Infantil i Prim\u00e0ria i el\u00a0<b>20 de juny\u00a0<\/b>per a l\u2019Educaci\u00f3 Secund\u00e0ria Obligat\u00f2ria i Batxillerat. Els ensenyaments de r\u00e8gim especial, els de formaci\u00f3 professional i els centres i aules de formaci\u00f3 d\u2019adults ho han de fer d\u2019acord amb la seva programaci\u00f3 acad\u00e8mica.<\/p>\n<p>Les vacances i festius seran els seg\u00fcents dies:<\/p>\n<ul>\n<li><b>Nadal:<\/b>\u00a0del 22 de desembre de 2022 al 8 de gener de 2023, ambd\u00f3s inclosos.<\/li>\n<li><b>Setmana Santa:<\/b>\u00a0del 3 d\u2019abril al 10 d\u2019abril de 2023, ambd\u00f3s inclosos.<\/li>\n<\/ul>\n<p>Els centres poden establir\u00a0<strong>4<\/strong><b>\u00a0dies festius de lliure disposici\u00f3,\u00a0<\/b>a m\u00e9s de les festes locals.<b><br \/>\n<\/b><\/p>\n<p>Pel que fa als horaris<b>,\u00a0<\/b>es fixa una\u00a0<b>reducci\u00f3 d\u2019una hora lectiva di\u00e0ria\u00a0<\/b>al segon cicle de l\u2019educaci\u00f3 infantil i prim\u00e0ria entre els dies\u00a0<b>5 i 30 de setembre\u00a0<\/b>de 2022, ambd\u00f3s inclosos.<\/p>\n","protected":false},"excerpt":{"rendered":"<p>S\u2019ha publicat l\u2019ORDRE EDU\/113\/2022, de 3 de maig, per la qual s\u2019estableix el calendari escolar del curs 2022-2023 per als centres educatius no universitaris de Catalunya<\/p>\n","protected":false},"author":1,"featured_media":13865,"comment_status":"open","ping_status":"closed","sticky":false,"template":"","format":"standard","meta":{"_bbp_topic_count":0,"_bbp_reply_count":0,"_bbp_total_topic_count":0,"_bbp_total_reply_count":0,"_bbp_voice_count":0,"_bbp_anonymous_reply_count":0,"_bbp_topic_count_hidden":0,"_bbp_reply_count_hidden":0,"_bbp_forum_subforum_count":0,"site-sidebar-layout":"default","site-content-layout":"","ast-site-content-layout":"","site-content-style":"default","site-sidebar-style":"default","ast-global-header-display":"","ast-banner-title-visibility":"","ast-main-header-display":"","ast-hfb-above-header-display":"","ast-hfb-below-header-display":"","ast-hfb-mobile-header-display":"","site-post-title":"","ast-breadcrumbs-content":"","ast-featured-img":"","footer-sml-layout":"","theme-transparent-header-meta":"","adv-header-id-meta":"","stick-header-meta":"","header-above-stick-meta":"","header-main-stick-meta":"","header-below-stick-meta":"","astra-migrate-meta-layouts":"default","ast-page-background-enabled":"default","ast-page-background-meta":{"desktop":{"background-color":"var(--ast-global-color-4)","background-image":"","background-repeat":"repeat","background-position":"center center","background-size":"auto","background-attachment":"scroll","background-type":"","background-media":"","overlay-type":"","overlay-color":"","overlay-opacity":"","overlay-gradient":""},"tablet":{"background-color":"","background-image":"","background-repeat":"repeat","background-position":"center center","background-size":"auto","background-attachment":"scroll","background-type":"","background-media":"","overlay-type":"","overlay-color":"","overlay-opacity":"","overlay-gradient":""},"mobile":{"background-color":"","background-image":"","background-repeat":"repeat","background-position":"center center","background-size":"auto","background-attachment":"scroll","background-type":"","background-media":"","overlay-type":"","overlay-color":"","overlay-opacity":"","overlay-gradient":""}},"ast-content-background-meta":{"desktop":{"background-color":"var(--ast-global-color-5)","background-image":"","background-repeat":"repeat","background-position":"center center","background-size":"auto","background-attachment":"scroll","background-type":"","background-media":"","overlay-type":"","overlay-color":"","overlay-opacity":"","overlay-gradient":""},"tablet":{"background-color":"var(--ast-global-color-5)","background-image":"","background-repeat":"repeat","background-position":"center center","background-size":"auto","background-attachment":"scroll","background-type":"","background-media":"","overlay-type":"","overlay-color":"","overlay-opacity":"","overlay-gradient":""},"mobile":{"background-color":"var(--ast-global-color-5)","background-image":"","background-repeat":"repeat","background-position":"center center","background-size":"auto","background-attachment":"scroll","background-type":"","background-media":"","overlay-type":"","overlay-color":"","overlay-opacity":"","overlay-gradient":""}},"footnotes":""},"categories":[29],"tags":[648,643],"class_list":["post-13864","post","type-post","status-publish","format-standard","has-post-thumbnail","hentry","category-portada","tag-calendari-escolar","tag-curs-2022-2023"],"post_mailing_queue_ids":[],"_links":{"self":[{"href":"https:\/\/serveiseducatius.xtec.cat\/baixcamp\/wp-json\/wp\/v2\/posts\/13864","targetHints":{"allow":["GET"]}}],"collection":[{"href":"https:\/\/serveiseducatius.xtec.cat\/baixcamp\/wp-json\/wp\/v2\/posts"}],"about":[{"href":"https:\/\/serveiseducatius.xtec.cat\/baixcamp\/wp-json\/wp\/v2\/types\/post"}],"author":[{"embeddable":true,"href":"https:\/\/serveiseducatius.xtec.cat\/baixcamp\/wp-json\/wp\/v2\/users\/1"}],"replies":[{"embeddable":true,"href":"https:\/\/serveiseducatius.xtec.cat\/baixcamp\/wp-json\/wp\/v2\/comments?post=13864"}],"version-history":[{"count":2,"href":"https:\/\/serveiseducatius.xtec.cat\/baixcamp\/wp-json\/wp\/v2\/posts\/13864\/revisions"}],"predecessor-version":[{"id":13867,"href":"https:\/\/serveiseducatius.xtec.cat\/baixcamp\/wp-json\/wp\/v2\/posts\/13864\/revisions\/13867"}],"wp:featuredmedia":[{"embeddable":true,"href":"https:\/\/serveiseducatius.xtec.cat\/baixcamp\/wp-json\/wp\/v2\/media\/13865"}],"wp:attachment":[{"href":"https:\/\/serveiseducatius.xtec.cat\/baixcamp\/wp-json\/wp\/v2\/media?parent=13864"}],"wp:term":[{"taxonomy":"category","embeddable":true,"href":"https:\/\/serveiseducatius.xtec.cat\/baixcamp\/wp-json\/wp\/v2\/categories?post=13864"},{"taxonomy":"post_tag","embeddable":true,"href":"https:\/\/serveiseducatius.xtec.cat\/baixcamp\/wp-json\/wp\/v2\/tags?post=13864"}],"curies":[{"name":"wp","href":"https:\/\/api.w.org\/{rel}","templated":true}]}}