{"id":13572,"date":"2022-01-10T10:38:34","date_gmt":"2022-01-10T09:38:34","guid":{"rendered":"https:\/\/serveiseducatius.xtec.cat\/baixcamp\/?p=13572"},"modified":"2022-01-10T13:14:35","modified_gmt":"2022-01-10T12:14:35","slug":"nova-formacio-del-curs-21-22","status":"publish","type":"post","link":"https:\/\/serveiseducatius.xtec.cat\/baixcamp\/general\/nova-formacio-del-curs-21-22\/","title":{"rendered":"Nova formaci\u00f3 del curs 21-22"},"content":{"rendered":"<p>Aquest divendres<strong> 7 de gener de 2021<\/strong> s&#8217;ha obert la inscripci\u00f3 a les <a href=\"http:\/\/xtec.gencat.cat\/ca\/formacio\/info-general\/cercador-activitats\/\">Activitats de Formaci\u00f3 de la XTEC.<\/a><\/p>\n<p>Recordeu que l&#8217;aplicatiu estar\u00e0 obert fins el dia <strong>18 de gener<\/strong> <strong>de 2021<\/strong> per tal que realitzeu les vostres inscripcions dins de termini establert pel Departament d&#8217;Educaci\u00f3.<\/p>\n<p><img decoding=\"async\" class=\"n3VNCb alignleft\" src=\"https:\/\/mascarandell.cat\/sites\/mascarandell\/themes\/mobile\/img\/logo-right.png\" alt=\"Mas Carandell | Element dinamitzador social, cultural i econ\u00f2mic del territori\" data-noaft=\"1\" \/>Per tal de dinamitzar i oferir propostes pedag\u00f2giques per als centres i els seus espais educatius, des del <strong>CRP del Baix Camp <\/strong>amb, la col\u00b7laboraci\u00f3 del <a href=\"https:\/\/mascarandell.cat\/formacio\"><strong>Mas Carandell<\/strong><\/a><strong>,<\/strong> us hem preparat una formaci\u00f3 amb alguns <strong>eixos claus<\/strong> com el <span style=\"color: #999999;\"><em>canvi clim\u00e0tic, l&#8217;esgotament de recursos naturals, la contaminaci\u00f3 i la p\u00e8rdua de la biodiversitat entre d&#8217;altres.<\/em><\/span><\/p>\n<p>L&#8217;objectiu \u00e9s <span style=\"text-decoration: underline;\"><strong>dotar als docents de les eines necess\u00e0ries per transmetre coneixements i conceptes a les aules<\/strong><\/span>. Esdev\u00e9 fonamental l&#8217;educaci\u00f3 i la conscienciaci\u00f3 de les generacions m\u00e9s joves per no cometre els mateixos errors del passat i avan\u00e7ar cap a un futur m\u00e9s prometedor.<img loading=\"lazy\" decoding=\"async\" class=\"size-full wp-image-2295 aligncenter\" src=\"https:\/\/serveiseducatius.xtec.cat\/baixcamp\/wp-content\/uploads\/usu950\/2016\/11\/programa-motxilla.jpg\" alt=\"\" width=\"500\" height=\"133\" srcset=\"https:\/\/serveiseducatius.xtec.cat\/baixcamp\/wp-content\/uploads\/usu950\/2016\/11\/programa-motxilla.jpg 500w, https:\/\/serveiseducatius.xtec.cat\/baixcamp\/wp-content\/uploads\/usu950\/2016\/11\/programa-motxilla-300x80.jpg 300w\" sizes=\"auto, (max-width: 500px) 100vw, 500px\" \/><\/p>\n<blockquote><p>Un curs din\u00e0mic i participatiu per con\u00e8ixer quines s\u00f3n les principals amenaces de la crisi ambiental en la que ens trobem actualment, quina \u00e9s la realitat del present i quina \u00e9s la perspectiva de futur. <span style=\"font-family: Verdana; font-size: medium;\"><br \/>\n<\/span><\/p><\/blockquote>\n<p>Aquesta formaci\u00f3 vol promoure com a espais educatius les instal\u00b7lacions de plaques solars als centres educatius amb l&#8217;ajuda de materials de pr\u00e9stec com la <a href=\"https:\/\/serveiseducatius.xtec.cat\/baixcamp\/recursos-2\/cataleg-servei-prestec\/maleta-motxilla-bioclimatica\/\"><strong>motxilla bioclim\u00e0tica.<\/strong><\/a>\u00a0 Podeu veure tota la informaci\u00f3 detallada al GTAF:<\/p>\n<p>&nbsp;<\/p>\n<p><img loading=\"lazy\" decoding=\"async\" class=\" wp-image-917 alignleft\" src=\"https:\/\/serveiseducatius.xtec.cat\/baixcamp\/wp-content\/uploads\/usu950\/2015\/11\/motxillabio.png\" alt=\"\" width=\"226\" height=\"224\" srcset=\"https:\/\/serveiseducatius.xtec.cat\/baixcamp\/wp-content\/uploads\/usu950\/2015\/11\/motxillabio.png 196w, https:\/\/serveiseducatius.xtec.cat\/baixcamp\/wp-content\/uploads\/usu950\/2015\/11\/motxillabio-150x150.png 150w\" sizes=\"auto, (max-width: 226px) 100vw, 226px\" \/><\/p>\n<table style=\"width: 56.5333%; height: 72px;\" border=\"0\" cellspacing=\"0\" cellpadding=\"0\">\n<tbody>\n<tr>\n<td align=\"RIGHT\" valign=\"TOP\" width=\"160\"><a href=\"https:\/\/aplicacions.gestioeducativa.gencat.cat\/pls\/soloas\/pk_for_mod_ins.p_for_detall_activitat?p_codi=7021821702&amp;p_curs=2021-2022&amp;p_es_inscr=S\" target=\"_blank\" rel=\"noopener\"><b><span style=\"font-family: arial, helvetica, geneva; font-size: small;\">7021821702\u00a0\u00a0<\/span><\/b><\/a><\/td>\n<td valign=\"TOP\"><span style=\"font-family: arial, helvetica, geneva; font-size: small;\">Sensibilitzaci\u00f3 i educaci\u00f3 ambiental.<\/span><\/td>\n<\/tr>\n<tr>\n<td align=\"RIGHT\" valign=\"TOP\"><b><span style=\"font-family: arial, helvetica, geneva; font-size: small;\">2021-2022\u00a0\u00a0<\/span><\/b><\/td>\n<td valign=\"TOP\"><span style=\"font-family: arial, helvetica, geneva; font-size: small;\">Taller. Educaci\u00f3 Infantil-Prim\u00e0ria<\/span><\/td>\n<\/tr>\n<\/tbody>\n<\/table>\n<table style=\"width: 56.3057%;\" border=\"0\" cellspacing=\"0\" cellpadding=\"0\">\n<tbody>\n<tr>\n<td style=\"width: 30.85%;\" align=\"RIGHT\" valign=\"TOP\" width=\"160\"><a href=\"https:\/\/aplicacions.gestioeducativa.gencat.cat\/pls\/soloas\/pk_for_mod_ins.p_for_detall_activitat?p_codi=7021831702&amp;p_curs=2021-2022&amp;p_es_inscr=S\" target=\"_blank\" rel=\"noopener\"><b><span style=\"font-family: arial, helvetica, geneva; font-size: small;\">7021831702\u00a0\u00a0<\/span><\/b><\/a><\/td>\n<td style=\"width: 91.7467%;\" valign=\"TOP\"><span style=\"font-family: arial, helvetica, geneva; font-size: small;\">La Motxilla bioclim\u00e0tica<\/span><\/td>\n<\/tr>\n<tr>\n<td style=\"width: 30.85%;\" align=\"RIGHT\" valign=\"TOP\"><b><span style=\"font-family: arial, helvetica, geneva; font-size: small;\">2021-2022\u00a0\u00a0<\/span><\/b><\/td>\n<td style=\"width: 91.7467%;\" valign=\"TOP\"><span style=\"font-family: arial, helvetica, geneva; font-size: small;\">Taller. Secund\u00e0ria Obligat\u00f2ria i batxillerat<\/span><\/td>\n<\/tr>\n<\/tbody>\n<\/table>\n<p>&nbsp;<\/p>\n<p>&nbsp;<\/p>\n<p>Actuaci\u00f3 impulsada en el marc del Pla Reactivem Reus, i finan\u00e7ada per l&#8217;Ajuntament de Reus.<\/p>\n<p>Projecte subvencionat pel Servei P\u00fablic d\u2019Ocupaci\u00f3 de Catalunya, finan\u00e7at per Servicio P\u00fablico de Empleo Estatal i cofinan\u00e7at en un 50% pel FSE.<img loading=\"lazy\" decoding=\"async\" class=\"size-large wp-image-13588 aligncenter\" src=\"https:\/\/serveiseducatius.xtec.cat\/baixcamp\/wp-content\/uploads\/usu950\/2022\/01\/Captura-de-Pantalla-2022-01-10-a-les-13.13.50-600x44.png\" alt=\"\" width=\"600\" height=\"44\" srcset=\"https:\/\/serveiseducatius.xtec.cat\/baixcamp\/wp-content\/uploads\/usu950\/2022\/01\/Captura-de-Pantalla-2022-01-10-a-les-13.13.50-600x44.png 600w, https:\/\/serveiseducatius.xtec.cat\/baixcamp\/wp-content\/uploads\/usu950\/2022\/01\/Captura-de-Pantalla-2022-01-10-a-les-13.13.50-300x22.png 300w, https:\/\/serveiseducatius.xtec.cat\/baixcamp\/wp-content\/uploads\/usu950\/2022\/01\/Captura-de-Pantalla-2022-01-10-a-les-13.13.50-768x56.png 768w, https:\/\/serveiseducatius.xtec.cat\/baixcamp\/wp-content\/uploads\/usu950\/2022\/01\/Captura-de-Pantalla-2022-01-10-a-les-13.13.50-1536x113.png 1536w, https:\/\/serveiseducatius.xtec.cat\/baixcamp\/wp-content\/uploads\/usu950\/2022\/01\/Captura-de-Pantalla-2022-01-10-a-les-13.13.50.png 1992w\" sizes=\"auto, (max-width: 600px) 100vw, 600px\" \/><\/p>\n<p>&nbsp;<\/p>\n","protected":false},"excerpt":{"rendered":"<p>Aquest divendres 7 de gener de 2021 s&#8217;ha obert la inscripci\u00f3 a les Activitats de Formaci\u00f3 de la XTEC. Recordeu que l&#8217;aplicatiu estar\u00e0 obert fins el dia 18 de gener de 2021 per tal que realitzeu les vostres inscripcions dins de termini establert pel Departament d&#8217;Educaci\u00f3. Per tal de dinamitzar i oferir propostes pedag\u00f2giques per [&hellip;]<\/p>\n","protected":false},"author":122,"featured_media":13109,"comment_status":"open","ping_status":"closed","sticky":false,"template":"","format":"standard","meta":{"_bbp_topic_count":0,"_bbp_reply_count":0,"_bbp_total_topic_count":0,"_bbp_total_reply_count":0,"_bbp_voice_count":0,"_bbp_anonymous_reply_count":0,"_bbp_topic_count_hidden":0,"_bbp_reply_count_hidden":0,"_bbp_forum_subforum_count":0,"site-sidebar-layout":"default","site-content-layout":"","ast-site-content-layout":"","site-content-style":"default","site-sidebar-style":"default","ast-global-header-display":"","ast-banner-title-visibility":"","ast-main-header-display":"","ast-hfb-above-header-display":"","ast-hfb-below-header-display":"","ast-hfb-mobile-header-display":"","site-post-title":"","ast-breadcrumbs-content":"","ast-featured-img":"","footer-sml-layout":"","theme-transparent-header-meta":"","adv-header-id-meta":"","stick-header-meta":"","header-above-stick-meta":"","header-main-stick-meta":"","header-below-stick-meta":"","astra-migrate-meta-layouts":"default","ast-page-background-enabled":"default","ast-page-background-meta":{"desktop":{"background-color":"var(--ast-global-color-4)","background-image":"","background-repeat":"repeat","background-position":"center center","background-size":"auto","background-attachment":"scroll","background-type":"","background-media":"","overlay-type":"","overlay-color":"","overlay-opacity":"","overlay-gradient":""},"tablet":{"background-color":"","background-image":"","background-repeat":"repeat","background-position":"center center","background-size":"auto","background-attachment":"scroll","background-type":"","background-media":"","overlay-type":"","overlay-color":"","overlay-opacity":"","overlay-gradient":""},"mobile":{"background-color":"","background-image":"","background-repeat":"repeat","background-position":"center center","background-size":"auto","background-attachment":"scroll","background-type":"","background-media":"","overlay-type":"","overlay-color":"","overlay-opacity":"","overlay-gradient":""}},"ast-content-background-meta":{"desktop":{"background-color":"var(--ast-global-color-5)","background-image":"","background-repeat":"repeat","background-position":"center center","background-size":"auto","background-attachment":"scroll","background-type":"","background-media":"","overlay-type":"","overlay-color":"","overlay-opacity":"","overlay-gradient":""},"tablet":{"background-color":"var(--ast-global-color-5)","background-image":"","background-repeat":"repeat","background-position":"center center","background-size":"auto","background-attachment":"scroll","background-type":"","background-media":"","overlay-type":"","overlay-color":"","overlay-opacity":"","overlay-gradient":""},"mobile":{"background-color":"var(--ast-global-color-5)","background-image":"","background-repeat":"repeat","background-position":"center center","background-size":"auto","background-attachment":"scroll","background-type":"","background-media":"","overlay-type":"","overlay-color":"","overlay-opacity":"","overlay-gradient":""}},"footnotes":""},"categories":[221,1,74,29,344],"tags":[86,570,346,342,210,239,261,251],"class_list":["post-13572","post","type-post","status-publish","format-standard","has-post-thumbnail","hentry","category-formacio","category-general","category-motxilla-bioclimatica","category-portada","category-recursos-pfz","tag-ciencies","tag-curs-2021-22","tag-ep","tag-formacio","tag-pfz","tag-eso","tag-sostenibilitat","tag-tecnologia"],"post_mailing_queue_ids":[],"_links":{"self":[{"href":"https:\/\/serveiseducatius.xtec.cat\/baixcamp\/wp-json\/wp\/v2\/posts\/13572","targetHints":{"allow":["GET"]}}],"collection":[{"href":"https:\/\/serveiseducatius.xtec.cat\/baixcamp\/wp-json\/wp\/v2\/posts"}],"about":[{"href":"https:\/\/serveiseducatius.xtec.cat\/baixcamp\/wp-json\/wp\/v2\/types\/post"}],"author":[{"embeddable":true,"href":"https:\/\/serveiseducatius.xtec.cat\/baixcamp\/wp-json\/wp\/v2\/users\/122"}],"replies":[{"embeddable":true,"href":"https:\/\/serveiseducatius.xtec.cat\/baixcamp\/wp-json\/wp\/v2\/comments?post=13572"}],"version-history":[{"count":3,"href":"https:\/\/serveiseducatius.xtec.cat\/baixcamp\/wp-json\/wp\/v2\/posts\/13572\/revisions"}],"predecessor-version":[{"id":13583,"href":"https:\/\/serveiseducatius.xtec.cat\/baixcamp\/wp-json\/wp\/v2\/posts\/13572\/revisions\/13583"}],"wp:featuredmedia":[{"embeddable":true,"href":"https:\/\/serveiseducatius.xtec.cat\/baixcamp\/wp-json\/wp\/v2\/media\/13109"}],"wp:attachment":[{"href":"https:\/\/serveiseducatius.xtec.cat\/baixcamp\/wp-json\/wp\/v2\/media?parent=13572"}],"wp:term":[{"taxonomy":"category","embeddable":true,"href":"https:\/\/serveiseducatius.xtec.cat\/baixcamp\/wp-json\/wp\/v2\/categories?post=13572"},{"taxonomy":"post_tag","embeddable":true,"href":"https:\/\/serveiseducatius.xtec.cat\/baixcamp\/wp-json\/wp\/v2\/tags?post=13572"}],"curies":[{"name":"wp","href":"https:\/\/api.w.org\/{rel}","templated":true}]}}