{"id":13447,"date":"2021-12-13T17:35:58","date_gmt":"2021-12-13T16:35:58","guid":{"rendered":"https:\/\/serveiseducatius.xtec.cat\/baixcamp\/?p=13447"},"modified":"2021-12-13T17:48:00","modified_gmt":"2021-12-13T16:48:00","slug":"conferencia-i-tallers-gestio-de-les-conductes-auto-i-hetero-agressives-a-laula","status":"publish","type":"post","link":"https:\/\/serveiseducatius.xtec.cat\/baixcamp\/portada\/conferencia-i-tallers-gestio-de-les-conductes-auto-i-hetero-agressives-a-laula\/","title":{"rendered":"Confer\u00e8ncia i tallers &#8220;Gesti\u00f3 de les conductes auto i hetero-agressives a l&#8217;aula&#8221;"},"content":{"rendered":"<figure id=\"attachment_13448\" aria-describedby=\"caption-attachment-13448\" style=\"width: 400px\" class=\"wp-caption alignleft\"><img loading=\"lazy\" decoding=\"async\" class=\"wp-image-13448\" src=\"https:\/\/serveiseducatius.xtec.cat\/baixcamp\/wp-content\/uploads\/usu950\/2021\/12\/pexels-pavel-danilyuk-8422141-600x401.jpg\" alt=\"\" width=\"400\" height=\"267\" \/><figcaption id=\"caption-attachment-13448\" class=\"wp-caption-text\"><em>Foto de Pavel Danilyuk de Pexels <\/em><\/figcaption><\/figure>\n<p>Des dels ST d&#8217;Educaci\u00f3 de Tarragona s&#8217;han programat les activitats formatives, confer\u00e8ncia i tallers <i>&#8220;Gesti\u00f3 de les conductes auto i hetero-agressives a l&#8217;aula&#8221;,\u00a0<\/i><span style=\"color: #000000;\">que aniran a c\u00e0rrec de la psic\u00f2loga\u00a0cl\u00ednica <strong>Maria Checa Casado<\/strong>.<\/span><\/p>\n<p><span style=\"color: #000000;\">Aquesta formaci\u00f3 va ser una demanda que va sorgir al llarg del curs passat i que, aquest primer trimestre de curs, des dels ST d&#8217;Educaci\u00f3 de Tarragona i amb la col\u00b7laboraci\u00f3 del Col\u00b7legi Oficial de Psic\u00f2legs de Tarragona, ja s&#8217;ha dut a terme amb professionals dels EAPs, i ara <strong>s&#8217;adre\u00e7a a docents de centres educatius<\/strong>.<\/span><\/p>\n<p>La formaci\u00f3 s&#8217;estructura <strong>en una primera confer\u00e8ncia i un taller de 2 sessions<\/strong>. Es recomana inscriure&#8217;s a la confer\u00e8ncia i a un dels dos tallers (mateix contingut\u00a0en diferents dies).<\/p>\n<div>\n<ul>\n<li><span style=\"color: #741b47;\"><b><u>Confer\u00e8ncia<\/u><\/b><\/span>:<\/li>\n<\/ul>\n<\/div>\n<div>\n<div><span style=\"color: #000000;\"><b>Data<\/b>: 25 de gener de 2022 de 17h30 a 19h30<\/span><\/div>\n<div><span style=\"color: #000000;\"><b>Format<\/b>: Virtual (s&#8217;enviar\u00e0 un c-e amb l&#8217;enlla\u00e7 VC, entre els dies 21 i 24 de gener de 2022, despr\u00e9s de les assignacions a les inscripcions<\/span>)<\/div>\n<div><b>Codi activitat<\/b>:\u00a0<b>7000300507<\/b><\/div>\n<div><b>Termini<\/b>\u00a0<a href=\"http:\/\/xtec.gencat.cat\/ca\/formacio\/info-general\/cercador-activitats\/\" target=\"_blank\" rel=\"noopener\" data-saferedirecturl=\"https:\/\/www.google.com\/url?q=http:\/\/xtec.gencat.cat\/ca\/formacio\/info-general\/cercador-activitats\/&amp;source=gmail&amp;ust=1639495550549000&amp;usg=AOvVaw0FdW2xGfu6kW0MzJcZR_IL\">d&#8217;inscripci\u00f3 (enlla\u00e7)<\/a>: Del\u00a0 07\/01\/2022 al 18\/01\/2022\u00a0\u00a0(ambd\u00f3s inclosos).\u00a0<b><\/b>Consulta assignacions: a partir del 19\/01\/2022<\/div>\n<\/div>\n<div><\/div>\n<div>\n<ul>\n<li><b><u><span style=\"color: #741b47;\">Opci\u00f3 1: Taller sessions en dimarts:<\/span><\/u><\/b><\/li>\n<\/ul>\n<\/div>\n<div>\n<div><span style=\"color: #000000;\"><b>Dates<\/b>: Sessi\u00f3 1: 01\/02\/2022\u00a0 de 17h30 a 19h30\u00a0 \u00a0\u00a0<\/span><\/div>\n<div><span style=\"color: #000000;\">\u00a0 \u00a0 \u00a0 \u00a0 \u00a0 \u00a0 Sessi\u00f3 2: 08\/02\/2022\u00a0\u00a0<\/span>de 17h30 a 19h30<\/div>\n<div><span style=\"color: #000000;\"><b>Format<\/b>: Virtual (s&#8217;enviar\u00e0 un c-e amb l&#8217;enlla\u00e7 VC, entre els dies 28 i 31 de gener de 2022, despr\u00e9s de les assignacions a les inscripcions<\/span>)<\/div>\n<div><b>Codi activitat<\/b>:\u00a0<b>7000310507<\/b><\/div>\n<div><b>Termini<\/b>\u00a0<a href=\"http:\/\/xtec.gencat.cat\/ca\/formacio\/info-general\/cercador-activitats\/\" target=\"_blank\" rel=\"noopener\" data-saferedirecturl=\"https:\/\/www.google.com\/url?q=http:\/\/xtec.gencat.cat\/ca\/formacio\/info-general\/cercador-activitats\/&amp;source=gmail&amp;ust=1639495550549000&amp;usg=AOvVaw0FdW2xGfu6kW0MzJcZR_IL\">d&#8217;inscripci\u00f3 (enlla\u00e7)<\/a>: Del\u00a0\u00a007\/01\/2022 al 18\/01\/2022\u00a0\u00a0(ambd\u00f3s inclosos).\u00a0<b><\/b>Consulta assignacions: a partir del 19\/01\/2022<\/div>\n<div><\/div>\n<div>\n<ul>\n<li><b><u><span style=\"color: #741b47;\">Opci\u00f3 2: Taller sessions en dimecres:<\/span><\/u><\/b><\/li>\n<\/ul>\n<\/div>\n<\/div>\n<div><span style=\"color: #000000;\"><b>Dates<\/b>: Sessi\u00f3 1: 02\/02\/2022\u00a0 de 17:30 a 19:30<\/span><\/div>\n<div><span style=\"color: #000000;\">\u00a0 \u00a0 \u00a0 \u00a0 \u00a0 \u00a0 Sessi\u00f3 2: 09\/02\/2022\u00a0\u00a0<\/span>de 17:30 a 19:30<\/div>\n<div><span style=\"color: #000000;\"><b>Format<\/b>: Virtual (s&#8217;enviar\u00e0 un c-e amb l&#8217;enlla\u00e7 VC, entre els dies 28 i 31 de gener de 2022, despr\u00e9s de les assignacions a les inscripcions<\/span>)<\/div>\n<div><b>Codi activitat<\/b>:\u00a0<b>7000320507<\/b><\/div>\n<div><b>Termini<\/b>\u00a0<a href=\"http:\/\/xtec.gencat.cat\/ca\/formacio\/info-general\/cercador-activitats\/\" target=\"_blank\" rel=\"noopener\" data-saferedirecturl=\"https:\/\/www.google.com\/url?q=http:\/\/xtec.gencat.cat\/ca\/formacio\/info-general\/cercador-activitats\/&amp;source=gmail&amp;ust=1639495550549000&amp;usg=AOvVaw0FdW2xGfu6kW0MzJcZR_IL\">d&#8217;inscripci\u00f3 (enlla\u00e7)<\/a>: Del\u00a0\u00a007\/01\/2022 al 18\/01\/2022\u00a0\u00a0(ambd\u00f3s inclosos).\u00a0<b><\/b>Consulta assignacions: a partir del 19\/01\/2022<\/div>\n<p>&nbsp;<\/p>\n","protected":false},"excerpt":{"rendered":"<p>Des dels ST d&#8217;Educaci\u00f3 de Tarragona s&#8217;han programat les activitats formatives, confer\u00e8ncia i tallers &#8220;Gesti\u00f3 de les conductes auto i hetero-agressives a l&#8217;aula&#8221;,\u00a0que aniran a c\u00e0rrec de la psic\u00f2loga\u00a0cl\u00ednica Maria Checa Casado.<\/p>\n","protected":false},"author":1,"featured_media":13448,"comment_status":"open","ping_status":"closed","sticky":false,"template":"","format":"standard","meta":{"_bbp_topic_count":0,"_bbp_reply_count":0,"_bbp_total_topic_count":0,"_bbp_total_reply_count":0,"_bbp_voice_count":0,"_bbp_anonymous_reply_count":0,"_bbp_topic_count_hidden":0,"_bbp_reply_count_hidden":0,"_bbp_forum_subforum_count":0,"site-sidebar-layout":"default","site-content-layout":"","ast-site-content-layout":"","site-content-style":"default","site-sidebar-style":"default","ast-global-header-display":"","ast-banner-title-visibility":"","ast-main-header-display":"","ast-hfb-above-header-display":"","ast-hfb-below-header-display":"","ast-hfb-mobile-header-display":"","site-post-title":"","ast-breadcrumbs-content":"","ast-featured-img":"","footer-sml-layout":"","theme-transparent-header-meta":"","adv-header-id-meta":"","stick-header-meta":"","header-above-stick-meta":"","header-main-stick-meta":"","header-below-stick-meta":"","astra-migrate-meta-layouts":"default","ast-page-background-enabled":"default","ast-page-background-meta":{"desktop":{"background-color":"var(--ast-global-color-4)","background-image":"","background-repeat":"repeat","background-position":"center center","background-size":"auto","background-attachment":"scroll","background-type":"","background-media":"","overlay-type":"","overlay-color":"","overlay-opacity":"","overlay-gradient":""},"tablet":{"background-color":"","background-image":"","background-repeat":"repeat","background-position":"center center","background-size":"auto","background-attachment":"scroll","background-type":"","background-media":"","overlay-type":"","overlay-color":"","overlay-opacity":"","overlay-gradient":""},"mobile":{"background-color":"","background-image":"","background-repeat":"repeat","background-position":"center center","background-size":"auto","background-attachment":"scroll","background-type":"","background-media":"","overlay-type":"","overlay-color":"","overlay-opacity":"","overlay-gradient":""}},"ast-content-background-meta":{"desktop":{"background-color":"var(--ast-global-color-5)","background-image":"","background-repeat":"repeat","background-position":"center center","background-size":"auto","background-attachment":"scroll","background-type":"","background-media":"","overlay-type":"","overlay-color":"","overlay-opacity":"","overlay-gradient":""},"tablet":{"background-color":"var(--ast-global-color-5)","background-image":"","background-repeat":"repeat","background-position":"center center","background-size":"auto","background-attachment":"scroll","background-type":"","background-media":"","overlay-type":"","overlay-color":"","overlay-opacity":"","overlay-gradient":""},"mobile":{"background-color":"var(--ast-global-color-5)","background-image":"","background-repeat":"repeat","background-position":"center center","background-size":"auto","background-attachment":"scroll","background-type":"","background-media":"","overlay-type":"","overlay-color":"","overlay-opacity":"","overlay-gradient":""}},"footnotes":""},"categories":[458,29],"tags":[628,570],"class_list":["post-13447","post","type-post","status-publish","format-standard","has-post-thumbnail","hentry","category-eap-2","category-portada","tag-conductes","tag-curs-2021-22"],"post_mailing_queue_ids":[],"_links":{"self":[{"href":"https:\/\/serveiseducatius.xtec.cat\/baixcamp\/wp-json\/wp\/v2\/posts\/13447","targetHints":{"allow":["GET"]}}],"collection":[{"href":"https:\/\/serveiseducatius.xtec.cat\/baixcamp\/wp-json\/wp\/v2\/posts"}],"about":[{"href":"https:\/\/serveiseducatius.xtec.cat\/baixcamp\/wp-json\/wp\/v2\/types\/post"}],"author":[{"embeddable":true,"href":"https:\/\/serveiseducatius.xtec.cat\/baixcamp\/wp-json\/wp\/v2\/users\/1"}],"replies":[{"embeddable":true,"href":"https:\/\/serveiseducatius.xtec.cat\/baixcamp\/wp-json\/wp\/v2\/comments?post=13447"}],"version-history":[{"count":2,"href":"https:\/\/serveiseducatius.xtec.cat\/baixcamp\/wp-json\/wp\/v2\/posts\/13447\/revisions"}],"predecessor-version":[{"id":13450,"href":"https:\/\/serveiseducatius.xtec.cat\/baixcamp\/wp-json\/wp\/v2\/posts\/13447\/revisions\/13450"}],"wp:featuredmedia":[{"embeddable":true,"href":"https:\/\/serveiseducatius.xtec.cat\/baixcamp\/wp-json\/wp\/v2\/media\/13448"}],"wp:attachment":[{"href":"https:\/\/serveiseducatius.xtec.cat\/baixcamp\/wp-json\/wp\/v2\/media?parent=13447"}],"wp:term":[{"taxonomy":"category","embeddable":true,"href":"https:\/\/serveiseducatius.xtec.cat\/baixcamp\/wp-json\/wp\/v2\/categories?post=13447"},{"taxonomy":"post_tag","embeddable":true,"href":"https:\/\/serveiseducatius.xtec.cat\/baixcamp\/wp-json\/wp\/v2\/tags?post=13447"}],"curies":[{"name":"wp","href":"https:\/\/api.w.org\/{rel}","templated":true}]}}