{"id":12758,"date":"2021-06-09T10:42:33","date_gmt":"2021-06-09T08:42:33","guid":{"rendered":"http:\/\/serveiseducatius.xtec.cat\/baixcamp\/?p=12758"},"modified":"2021-06-09T10:48:20","modified_gmt":"2021-06-09T08:48:20","slug":"jornades-orientafp-reptes-i-rols-del-professorat-en-els-nous-escenaris-de-la-formacio-professional","status":"publish","type":"post","link":"https:\/\/serveiseducatius.xtec.cat\/baixcamp\/portada\/jornades-orientafp-reptes-i-rols-del-professorat-en-els-nous-escenaris-de-la-formacio-professional\/","title":{"rendered":"Jornades &#8220;Reptes i Rols del professorat en els nous escenaris de la formaci\u00f3 professional&#8221;"},"content":{"rendered":"<p><img loading=\"lazy\" decoding=\"async\" class=\"size-full wp-image-12759 alignright\" src=\"https:\/\/serveiseducatius.xtec.cat\/baixcamp\/wp-content\/uploads\/usu950\/2021\/06\/orienta.jpg\" alt=\"\" width=\"410\" height=\"275\" \/>Els dies <strong>1 i 2 de juliol<\/strong> se celebraran les primeres <a href=\"https:\/\/orientafp.reunim.cat\/\">Jornades Orienta FP<\/a>: &#8220;Reptes i Rols del professorat en els nous escenaris de la formaci\u00f3 professional&#8221;. En aquesta primera edici\u00f3 de les Jornades OrientaFP, es busquen tres objectius:<\/p>\n<ol>\n<li style=\"list-style-type: none;\">\n<ol>\n<li>Obrir un espai de reflexi\u00f3 al voltant dels principals canvis en les tasques i les compet\u00e8ncies del professorat d\u2019FP als darrers anys.<\/li>\n<li>Detectar els principals reptes de futur que ens plantegen les transformacions dels diversos escenaris clau de l\u2019FP.<\/li>\n<li>Compartir an\u00e0lisis i reflexions que puguin enriquir els plans per millorar les compet\u00e8ncies professionals del professorat d\u2019FP, com a un dels eixos clau en la millora del sistema.<\/li>\n<\/ol>\n<\/li>\n<\/ol>\n<p><strong>OrientaFP<\/strong> \u00e9s un programa d\u2019innovaci\u00f3 educativa, creat al curs 19-20, que pertany a la unitat <strong>ImpulsFP<\/strong> de la Subdirecci\u00f3 General de Programes i Projectes de Foment dels Ensenyaments Professionals, en la Direcci\u00f3 General de Formaci\u00f3 Professional Inicial i Ensenyaments de R\u00e8gim Especial, del Departament d\u2019Educaci\u00f3 de la Generalitat de Catalunya.<\/p>\n<p>T\u00e9 com a missi\u00f3 donar suport al disseny, implementaci\u00f3, desenvolupament i consolidaci\u00f3 d\u2019estrat\u00e8gies innovadores pel que fa a l\u2019acci\u00f3 tutorial i l\u2019orientaci\u00f3 acad\u00e8mica i professional de l\u2019alumnat d\u2019FP, amb la finalitat de millorar els seus resultats, la vinculaci\u00f3 educativa, la seva projecci\u00f3 professional i l\u2019adquisici\u00f3 d\u2019eines per a l\u2019aprenentatge al llarg de la vida. OrientaFP situa en el seu horitz\u00f3 una persona amb una vinculaci\u00f3 positiva amb l\u2019aprenentatge i la formaci\u00f3, amb eines per al seu desenvolupament personal i social, capa\u00e7 de projectar-se en la seva carrera professional, d\u2019analitzar i generar coneixement de forma cr\u00edtica en el seu \u00e0mbit i d\u2019aprendre de forma aut\u00f2noma al llarg de la vida.<\/p>\n<p>[+] Informaci\u00f3 i inscripcions en <a href=\"https:\/\/orientafp.reunim.cat\/\">aquest enlla\u00e7<\/a>.<\/p>\n<p>&nbsp;<\/p>\n","protected":false},"excerpt":{"rendered":"<p>Les jornades se celebraran l&#8217;1 i 2 de juliol. OrientaFP \u00e9s un programa d\u2019innovaci\u00f3 educativa,  que t\u00e9 com a missi\u00f3 donar suport al disseny, implementaci\u00f3, desenvolupament i consolidaci\u00f3 d\u2019estrat\u00e8gies innovadores pel que fa a l\u2019acci\u00f3 tutorial i l\u2019orientaci\u00f3 acad\u00e8mica i professional de l\u2019alumnat d\u2019FP, amb la finalitat de millorar els seus resultats.<\/p>\n","protected":false},"author":1,"featured_media":12759,"comment_status":"open","ping_status":"closed","sticky":false,"template":"","format":"standard","meta":{"_bbp_topic_count":0,"_bbp_reply_count":0,"_bbp_total_topic_count":0,"_bbp_total_reply_count":0,"_bbp_voice_count":0,"_bbp_anonymous_reply_count":0,"_bbp_topic_count_hidden":0,"_bbp_reply_count_hidden":0,"_bbp_forum_subforum_count":0,"site-sidebar-layout":"default","site-content-layout":"","ast-site-content-layout":"","site-content-style":"default","site-sidebar-style":"default","ast-global-header-display":"","ast-banner-title-visibility":"","ast-main-header-display":"","ast-hfb-above-header-display":"","ast-hfb-below-header-display":"","ast-hfb-mobile-header-display":"","site-post-title":"","ast-breadcrumbs-content":"","ast-featured-img":"","footer-sml-layout":"","theme-transparent-header-meta":"","adv-header-id-meta":"","stick-header-meta":"","header-above-stick-meta":"","header-main-stick-meta":"","header-below-stick-meta":"","astra-migrate-meta-layouts":"default","ast-page-background-enabled":"default","ast-page-background-meta":{"desktop":{"background-color":"var(--ast-global-color-4)","background-image":"","background-repeat":"repeat","background-position":"center center","background-size":"auto","background-attachment":"scroll","background-type":"","background-media":"","overlay-type":"","overlay-color":"","overlay-opacity":"","overlay-gradient":""},"tablet":{"background-color":"","background-image":"","background-repeat":"repeat","background-position":"center center","background-size":"auto","background-attachment":"scroll","background-type":"","background-media":"","overlay-type":"","overlay-color":"","overlay-opacity":"","overlay-gradient":""},"mobile":{"background-color":"","background-image":"","background-repeat":"repeat","background-position":"center center","background-size":"auto","background-attachment":"scroll","background-type":"","background-media":"","overlay-type":"","overlay-color":"","overlay-opacity":"","overlay-gradient":""}},"ast-content-background-meta":{"desktop":{"background-color":"var(--ast-global-color-5)","background-image":"","background-repeat":"repeat","background-position":"center center","background-size":"auto","background-attachment":"scroll","background-type":"","background-media":"","overlay-type":"","overlay-color":"","overlay-opacity":"","overlay-gradient":""},"tablet":{"background-color":"var(--ast-global-color-5)","background-image":"","background-repeat":"repeat","background-position":"center center","background-size":"auto","background-attachment":"scroll","background-type":"","background-media":"","overlay-type":"","overlay-color":"","overlay-opacity":"","overlay-gradient":""},"mobile":{"background-color":"var(--ast-global-color-5)","background-image":"","background-repeat":"repeat","background-position":"center center","background-size":"auto","background-attachment":"scroll","background-type":"","background-media":"","overlay-type":"","overlay-color":"","overlay-opacity":"","overlay-gradient":""}},"footnotes":""},"categories":[221,29],"tags":[564,291,500,562,342,563],"class_list":["post-12758","post","type-post","status-publish","format-standard","has-post-thumbnail","hentry","category-formacio","category-portada","tag-cfgs","tag-cfgm","tag-curs-2020-21","tag-fomacio-professional","tag-formacio","tag-fp"],"post_mailing_queue_ids":[],"_links":{"self":[{"href":"https:\/\/serveiseducatius.xtec.cat\/baixcamp\/wp-json\/wp\/v2\/posts\/12758","targetHints":{"allow":["GET"]}}],"collection":[{"href":"https:\/\/serveiseducatius.xtec.cat\/baixcamp\/wp-json\/wp\/v2\/posts"}],"about":[{"href":"https:\/\/serveiseducatius.xtec.cat\/baixcamp\/wp-json\/wp\/v2\/types\/post"}],"author":[{"embeddable":true,"href":"https:\/\/serveiseducatius.xtec.cat\/baixcamp\/wp-json\/wp\/v2\/users\/1"}],"replies":[{"embeddable":true,"href":"https:\/\/serveiseducatius.xtec.cat\/baixcamp\/wp-json\/wp\/v2\/comments?post=12758"}],"version-history":[{"count":2,"href":"https:\/\/serveiseducatius.xtec.cat\/baixcamp\/wp-json\/wp\/v2\/posts\/12758\/revisions"}],"predecessor-version":[{"id":12764,"href":"https:\/\/serveiseducatius.xtec.cat\/baixcamp\/wp-json\/wp\/v2\/posts\/12758\/revisions\/12764"}],"wp:featuredmedia":[{"embeddable":true,"href":"https:\/\/serveiseducatius.xtec.cat\/baixcamp\/wp-json\/wp\/v2\/media\/12759"}],"wp:attachment":[{"href":"https:\/\/serveiseducatius.xtec.cat\/baixcamp\/wp-json\/wp\/v2\/media?parent=12758"}],"wp:term":[{"taxonomy":"category","embeddable":true,"href":"https:\/\/serveiseducatius.xtec.cat\/baixcamp\/wp-json\/wp\/v2\/categories?post=12758"},{"taxonomy":"post_tag","embeddable":true,"href":"https:\/\/serveiseducatius.xtec.cat\/baixcamp\/wp-json\/wp\/v2\/tags?post=12758"}],"curies":[{"name":"wp","href":"https:\/\/api.w.org\/{rel}","templated":true}]}}