{"id":12382,"date":"2021-03-19T10:14:09","date_gmt":"2021-03-19T09:14:09","guid":{"rendered":"http:\/\/serveiseducatius.xtec.cat\/baixcamp\/?p=12382"},"modified":"2021-03-19T10:20:02","modified_gmt":"2021-03-19T09:20:02","slug":"visites-virtuals-guiades-entre-centres","status":"publish","type":"post","link":"https:\/\/serveiseducatius.xtec.cat\/baixcamp\/general\/visites-virtuals-guiades-entre-centres\/","title":{"rendered":"Visites virtuals guiades entre centres"},"content":{"rendered":"<p>&nbsp;<\/p>\n<p><a href=\"https:\/\/projectes.xtec.cat\/transformacioenxarxa\/wp-content\/uploads\/usu1468\/2021\/03\/Visites-virtuals-guiades-entre-centres-1.pdf\"><img loading=\"lazy\" decoding=\"async\" class=\"alignnone size-large wp-image-12384 aligncenter\" src=\"https:\/\/serveiseducatius.xtec.cat\/baixcamp\/wp-content\/uploads\/usu950\/2021\/03\/visies-guiades-600x347.jpg\" alt=\"\" width=\"600\" height=\"347\" srcset=\"https:\/\/serveiseducatius.xtec.cat\/baixcamp\/wp-content\/uploads\/usu950\/2021\/03\/visies-guiades-600x347.jpg 600w, https:\/\/serveiseducatius.xtec.cat\/baixcamp\/wp-content\/uploads\/usu950\/2021\/03\/visies-guiades-300x174.jpg 300w, https:\/\/serveiseducatius.xtec.cat\/baixcamp\/wp-content\/uploads\/usu950\/2021\/03\/visies-guiades-768x444.jpg 768w, https:\/\/serveiseducatius.xtec.cat\/baixcamp\/wp-content\/uploads\/usu950\/2021\/03\/visies-guiades.jpg 795w\" sizes=\"auto, (max-width: 600px) 100vw, 600px\" \/><\/a><\/p>\n<p><a href=\"https:\/\/projectes.xtec.cat\/transformacioenxarxa\/\">El Laboratori de Transformaci\u00f3 Educativa<\/a> posa en marxa el proper mes d\u2019abril les\u00a0<a href=\"https:\/\/projectes.xtec.cat\/transformacioenxarxa\/vols-ser-al-mapa\/\" target=\"_blank\" rel=\"noopener noreferrer\">Visites Virtuals Guiades<\/a>\u00a0on 30 centres educatius de la Comunitat de Centres Referents del Laboratori de tota Catalunya obren les seves portes a tots els centres del territori i, en particular, als centres del Laboratori i de les Xarxes Territorials de Transformaci\u00f3 Educativa.<\/p>\n<p>En primer lloc, coneixem quins s\u00f3n aquests 30 centres. <a href=\"https:\/\/projectes.xtec.cat\/transformacioenxarxa\/wp-content\/uploads\/usu1468\/2021\/03\/Visites-virtuals-guiades-entre-centres-1.pdf\">Al seg\u00fcent pdf<\/a> podem llegir una breu descripci\u00f3 de cadascun dels centres, les fortaleses en les que se centrar\u00e0 la visita, i les preguntes a les que la visita pot donar resposta:<\/p>\n<p><span style=\"color: #000000; font-family: arial, sans-serif;\">Centres referents del Laboratori comparteixin la seva expertesa i experi\u00e8ncia en aquells aspectes de la transformaci\u00f3 educativa en qu\u00e8 el seu projecte educatiu i la seva pr\u00e0ctica docent excel\u00b7leixen. \u00c9s fonamental l\u2019aprenentatge en xarxa, la construcci\u00f3 compartida i el reconeixement d\u2019experi\u00e8ncies reeixides. \u00c9s per aix\u00f2 que els centres referents esdevenen amfitrions d&#8217;una visita virtual guiada. Aquests mateixos centres referents, juntament amb els centres facilitats del Laboratori, poden esdevenir centres visitants en d\u2019altres visites virtuals.<\/span><\/p>\n<p><span style=\"color: #000000; font-family: arial, sans-serif;\">Les visites tindran una durada aproximada d\u20191 hora, i seguiran la seg\u00fcent estructura:<\/span><\/p>\n<ul>\n<li><span style=\"color: #000000; font-family: arial, sans-serif;\">1- Contextualitzaci\u00f3 de la visita en relaci\u00f3 al prop\u00f2sit educatiu del centre i als eixos de la transformaci\u00f3 educativa orientada a l&#8217;organitzaci\u00f3 i gesti\u00f3, les metodologies i l&#8217;ecosistema i treball en xarxa.<\/span><\/li>\n<li><span style=\"color: #000000; font-family: arial, sans-serif;\">2- Emissi\u00f3 d&#8217;un v\u00eddeo, enregistrat pr\u00e8viament pel centre, que visualitza i exemplifica all\u00f2 explicat. En aquest v\u00eddeo, el centre amfitri\u00f3 mostra diferents aspectes de la seva pr\u00e0ctica educativa, centrada en un o m\u00e9s dels tres eixos de la transformaci\u00f3 educativa en els quals excel\u00b7leixen.<\/span><\/li>\n<li><span style=\"color: #000000; font-family: arial, sans-serif;\">3- Debat posterior entre les representants del centre amfitri\u00f3 i les persones interessades a fer-ho com a convidades.<\/span><\/li>\n<li><span style=\"color: #000000; font-family: arial, sans-serif;\">4- Valoraci\u00f3 final i retorn al centre amfitri\u00f3 mitjan\u00e7ant un q\u00fcestionari.<\/span><\/li>\n<\/ul>\n<ol>\n<li style=\"list-style-type: none;\"><\/li>\n<\/ol>\n<p><span style=\"font-family: arial, sans-serif;\"><span style=\"color: #000000;\">Totes les visites s\u2019emetran en directe a trav\u00e9s de<\/span><span style=\"color: #444444;\">l\u00a0<\/span><a href=\"https:\/\/www.youtube.com\/playlist?list=PLuALtkX3StgCx95LjBq5Kqjm0hOyyFd0L\" target=\"_blank\" rel=\"noopener noreferrer\" data-saferedirecturl=\"https:\/\/www.google.com\/url?q=https:\/\/www.youtube.com\/playlist?list%3DPLuALtkX3StgCx95LjBq5Kqjm0hOyyFd0L&amp;source=gmail&amp;ust=1616175783822000&amp;usg=AFQjCNHjQqLXE4Ah6UHYCT2pO4Sm4ys-rg\">canal YouTube del Laboratori de Transformaci\u00f3 Educativa<\/a><span style=\"color: #444444;\">\u00a0<\/span><span style=\"color: #000000;\">i hi quedaran registrades per a una posterior visualitzaci\u00f3.<\/span><\/span><\/p>\n<p><span style=\"color: #000000; font-family: arial, sans-serif;\">Aquest curs es preveu fer 2 torns de visites virtuals, sempre en horari lectiu:<\/span><\/p>\n<ul>\n<li><span style=\"color: #000000; font-family: arial, sans-serif;\">Entre el 12 i el 16 d&#8217;abril de 2021.<\/span><\/li>\n<li><span style=\"color: #000000; font-family: arial, sans-serif;\">Entre el 26 i el 30 d&#8217;abril de 2021.<\/span><\/li>\n<\/ul>\n<p><span style=\"font-family: arial, sans-serif;\"><span style=\"color: #000000;\">Els v\u00eddeos de les visites virtuals guiades en centres formaran part de la col\u00b7lecci\u00f3\u00a0<\/span><a href=\"https:\/\/projectes.xtec.cat\/transformacioenxarxa\/transformar-per-innovar\/inspirar-la-transformacio-educativa\/\" target=\"_blank\" rel=\"noopener noreferrer\" data-saferedirecturl=\"https:\/\/www.google.com\/url?q=https:\/\/projectes.xtec.cat\/transformacioenxarxa\/transformar-per-innovar\/inspirar-la-transformacio-educativa\/&amp;source=gmail&amp;ust=1616175783822000&amp;usg=AFQjCNHldeekk5eub1iT2ZKsKJKUPvNObA\">Inspirar la Transformaci\u00f3 Educativa<\/a><span style=\"color: #444444;\">\u00a0<\/span><span style=\"color: #000000;\">de la iniciativa<\/span><span style=\"color: #444444;\">\u00a0<\/span><a href=\"https:\/\/projectes.xtec.cat\/transformacioenxarxa\/transformar-per-innovar\/\" target=\"_blank\" rel=\"noopener noreferrer\" data-saferedirecturl=\"https:\/\/www.google.com\/url?q=https:\/\/projectes.xtec.cat\/transformacioenxarxa\/transformar-per-innovar\/&amp;source=gmail&amp;ust=1616175783822000&amp;usg=AFQjCNGPnUpw78f99Y-wVC_CaTDspigUcw\">Transformar per innovar.<\/a><\/span><\/p>\n<p><span style=\"font-family: arial, sans-serif;\"><span style=\"color: #000000;\">Disposeu de m\u00e9s informaci\u00f3 a l\u2019article<\/span><span style=\"color: #444444;\">\u00a0<\/span><a href=\"https:\/\/projectes.xtec.cat\/transformacioenxarxa\/general\/organitzacio-de-les-visites-virtuals-guiades-2021\/\" target=\"_blank\" rel=\"noopener noreferrer\" data-saferedirecturl=\"https:\/\/www.google.com\/url?q=https:\/\/projectes.xtec.cat\/transformacioenxarxa\/general\/organitzacio-de-les-visites-virtuals-guiades-2021\/&amp;source=gmail&amp;ust=1616175783822000&amp;usg=AFQjCNEPdiFh-g6aKkLcgjgfX32zeVdCRQ\">Visites Virtuals Guiades<\/a><span style=\"color: #444444;\">.<\/span><\/span><\/p>\n<p>&nbsp;<\/p>\n","protected":false},"excerpt":{"rendered":"<p>El Laboratori de Transformaci\u00f3 Educativa posa en marxa el proper mes d\u2019abril les\u00a0Visites Virtuals Guiades\u00a0on 30 centres educatius de la Comunitat de Centres Referents del Laboratori de tota Catalunya obren les seves portes a tots els centres del territori.<\/p>\n","protected":false},"author":1,"featured_media":12383,"comment_status":"open","ping_status":"closed","sticky":false,"template":"","format":"standard","meta":{"_bbp_topic_count":0,"_bbp_reply_count":0,"_bbp_total_topic_count":0,"_bbp_total_reply_count":0,"_bbp_voice_count":0,"_bbp_anonymous_reply_count":0,"_bbp_topic_count_hidden":0,"_bbp_reply_count_hidden":0,"_bbp_forum_subforum_count":0,"site-sidebar-layout":"default","site-content-layout":"","ast-site-content-layout":"","site-content-style":"default","site-sidebar-style":"default","ast-global-header-display":"","ast-banner-title-visibility":"","ast-main-header-display":"","ast-hfb-above-header-display":"","ast-hfb-below-header-display":"","ast-hfb-mobile-header-display":"","site-post-title":"","ast-breadcrumbs-content":"","ast-featured-img":"","footer-sml-layout":"","theme-transparent-header-meta":"","adv-header-id-meta":"","stick-header-meta":"","header-above-stick-meta":"","header-main-stick-meta":"","header-below-stick-meta":"","astra-migrate-meta-layouts":"default","ast-page-background-enabled":"default","ast-page-background-meta":{"desktop":{"background-color":"var(--ast-global-color-4)","background-image":"","background-repeat":"repeat","background-position":"center center","background-size":"auto","background-attachment":"scroll","background-type":"","background-media":"","overlay-type":"","overlay-color":"","overlay-opacity":"","overlay-gradient":""},"tablet":{"background-color":"","background-image":"","background-repeat":"repeat","background-position":"center center","background-size":"auto","background-attachment":"scroll","background-type":"","background-media":"","overlay-type":"","overlay-color":"","overlay-opacity":"","overlay-gradient":""},"mobile":{"background-color":"","background-image":"","background-repeat":"repeat","background-position":"center center","background-size":"auto","background-attachment":"scroll","background-type":"","background-media":"","overlay-type":"","overlay-color":"","overlay-opacity":"","overlay-gradient":""}},"ast-content-background-meta":{"desktop":{"background-color":"var(--ast-global-color-5)","background-image":"","background-repeat":"repeat","background-position":"center center","background-size":"auto","background-attachment":"scroll","background-type":"","background-media":"","overlay-type":"","overlay-color":"","overlay-opacity":"","overlay-gradient":""},"tablet":{"background-color":"var(--ast-global-color-5)","background-image":"","background-repeat":"repeat","background-position":"center center","background-size":"auto","background-attachment":"scroll","background-type":"","background-media":"","overlay-type":"","overlay-color":"","overlay-opacity":"","overlay-gradient":""},"mobile":{"background-color":"var(--ast-global-color-5)","background-image":"","background-repeat":"repeat","background-position":"center center","background-size":"auto","background-attachment":"scroll","background-type":"","background-media":"","overlay-type":"","overlay-color":"","overlay-opacity":"","overlay-gradient":""}},"footnotes":""},"categories":[296,1,29,472],"tags":[433,500,473],"class_list":["post-12382","post","type-post","status-publish","format-standard","has-post-thumbnail","hentry","category-connectats-al-territori","category-general","category-portada","category-xarxa-transformacio-educativa","tag-centres","tag-curs-2020-21","tag-xarxa-transformacio-educativa"],"post_mailing_queue_ids":[],"_links":{"self":[{"href":"https:\/\/serveiseducatius.xtec.cat\/baixcamp\/wp-json\/wp\/v2\/posts\/12382","targetHints":{"allow":["GET"]}}],"collection":[{"href":"https:\/\/serveiseducatius.xtec.cat\/baixcamp\/wp-json\/wp\/v2\/posts"}],"about":[{"href":"https:\/\/serveiseducatius.xtec.cat\/baixcamp\/wp-json\/wp\/v2\/types\/post"}],"author":[{"embeddable":true,"href":"https:\/\/serveiseducatius.xtec.cat\/baixcamp\/wp-json\/wp\/v2\/users\/1"}],"replies":[{"embeddable":true,"href":"https:\/\/serveiseducatius.xtec.cat\/baixcamp\/wp-json\/wp\/v2\/comments?post=12382"}],"version-history":[{"count":2,"href":"https:\/\/serveiseducatius.xtec.cat\/baixcamp\/wp-json\/wp\/v2\/posts\/12382\/revisions"}],"predecessor-version":[{"id":12386,"href":"https:\/\/serveiseducatius.xtec.cat\/baixcamp\/wp-json\/wp\/v2\/posts\/12382\/revisions\/12386"}],"wp:featuredmedia":[{"embeddable":true,"href":"https:\/\/serveiseducatius.xtec.cat\/baixcamp\/wp-json\/wp\/v2\/media\/12383"}],"wp:attachment":[{"href":"https:\/\/serveiseducatius.xtec.cat\/baixcamp\/wp-json\/wp\/v2\/media?parent=12382"}],"wp:term":[{"taxonomy":"category","embeddable":true,"href":"https:\/\/serveiseducatius.xtec.cat\/baixcamp\/wp-json\/wp\/v2\/categories?post=12382"},{"taxonomy":"post_tag","embeddable":true,"href":"https:\/\/serveiseducatius.xtec.cat\/baixcamp\/wp-json\/wp\/v2\/tags?post=12382"}],"curies":[{"name":"wp","href":"https:\/\/api.w.org\/{rel}","templated":true}]}}