{"id":11792,"date":"2020-10-28T12:48:26","date_gmt":"2020-10-28T11:48:26","guid":{"rendered":"http:\/\/serveiseducatius.xtec.cat\/baixcamp\/?p=11792"},"modified":"2020-10-28T12:48:26","modified_gmt":"2020-10-28T11:48:26","slug":"lifest-el-festival-de-la-disrupcio-la-ciencia-i-la-tecnologia-per-a-joves","status":"publish","type":"post","link":"https:\/\/serveiseducatius.xtec.cat\/baixcamp\/general\/lifest-el-festival-de-la-disrupcio-la-ciencia-i-la-tecnologia-per-a-joves\/","title":{"rendered":"L&#8217;iFest, el festival de la disrupci\u00f3, la ci\u00e8ncia i la tecnologia per a joves"},"content":{"rendered":"<p><img loading=\"lazy\" decoding=\"async\" class=\"alignnone size-large wp-image-11793 aligncenter\" src=\"https:\/\/serveiseducatius.xtec.cat\/baixcamp\/wp-content\/uploads\/usu950\/2020\/10\/ifest2-600x456.jpg\" alt=\"\" width=\"600\" height=\"456\" srcset=\"https:\/\/serveiseducatius.xtec.cat\/baixcamp\/wp-content\/uploads\/usu950\/2020\/10\/ifest2-600x456.jpg 600w, https:\/\/serveiseducatius.xtec.cat\/baixcamp\/wp-content\/uploads\/usu950\/2020\/10\/ifest2-300x228.jpg 300w, https:\/\/serveiseducatius.xtec.cat\/baixcamp\/wp-content\/uploads\/usu950\/2020\/10\/ifest2.jpg 763w\" sizes=\"auto, (max-width: 600px) 100vw, 600px\" \/><\/p>\n<h3 style=\"text-align: center;\">L&#8217;iFest, el festival de la disrupci\u00f3, la ci\u00e8ncia i la tecnologia per a joves, inicia la segona edici\u00f3 del l&#8217;iFest COUNTDOWN, un programa d\u00b4aprenentatge i competici\u00f3 en la qual els PLAYERS desenvoluparan prototips de reptes reals que seran exposats i defensats a l&#8217;iFest2021<\/h3>\n<p dir=\"ltr\">Despr\u00e9s d\u2019uns mesos complicats, ens posem en contacte des del Departament d\u2019Empresa i Coneixement (\u00c0rea d\u2019Emprenedoria i Formaci\u00f3) a trav\u00e9s del programa Catalunya Empr\u00e8n per a fer-vos saber que finalment arranquem una nova edici\u00f3 de l\u2019IFEST, aquesta vegada, degut a la situaci\u00f3 actual que estem vivint, ho farem de manera online, i ens agradaria comptar amb la vostra participaci\u00f3.<\/p>\n<p dir=\"ltr\"><strong>El programa:\u00a0<\/strong><\/p>\n<p dir=\"ltr\">En aquest programa els joves hauran de desenvolupar una soluci\u00f3 a un repte real realitzant un programa d\u2019aprenentatge i acceleraci\u00f3 que dura 4 mesos aproximadament (des del mes d\u2019octubre fins al febrer) i acaba amb la realitzaci\u00f3 d\u2019un prototip real que hauran de defensar el dia de la celebraci\u00f3 d\u2019aquesta festa de la tecnologia, la innovaci\u00f3 i l\u2019emprenedoria que ser\u00e0 al febrer del 2021.<\/p>\n<p dir=\"ltr\">Pels reptes comptem amb empreses com Mobile World Congress,\u00a0Canon, Enertika, Naturgy, Dexeus, Innomads, Zurich, Parc Cient\u00edfic de Barcelona i Consorci Sanitari de Terrassa i Ajuntament de Terrassa.<\/p>\n<p dir=\"ltr\">El programa d\u2019aprenentatge (iFest Countdown) comen\u00e7ar\u00e0 com un compte enrere, ser\u00e0 l\u2019inici d\u2019un aprenentatge disruptiu que estar\u00e0 adaptat als estudiants dels darrers cursos de batxillerat, cicles formatius i universitat. Es podr\u00e0 treballar de manera online.\u00a0Els equips que s\u2019apuntin i els respectius professors, rebran 12 unitats did\u00e0ctiques, activitats online, tutoria i un assessorament d\u2019experts i expertes.\u00a0 Els\/les tutors\/es donaran suport als projectes de manera continuada. Tamb\u00e9 es realitzaran formacions en els workshops, on es parlar\u00e0 sobre la metodologia i les tecnologies exponencials. Les activitats online es duran a terme durant el mes de novembre.<\/p>\n<p dir=\"ltr\">Al febrer de 2021 es far\u00e0 el\u00a0Demo Day\u00a0(sortiran publicades les bases amb les normes de participaci\u00f3 a la p\u00e0gina web), \u00a0de presentaci\u00f3 dels projectes, amb acc\u00e9s a reconeixements i premis. El nostre objectiu \u00e9s que a l\u2019iFest trobem representats tots els centres de Catalunya amb equips participants, per aquesta ra\u00f3 ens agradaria animar-vos a que ens f\u00e9ssiu difusi\u00f3. L\u2019objectiu de l\u2019iFest \u00e9s empoderar els joves mitjan\u00e7ant l\u2019aprenentatge del m\u00e8tode d\u2019innovaci\u00f3 i altres recursos que posarem al vostre abast del sector de l\u2019emprenedoria.<\/p>\n<p dir=\"ltr\"><strong>Inscripcions:<\/strong><\/p>\n<p dir=\"ltr\">El per\u00edode d&#8217;inscripcions es tanca el proper 31 d\u2019octubre.<\/p>\n<p dir=\"ltr\">El shaker ha d\u2019aportar informaci\u00f3 seva i del centre, crear\u00e0 els equips una vegada els players hagin fet el registre individual. Els docents s\u2019han d\u2019encarregar de revisar que els documents relacionats amb drets d\u2019imatge i protecci\u00f3 de dades, etc.<\/p>\n<p dir=\"ltr\">Us podeu inscriure en el seg\u00fcent enlla\u00e7: <a href=\"http:\/\/ifest.cat\/registre\/\" target=\"_blank\" rel=\"noopener noreferrer\" data-saferedirecturl=\"https:\/\/www.google.com\/url?q=http:\/\/ifest.cat\/registre\/&amp;source=gmail&amp;ust=1603958220409000&amp;usg=AFQjCNFlVAWftlJ_OGtGAcfdx5l-oG19hA\">http:\/\/ifest.cat\/registre\/<\/a><\/p>\n<p dir=\"ltr\">Qualsevol altra consulta ens la podeu fer arribar a l\u2019equip de l\u2019iFest <a href=\"mailto:ifest@gencat.cat\" target=\"_blank\" rel=\"noopener noreferrer\">ifest@gencat.cat<\/a><\/p>\n<p>&nbsp;<\/p>\n","protected":false},"excerpt":{"rendered":"<p>L&#8217;iFest, el festival de la disrupci\u00f3, la ci\u00e8ncia i la tecnologia per a joves, inicia la segona edici\u00f3 del l&#8217;iFest COUNTDOWN, un programa d\u00b4aprenentatge i competici\u00f3.<\/p>\n","protected":false},"author":1,"featured_media":11794,"comment_status":"open","ping_status":"closed","sticky":false,"template":"","format":"standard","meta":{"_bbp_topic_count":0,"_bbp_reply_count":0,"_bbp_total_topic_count":0,"_bbp_total_reply_count":0,"_bbp_voice_count":0,"_bbp_anonymous_reply_count":0,"_bbp_topic_count_hidden":0,"_bbp_reply_count_hidden":0,"_bbp_forum_subforum_count":0,"site-sidebar-layout":"default","site-content-layout":"","ast-site-content-layout":"","site-content-style":"default","site-sidebar-style":"default","ast-global-header-display":"","ast-banner-title-visibility":"","ast-main-header-display":"","ast-hfb-above-header-display":"","ast-hfb-below-header-display":"","ast-hfb-mobile-header-display":"","site-post-title":"","ast-breadcrumbs-content":"","ast-featured-img":"","footer-sml-layout":"","theme-transparent-header-meta":"","adv-header-id-meta":"","stick-header-meta":"","header-above-stick-meta":"","header-main-stick-meta":"","header-below-stick-meta":"","astra-migrate-meta-layouts":"default","ast-page-background-enabled":"default","ast-page-background-meta":{"desktop":{"background-color":"var(--ast-global-color-4)","background-image":"","background-repeat":"repeat","background-position":"center center","background-size":"auto","background-attachment":"scroll","background-type":"","background-media":"","overlay-type":"","overlay-color":"","overlay-opacity":"","overlay-gradient":""},"tablet":{"background-color":"","background-image":"","background-repeat":"repeat","background-position":"center center","background-size":"auto","background-attachment":"scroll","background-type":"","background-media":"","overlay-type":"","overlay-color":"","overlay-opacity":"","overlay-gradient":""},"mobile":{"background-color":"","background-image":"","background-repeat":"repeat","background-position":"center center","background-size":"auto","background-attachment":"scroll","background-type":"","background-media":"","overlay-type":"","overlay-color":"","overlay-opacity":"","overlay-gradient":""}},"ast-content-background-meta":{"desktop":{"background-color":"var(--ast-global-color-5)","background-image":"","background-repeat":"repeat","background-position":"center center","background-size":"auto","background-attachment":"scroll","background-type":"","background-media":"","overlay-type":"","overlay-color":"","overlay-opacity":"","overlay-gradient":""},"tablet":{"background-color":"var(--ast-global-color-5)","background-image":"","background-repeat":"repeat","background-position":"center center","background-size":"auto","background-attachment":"scroll","background-type":"","background-media":"","overlay-type":"","overlay-color":"","overlay-opacity":"","overlay-gradient":""},"mobile":{"background-color":"var(--ast-global-color-5)","background-image":"","background-repeat":"repeat","background-position":"center center","background-size":"auto","background-attachment":"scroll","background-type":"","background-media":"","overlay-type":"","overlay-color":"","overlay-opacity":"","overlay-gradient":""}},"footnotes":""},"categories":[296,1,29],"tags":[500,511,239,251],"class_list":["post-11792","post","type-post","status-publish","format-standard","has-post-thumbnail","hentry","category-connectats-al-territori","category-general","category-portada","tag-curs-2020-21","tag-festival","tag-eso","tag-tecnologia"],"post_mailing_queue_ids":[],"_links":{"self":[{"href":"https:\/\/serveiseducatius.xtec.cat\/baixcamp\/wp-json\/wp\/v2\/posts\/11792","targetHints":{"allow":["GET"]}}],"collection":[{"href":"https:\/\/serveiseducatius.xtec.cat\/baixcamp\/wp-json\/wp\/v2\/posts"}],"about":[{"href":"https:\/\/serveiseducatius.xtec.cat\/baixcamp\/wp-json\/wp\/v2\/types\/post"}],"author":[{"embeddable":true,"href":"https:\/\/serveiseducatius.xtec.cat\/baixcamp\/wp-json\/wp\/v2\/users\/1"}],"replies":[{"embeddable":true,"href":"https:\/\/serveiseducatius.xtec.cat\/baixcamp\/wp-json\/wp\/v2\/comments?post=11792"}],"version-history":[{"count":3,"href":"https:\/\/serveiseducatius.xtec.cat\/baixcamp\/wp-json\/wp\/v2\/posts\/11792\/revisions"}],"predecessor-version":[{"id":11797,"href":"https:\/\/serveiseducatius.xtec.cat\/baixcamp\/wp-json\/wp\/v2\/posts\/11792\/revisions\/11797"}],"wp:featuredmedia":[{"embeddable":true,"href":"https:\/\/serveiseducatius.xtec.cat\/baixcamp\/wp-json\/wp\/v2\/media\/11794"}],"wp:attachment":[{"href":"https:\/\/serveiseducatius.xtec.cat\/baixcamp\/wp-json\/wp\/v2\/media?parent=11792"}],"wp:term":[{"taxonomy":"category","embeddable":true,"href":"https:\/\/serveiseducatius.xtec.cat\/baixcamp\/wp-json\/wp\/v2\/categories?post=11792"},{"taxonomy":"post_tag","embeddable":true,"href":"https:\/\/serveiseducatius.xtec.cat\/baixcamp\/wp-json\/wp\/v2\/tags?post=11792"}],"curies":[{"name":"wp","href":"https:\/\/api.w.org\/{rel}","templated":true}]}}