{"id":11775,"date":"2020-10-26T13:02:36","date_gmt":"2020-10-26T12:02:36","guid":{"rendered":"http:\/\/serveiseducatius.xtec.cat\/baixcamp\/?p=11775"},"modified":"2020-10-26T17:22:18","modified_gmt":"2020-10-26T16:22:18","slug":"conferencia-la-transformacio-i-el-lideratge-en-relacio-amb-leducacio","status":"publish","type":"post","link":"https:\/\/serveiseducatius.xtec.cat\/baixcamp\/general\/conferencia-la-transformacio-i-el-lideratge-en-relacio-amb-leducacio\/","title":{"rendered":"Confer\u00e8ncia La transformaci\u00f3 i el lideratge en relaci\u00f3 amb l&#8217;educaci\u00f3"},"content":{"rendered":"<p>&nbsp;<\/p>\n<p><a href=\"https:\/\/projectes.xtec.cat\/claustreobert\/\"><img loading=\"lazy\" decoding=\"async\" class=\"alignnone size-full wp-image-11777\" src=\"https:\/\/serveiseducatius.xtec.cat\/baixcamp\/wp-content\/uploads\/usu950\/2020\/10\/claustre-obert-1.jpg\" alt=\"\" width=\"207\" height=\"98\" \/><\/a><a href=\"https:\/\/projectes.xtec.cat\/claustreobert\/\"><img loading=\"lazy\" decoding=\"async\" class=\"size-large wp-image-11776 aligncenter\" src=\"https:\/\/serveiseducatius.xtec.cat\/baixcamp\/wp-content\/uploads\/usu950\/2020\/10\/claustre-obert2-600x115.jpg\" alt=\"\" width=\"600\" height=\"115\" srcset=\"https:\/\/serveiseducatius.xtec.cat\/baixcamp\/wp-content\/uploads\/usu950\/2020\/10\/claustre-obert2-600x115.jpg 600w, https:\/\/serveiseducatius.xtec.cat\/baixcamp\/wp-content\/uploads\/usu950\/2020\/10\/claustre-obert2-300x57.jpg 300w, https:\/\/serveiseducatius.xtec.cat\/baixcamp\/wp-content\/uploads\/usu950\/2020\/10\/claustre-obert2-768x147.jpg 768w, https:\/\/serveiseducatius.xtec.cat\/baixcamp\/wp-content\/uploads\/usu950\/2020\/10\/claustre-obert2.jpg 908w\" sizes=\"auto, (max-width: 600px) 100vw, 600px\" \/><\/a><\/p>\n<p style=\"font-weight: 400;\">Benvolgudes companyes,<\/p>\n<p style=\"font-weight: 400;\">Benvolguts companys,<\/p>\n<p style=\"font-weight: 400;\">Des de la Direcci\u00f3 general d&#8217;Innovaci\u00f3, Recerca i Cultura Digital us fem saber que han organitzat la confer\u00e8ncia <em>La transformaci\u00f3 i el lideratge en relaci\u00f3 amb l&#8217;educaci\u00f3<\/em>, que oferir\u00e0 el senyor\u00a0<strong>Xavier Marcet<\/strong>, i que considerem que pot ser del vostre inter\u00e8s.<\/p>\n<p style=\"font-weight: 400;\">Aquesta confer\u00e8ncia s&#8217;emmarca en el cicle\u00a0<em>L&#8217;educaci\u00f3 en temps d&#8217;incertesa<\/em>, que ofereix\u00a0<strong>Claustre Obert a la recerca educativa, a l&#8217;entorn i a la mirada internacional<\/strong>. La podreu seguir, a trav\u00e9s del\u00a0<a href=\"https:\/\/projectes.xtec.cat\/claustreobert\/\" data-saferedirecturl=\"https:\/\/www.google.com\/url?q=https:\/\/projectes.xtec.cat\/claustreobert\/&amp;source=gmail&amp;ust=1603795319280000&amp;usg=AFQjCNEIJQEijgRnXyuyfy-LODhGBGNFhQ\">nodes de Claustre obert<\/a>, el proper dijous dia 29 d\u2019octubre, a les 18.00 h.<\/p>\n<p style=\"font-weight: 400;\">\n","protected":false},"excerpt":{"rendered":"<p>La confer\u00e8ncia La transformaci\u00f3 i el lideratge en relaci\u00f3 amb l&#8217;educaci\u00f3, que oferir\u00e0 el senyor\u00a0Xavier Marcet, l proper dijous dia 29 d\u2019octubre, a les 18.00 h.<\/p>\n","protected":false},"author":1,"featured_media":11777,"comment_status":"open","ping_status":"closed","sticky":false,"template":"","format":"standard","meta":{"_bbp_topic_count":0,"_bbp_reply_count":0,"_bbp_total_topic_count":0,"_bbp_total_reply_count":0,"_bbp_voice_count":0,"_bbp_anonymous_reply_count":0,"_bbp_topic_count_hidden":0,"_bbp_reply_count_hidden":0,"_bbp_forum_subforum_count":0,"site-sidebar-layout":"default","site-content-layout":"","ast-site-content-layout":"","site-content-style":"default","site-sidebar-style":"default","ast-global-header-display":"","ast-banner-title-visibility":"","ast-main-header-display":"","ast-hfb-above-header-display":"","ast-hfb-below-header-display":"","ast-hfb-mobile-header-display":"","site-post-title":"","ast-breadcrumbs-content":"","ast-featured-img":"","footer-sml-layout":"","theme-transparent-header-meta":"","adv-header-id-meta":"","stick-header-meta":"","header-above-stick-meta":"","header-main-stick-meta":"","header-below-stick-meta":"","astra-migrate-meta-layouts":"default","ast-page-background-enabled":"default","ast-page-background-meta":{"desktop":{"background-color":"var(--ast-global-color-4)","background-image":"","background-repeat":"repeat","background-position":"center center","background-size":"auto","background-attachment":"scroll","background-type":"","background-media":"","overlay-type":"","overlay-color":"","overlay-opacity":"","overlay-gradient":""},"tablet":{"background-color":"","background-image":"","background-repeat":"repeat","background-position":"center center","background-size":"auto","background-attachment":"scroll","background-type":"","background-media":"","overlay-type":"","overlay-color":"","overlay-opacity":"","overlay-gradient":""},"mobile":{"background-color":"","background-image":"","background-repeat":"repeat","background-position":"center center","background-size":"auto","background-attachment":"scroll","background-type":"","background-media":"","overlay-type":"","overlay-color":"","overlay-opacity":"","overlay-gradient":""}},"ast-content-background-meta":{"desktop":{"background-color":"var(--ast-global-color-5)","background-image":"","background-repeat":"repeat","background-position":"center center","background-size":"auto","background-attachment":"scroll","background-type":"","background-media":"","overlay-type":"","overlay-color":"","overlay-opacity":"","overlay-gradient":""},"tablet":{"background-color":"var(--ast-global-color-5)","background-image":"","background-repeat":"repeat","background-position":"center center","background-size":"auto","background-attachment":"scroll","background-type":"","background-media":"","overlay-type":"","overlay-color":"","overlay-opacity":"","overlay-gradient":""},"mobile":{"background-color":"var(--ast-global-color-5)","background-image":"","background-repeat":"repeat","background-position":"center center","background-size":"auto","background-attachment":"scroll","background-type":"","background-media":"","overlay-type":"","overlay-color":"","overlay-opacity":"","overlay-gradient":""}},"footnotes":""},"categories":[296,221,1,29],"tags":[500,348,516],"class_list":["post-11775","post","type-post","status-publish","format-standard","has-post-thumbnail","hentry","category-connectats-al-territori","category-formacio","category-general","category-portada","tag-curs-2020-21","tag-educacio","tag-lidera"],"post_mailing_queue_ids":[],"_links":{"self":[{"href":"https:\/\/serveiseducatius.xtec.cat\/baixcamp\/wp-json\/wp\/v2\/posts\/11775","targetHints":{"allow":["GET"]}}],"collection":[{"href":"https:\/\/serveiseducatius.xtec.cat\/baixcamp\/wp-json\/wp\/v2\/posts"}],"about":[{"href":"https:\/\/serveiseducatius.xtec.cat\/baixcamp\/wp-json\/wp\/v2\/types\/post"}],"author":[{"embeddable":true,"href":"https:\/\/serveiseducatius.xtec.cat\/baixcamp\/wp-json\/wp\/v2\/users\/1"}],"replies":[{"embeddable":true,"href":"https:\/\/serveiseducatius.xtec.cat\/baixcamp\/wp-json\/wp\/v2\/comments?post=11775"}],"version-history":[{"count":3,"href":"https:\/\/serveiseducatius.xtec.cat\/baixcamp\/wp-json\/wp\/v2\/posts\/11775\/revisions"}],"predecessor-version":[{"id":11788,"href":"https:\/\/serveiseducatius.xtec.cat\/baixcamp\/wp-json\/wp\/v2\/posts\/11775\/revisions\/11788"}],"wp:featuredmedia":[{"embeddable":true,"href":"https:\/\/serveiseducatius.xtec.cat\/baixcamp\/wp-json\/wp\/v2\/media\/11777"}],"wp:attachment":[{"href":"https:\/\/serveiseducatius.xtec.cat\/baixcamp\/wp-json\/wp\/v2\/media?parent=11775"}],"wp:term":[{"taxonomy":"category","embeddable":true,"href":"https:\/\/serveiseducatius.xtec.cat\/baixcamp\/wp-json\/wp\/v2\/categories?post=11775"},{"taxonomy":"post_tag","embeddable":true,"href":"https:\/\/serveiseducatius.xtec.cat\/baixcamp\/wp-json\/wp\/v2\/tags?post=11775"}],"curies":[{"name":"wp","href":"https:\/\/api.w.org\/{rel}","templated":true}]}}