{"id":11771,"date":"2020-10-26T11:58:11","date_gmt":"2020-10-26T10:58:11","guid":{"rendered":"http:\/\/serveiseducatius.xtec.cat\/baixcamp\/?p=11771"},"modified":"2020-10-26T11:58:11","modified_gmt":"2020-10-26T10:58:11","slug":"premi-eapc-luciana-calvo-premis-de-recerca-jove","status":"publish","type":"post","link":"https:\/\/serveiseducatius.xtec.cat\/baixcamp\/portada\/premi-eapc-luciana-calvo-premis-de-recerca-jove\/","title":{"rendered":"Premi EAPC Luciana Calvo &#8211; Premis de Recerca Jove"},"content":{"rendered":"<div class=\"basic_text col-xs-12\">\n<div class=\"pd-15x\">\n<p>&nbsp;<\/p>\n<p><a href=\"http:\/\/eapc.gencat.cat\/ca\/recerca\/premis-eapc-luciana-calvo\/\"><img loading=\"lazy\" decoding=\"async\" class=\"size-full wp-image-11773 aligncenter\" src=\"https:\/\/serveiseducatius.xtec.cat\/baixcamp\/wp-content\/uploads\/usu950\/2020\/10\/premi_luciana.jpg\" alt=\"\" width=\"269\" height=\"146\" \/><\/a><\/p>\n<p>L\u2019Escola d\u2019Administraci\u00f3 P\u00fablica de Catalunya (EAPC) promou el <a href=\"http:\/\/eapc.gencat.cat\/ca\/recerca\/premis-eapc-luciana-calvo\/\">Premi EAPC Luciana Calvo<\/a> sobre llengua i dret en el marc dels Premis de Recerca Jove que convoca anualment el Govern de la Generalitat.<\/p>\n<\/div>\n<\/div>\n<div class=\"col-sm-8 basic_text_peq\">\n<div class=\"imatge_amb_peu amb_text noticia clearfix col-sm-4\"><\/div>\n<div class=\"pd-15x\">\n<p>Aquesta iniciativa \u00e9s possible gr\u00e0cies al llegat econ\u00f2mic que Luciana Calvo Ramos va deixar a l&#8217;Escola pel bon tracte rebut en les seves relacions amb l&#8217;equip editorial de la Revista Llengua i Dret. L&#8217;Escola ha decidit invertir-lo en els Premis de Recerca Jove en reconeixement a la\u00a0seva traject\u00f2ria com a docent d\u2019educaci\u00f3 secund\u00e0ria i amb el prop\u00f2sit d\u2019afavorir la reflexi\u00f3 sobre la llengua i el dret en el context escolar i fomentar les vocacions cient\u00edfiques entre els joves.<\/p>\n<p><strong>Els Premis EAPC Luciana Calvo reconeixen els dos millors treballs<\/strong>\u00a0redactats per alumnes de tercer i quart d\u2019educaci\u00f3 secund\u00e0ria obligat\u00f2ria (ESO) i d\u2019educaci\u00f3 postobligat\u00f2ria (batxillerat i cicles formatius de grau mitj\u00e0 i superior),\u00a0<strong>que aportin reflexi\u00f3, an\u00e0lisi i propostes sobre temes relacionats amb alguns dels tres \u00e0mbits tem\u00e0tics de la\u00a0<em>Revista de <\/em><\/strong><strong><em>Llengua i Dret.<\/em><\/strong><\/p>\n<p>Els alumnes poden presentar-hi treballs fins al 10 de novembre a les 14 h.<\/p>\n<\/div>\n<\/div>\n<p>Podeu consultar tota la <a href=\"https:\/\/serveiseducatius.xtec.cat\/baixcamp\/wp-content\/uploads\/usu950\/2020\/10\/0_premi_eapc_luciana_calvo-1.pdf\">informaci\u00f3<\/a><\/p>\n","protected":false},"excerpt":{"rendered":"<p>L\u2019Escola d\u2019Administraci\u00f3 P\u00fablica de Catalunya (EAPC) promou el Premi EAPC Luciana Calvo sobre llengua i dret en el marc dels Premis de Recerca Jove que convoca anualment el Govern de la Generalitat. Els alumnes poden presentar-<br \/>\nhi treballs fins al 10 de novembre a les 14 h.<\/p>\n","protected":false},"author":1,"featured_media":11773,"comment_status":"open","ping_status":"closed","sticky":false,"template":"","format":"standard","meta":{"_bbp_topic_count":0,"_bbp_reply_count":0,"_bbp_total_topic_count":0,"_bbp_total_reply_count":0,"_bbp_voice_count":0,"_bbp_anonymous_reply_count":0,"_bbp_topic_count_hidden":0,"_bbp_reply_count_hidden":0,"_bbp_forum_subforum_count":0,"site-sidebar-layout":"default","site-content-layout":"","ast-site-content-layout":"","site-content-style":"default","site-sidebar-style":"default","ast-global-header-display":"","ast-banner-title-visibility":"","ast-main-header-display":"","ast-hfb-above-header-display":"","ast-hfb-below-header-display":"","ast-hfb-mobile-header-display":"","site-post-title":"","ast-breadcrumbs-content":"","ast-featured-img":"","footer-sml-layout":"","theme-transparent-header-meta":"","adv-header-id-meta":"","stick-header-meta":"","header-above-stick-meta":"","header-main-stick-meta":"","header-below-stick-meta":"","astra-migrate-meta-layouts":"default","ast-page-background-enabled":"default","ast-page-background-meta":{"desktop":{"background-color":"var(--ast-global-color-4)","background-image":"","background-repeat":"repeat","background-position":"center center","background-size":"auto","background-attachment":"scroll","background-type":"","background-media":"","overlay-type":"","overlay-color":"","overlay-opacity":"","overlay-gradient":""},"tablet":{"background-color":"","background-image":"","background-repeat":"repeat","background-position":"center center","background-size":"auto","background-attachment":"scroll","background-type":"","background-media":"","overlay-type":"","overlay-color":"","overlay-opacity":"","overlay-gradient":""},"mobile":{"background-color":"","background-image":"","background-repeat":"repeat","background-position":"center center","background-size":"auto","background-attachment":"scroll","background-type":"","background-media":"","overlay-type":"","overlay-color":"","overlay-opacity":"","overlay-gradient":""}},"ast-content-background-meta":{"desktop":{"background-color":"var(--ast-global-color-5)","background-image":"","background-repeat":"repeat","background-position":"center center","background-size":"auto","background-attachment":"scroll","background-type":"","background-media":"","overlay-type":"","overlay-color":"","overlay-opacity":"","overlay-gradient":""},"tablet":{"background-color":"var(--ast-global-color-5)","background-image":"","background-repeat":"repeat","background-position":"center center","background-size":"auto","background-attachment":"scroll","background-type":"","background-media":"","overlay-type":"","overlay-color":"","overlay-opacity":"","overlay-gradient":""},"mobile":{"background-color":"var(--ast-global-color-5)","background-image":"","background-repeat":"repeat","background-position":"center center","background-size":"auto","background-attachment":"scroll","background-type":"","background-media":"","overlay-type":"","overlay-color":"","overlay-opacity":"","overlay-gradient":""}},"footnotes":""},"categories":[428,296,29],"tags":[240,340,500,515,341,437,239],"class_list":["post-11771","post","type-post","status-publish","format-standard","has-post-thumbnail","hentry","category-batxillerat","category-connectats-al-territori","category-portada","tag-batxillerat","tag-concurs","tag-curs-2020-21","tag-dret","tag-llengua-catalana","tag-premis","tag-eso"],"post_mailing_queue_ids":[],"_links":{"self":[{"href":"https:\/\/serveiseducatius.xtec.cat\/baixcamp\/wp-json\/wp\/v2\/posts\/11771","targetHints":{"allow":["GET"]}}],"collection":[{"href":"https:\/\/serveiseducatius.xtec.cat\/baixcamp\/wp-json\/wp\/v2\/posts"}],"about":[{"href":"https:\/\/serveiseducatius.xtec.cat\/baixcamp\/wp-json\/wp\/v2\/types\/post"}],"author":[{"embeddable":true,"href":"https:\/\/serveiseducatius.xtec.cat\/baixcamp\/wp-json\/wp\/v2\/users\/1"}],"replies":[{"embeddable":true,"href":"https:\/\/serveiseducatius.xtec.cat\/baixcamp\/wp-json\/wp\/v2\/comments?post=11771"}],"version-history":[{"count":1,"href":"https:\/\/serveiseducatius.xtec.cat\/baixcamp\/wp-json\/wp\/v2\/posts\/11771\/revisions"}],"predecessor-version":[{"id":11774,"href":"https:\/\/serveiseducatius.xtec.cat\/baixcamp\/wp-json\/wp\/v2\/posts\/11771\/revisions\/11774"}],"wp:featuredmedia":[{"embeddable":true,"href":"https:\/\/serveiseducatius.xtec.cat\/baixcamp\/wp-json\/wp\/v2\/media\/11773"}],"wp:attachment":[{"href":"https:\/\/serveiseducatius.xtec.cat\/baixcamp\/wp-json\/wp\/v2\/media?parent=11771"}],"wp:term":[{"taxonomy":"category","embeddable":true,"href":"https:\/\/serveiseducatius.xtec.cat\/baixcamp\/wp-json\/wp\/v2\/categories?post=11771"},{"taxonomy":"post_tag","embeddable":true,"href":"https:\/\/serveiseducatius.xtec.cat\/baixcamp\/wp-json\/wp\/v2\/tags?post=11771"}],"curies":[{"name":"wp","href":"https:\/\/api.w.org\/{rel}","templated":true}]}}