{"id":11724,"date":"2020-10-23T07:52:44","date_gmt":"2020-10-23T05:52:44","guid":{"rendered":"http:\/\/serveiseducatius.xtec.cat\/baixcamp\/?p=11724"},"modified":"2020-10-23T07:52:44","modified_gmt":"2020-10-23T05:52:44","slug":"programa-classe-sense-fum","status":"publish","type":"post","link":"https:\/\/serveiseducatius.xtec.cat\/baixcamp\/general\/programa-classe-sense-fum\/","title":{"rendered":"Programa &#8220;Classe sense Fum&#8221;"},"content":{"rendered":"<p><img loading=\"lazy\" decoding=\"async\" class=\"alignnone size-full wp-image-11725 aligncenter\" src=\"https:\/\/serveiseducatius.xtec.cat\/baixcamp\/wp-content\/uploads\/usu950\/2020\/10\/classesensefum.jpg\" alt=\"\" width=\"206\" height=\"129\" \/><\/p>\n<p style=\"font-weight: 400;\">Benvolgudes i benvolguts,<\/p>\n<p style=\"font-weight: 400;\">Us informem que est\u00e0 obert el\u00a0<a href=\"http:\/\/salutpublica.gencat.cat\/ca\/ambits\/promocio_salut\/tabac\/notes_actualitat\/classe-sense-fum\/index.html\" data-saferedirecturl=\"https:\/\/www.google.com\/url?q=http:\/\/salutpublica.gencat.cat\/ca\/ambits\/promocio_salut\/tabac\/notes_actualitat\/classe-sense-fum\/index.html&amp;source=gmail&amp;ust=1603454059564000&amp;usg=AFQjCNHMzH6D7rBavE0hmW_gE8JJ08L8yQ\">proc\u00e9s de preinscripci\u00f3 al programa &#8220;Classe sense fum 2020-2021<\/a>&#8220;.<\/p>\n<p style=\"font-weight: 400;\">Com molts de vosaltres sabeu, \u201cClasse sense Fum\u201d \u00e9s un programa de prevenci\u00f3 del tabaquisme destinat a l&#8217;alumnat de primer cicle d&#8217;Educaci\u00f3 Secund\u00e0ria Obligat\u00f2ria, que coordina l\u2019Ag\u00e8ncia de Salut P\u00fablica de Catalunya del Departament de Salut i el departament d\u2019Educaci\u00f3, en col\u00b7laboraci\u00f3 amb altres institucions. Diversos estudis han demostrat\u00a0 la seva efectivitat per reduir l\u2019inici d&#8217;\u00fas de tabac entre els adolescents i frenar la progressi\u00f3 cap al consum habitual.<\/p>\n<p style=\"font-weight: 400;\">Us fem arribar la\u00a0<strong><a href=\"http:\/\/educacio.gencat.cat\/documents\/PC\/ProjectesEducatius\/Classes-sense-fum-GUIA-%20professorat.pdf\" data-saferedirecturl=\"https:\/\/www.google.com\/url?q=http:\/\/educacio.gencat.cat\/documents\/PC\/ProjectesEducatius\/Classes-sense-fum-GUIA-%2520professorat.pdf&amp;source=gmail&amp;ust=1603454059564000&amp;usg=AFQjCNF7-NDNmgcKQOXXdAnb7tlciOxO_g\">Guia did\u00e0ctica\u00a0de Classe<\/a><\/strong>\u00a0sense fum per al professorat. L\u2019objectiu de la guia \u00e9s donar orientacions per fer m\u00e9s f\u00e0cil la participaci\u00f3 en el programa. Tamb\u00e9 us fem arribar una\u00a0<strong><a href=\"http:\/\/xtec.gencat.cat\/web\/.content\/comunitat\/salutescola\/classe-sense-fum\/edicions-anteriors\/doc-curs-2016-2017\/UNITAT-DIDACTICA-TABAC-CARGOLAR-1r-cicle-ESOdef-1.pdf\" data-saferedirecturl=\"https:\/\/www.google.com\/url?q=http:\/\/xtec.gencat.cat\/web\/.content\/comunitat\/salutescola\/classe-sense-fum\/edicions-anteriors\/doc-curs-2016-2017\/UNITAT-DIDACTICA-TABAC-CARGOLAR-1r-cicle-ESOdef-1.pdf&amp;source=gmail&amp;ust=1603454059564000&amp;usg=AFQjCNE_HDIuHk321UarVSqyvOIY3YQsnQ\">Unitat did\u00e0ctica sobre el tabac d&#8217;embolicar<\/a><\/strong>,\u00a0i la unitat\u00a0<a href=\"http:\/\/xtec.gencat.cat\/web\/.content\/comunitat\/salutescola\/classesensefum\/documents\/UD.-Fa-mal-crema-i-explota-tabac-i-sostenibilitat.pdf\" data-saferedirecturl=\"https:\/\/www.google.com\/url?q=http:\/\/xtec.gencat.cat\/web\/.content\/comunitat\/salutescola\/classesensefum\/documents\/UD.-Fa-mal-crema-i-explota-tabac-i-sostenibilitat.pdf&amp;source=gmail&amp;ust=1603454059564000&amp;usg=AFQjCNFM5KAC9IKV_aurSn6tD_sfYdBdyQ\">did\u00e0ctica \u00a0<strong>Fa mal, crema i explota!<\/strong>\u00a0<\/a>\u00a0sobre tabac i desenvolupament sostenible.\u00a0I la nova unitat did\u00e0ctica\u00a0<strong><a href=\"http:\/\/xtec.gencat.cat\/web\/.content\/comunitat\/salutescola\/classe-sense-fum\/edicions-anteriors\/documents\/Unitat_Didactica_AFC_Llops_pell_xai.pdf\" data-saferedirecturl=\"https:\/\/www.google.com\/url?q=http:\/\/xtec.gencat.cat\/web\/.content\/comunitat\/salutescola\/classe-sense-fum\/edicions-anteriors\/documents\/Unitat_Didactica_AFC_Llops_pell_xai.pdf&amp;source=gmail&amp;ust=1603454059564000&amp;usg=AFQjCNHyKZjzVgedjujhef9_xg8FaEaxRQ\">Llops amb pell de xai<\/a><\/strong>.<\/p>\n<p style=\"font-weight: 400;\">Trobareu m\u00e9s informaci\u00f3 a la p\u00e0gina web del programa &#8220;Classe sense fum&#8221; a\u00a0<a href=\"http:\/\/xtec.gencat.cat\/ca\/comunitat\/salutescola\/classe-sense-fum\" data-saferedirecturl=\"https:\/\/www.google.com\/url?q=http:\/\/xtec.gencat.cat\/ca\/comunitat\/salutescola\/classe-sense-fum&amp;source=gmail&amp;ust=1603454059564000&amp;usg=AFQjCNFuiK6Hw38UIEqIcQ_zgpLxd-x6Mw\">http:\/\/xtec.gencat.cat\/ca\/comunitat\/salutescola\/classe-sense-fum<\/a>\u00a0.<\/p>\n<p style=\"font-weight: 400;\"><strong>En breu us enviarem m<\/strong><strong>\u00e9<\/strong><strong>s informaci\u00f3 actualitzada a la nova situaci\u00f3 actual<\/strong><\/p>\n<p style=\"font-weight: 400;\">Podeu contactar amb nosaltres a trav\u00e9s del correu electr\u00f2nic\u00a0<a href=\"mailto:classesensefum@gencat.cat\">classesensefum@gencat.cat<\/a><\/p>\n<p style=\"font-weight: 400;\">\n","protected":false},"excerpt":{"rendered":"<p>Us informem que est\u00e0 obert el\u00a0proc\u00e9s de preinscripci\u00f3 al programa &#8220;Classe sense fum 2020-2021&#8221;, destinat a l&#8217;alumnat de primer cicle d&#8217;Educaci\u00f3 Secund\u00e0ria Obligat\u00f2ria<\/p>\n","protected":false},"author":1,"featured_media":11725,"comment_status":"open","ping_status":"closed","sticky":false,"template":"","format":"standard","meta":{"_bbp_topic_count":0,"_bbp_reply_count":0,"_bbp_total_topic_count":0,"_bbp_total_reply_count":0,"_bbp_voice_count":0,"_bbp_anonymous_reply_count":0,"_bbp_topic_count_hidden":0,"_bbp_reply_count_hidden":0,"_bbp_forum_subforum_count":0,"site-sidebar-layout":"default","site-content-layout":"","ast-site-content-layout":"","site-content-style":"default","site-sidebar-style":"default","ast-global-header-display":"","ast-banner-title-visibility":"","ast-main-header-display":"","ast-hfb-above-header-display":"","ast-hfb-below-header-display":"","ast-hfb-mobile-header-display":"","site-post-title":"","ast-breadcrumbs-content":"","ast-featured-img":"","footer-sml-layout":"","theme-transparent-header-meta":"","adv-header-id-meta":"","stick-header-meta":"","header-above-stick-meta":"","header-main-stick-meta":"","header-below-stick-meta":"","astra-migrate-meta-layouts":"default","ast-page-background-enabled":"default","ast-page-background-meta":{"desktop":{"background-color":"var(--ast-global-color-4)","background-image":"","background-repeat":"repeat","background-position":"center center","background-size":"auto","background-attachment":"scroll","background-type":"","background-media":"","overlay-type":"","overlay-color":"","overlay-opacity":"","overlay-gradient":""},"tablet":{"background-color":"","background-image":"","background-repeat":"repeat","background-position":"center center","background-size":"auto","background-attachment":"scroll","background-type":"","background-media":"","overlay-type":"","overlay-color":"","overlay-opacity":"","overlay-gradient":""},"mobile":{"background-color":"","background-image":"","background-repeat":"repeat","background-position":"center center","background-size":"auto","background-attachment":"scroll","background-type":"","background-media":"","overlay-type":"","overlay-color":"","overlay-opacity":"","overlay-gradient":""}},"ast-content-background-meta":{"desktop":{"background-color":"var(--ast-global-color-5)","background-image":"","background-repeat":"repeat","background-position":"center center","background-size":"auto","background-attachment":"scroll","background-type":"","background-media":"","overlay-type":"","overlay-color":"","overlay-opacity":"","overlay-gradient":""},"tablet":{"background-color":"var(--ast-global-color-5)","background-image":"","background-repeat":"repeat","background-position":"center center","background-size":"auto","background-attachment":"scroll","background-type":"","background-media":"","overlay-type":"","overlay-color":"","overlay-opacity":"","overlay-gradient":""},"mobile":{"background-color":"var(--ast-global-color-5)","background-image":"","background-repeat":"repeat","background-position":"center center","background-size":"auto","background-attachment":"scroll","background-type":"","background-media":"","overlay-type":"","overlay-color":"","overlay-opacity":"","overlay-gradient":""}},"footnotes":""},"categories":[296,1,29,512],"tags":[500,513,239],"class_list":["post-11724","post","type-post","status-publish","format-standard","has-post-thumbnail","hentry","category-connectats-al-territori","category-general","category-portada","category-prevencio","tag-curs-2020-21","tag-prevencio","tag-eso"],"post_mailing_queue_ids":[],"_links":{"self":[{"href":"https:\/\/serveiseducatius.xtec.cat\/baixcamp\/wp-json\/wp\/v2\/posts\/11724","targetHints":{"allow":["GET"]}}],"collection":[{"href":"https:\/\/serveiseducatius.xtec.cat\/baixcamp\/wp-json\/wp\/v2\/posts"}],"about":[{"href":"https:\/\/serveiseducatius.xtec.cat\/baixcamp\/wp-json\/wp\/v2\/types\/post"}],"author":[{"embeddable":true,"href":"https:\/\/serveiseducatius.xtec.cat\/baixcamp\/wp-json\/wp\/v2\/users\/1"}],"replies":[{"embeddable":true,"href":"https:\/\/serveiseducatius.xtec.cat\/baixcamp\/wp-json\/wp\/v2\/comments?post=11724"}],"version-history":[{"count":2,"href":"https:\/\/serveiseducatius.xtec.cat\/baixcamp\/wp-json\/wp\/v2\/posts\/11724\/revisions"}],"predecessor-version":[{"id":11727,"href":"https:\/\/serveiseducatius.xtec.cat\/baixcamp\/wp-json\/wp\/v2\/posts\/11724\/revisions\/11727"}],"wp:featuredmedia":[{"embeddable":true,"href":"https:\/\/serveiseducatius.xtec.cat\/baixcamp\/wp-json\/wp\/v2\/media\/11725"}],"wp:attachment":[{"href":"https:\/\/serveiseducatius.xtec.cat\/baixcamp\/wp-json\/wp\/v2\/media?parent=11724"}],"wp:term":[{"taxonomy":"category","embeddable":true,"href":"https:\/\/serveiseducatius.xtec.cat\/baixcamp\/wp-json\/wp\/v2\/categories?post=11724"},{"taxonomy":"post_tag","embeddable":true,"href":"https:\/\/serveiseducatius.xtec.cat\/baixcamp\/wp-json\/wp\/v2\/tags?post=11724"}],"curies":[{"name":"wp","href":"https:\/\/api.w.org\/{rel}","templated":true}]}}