{"id":11632,"date":"2020-10-14T12:08:41","date_gmt":"2020-10-14T10:08:41","guid":{"rendered":"http:\/\/serveiseducatius.xtec.cat\/baixcamp\/?p=11632"},"modified":"2020-10-16T16:41:33","modified_gmt":"2020-10-16T14:41:33","slug":"jornada-telematica-la-participacio-dels-municipis-en-la-lluita-contra-la-segregacio-escolar","status":"publish","type":"post","link":"https:\/\/serveiseducatius.xtec.cat\/baixcamp\/general\/jornada-telematica-la-participacio-dels-municipis-en-la-lluita-contra-la-segregacio-escolar\/","title":{"rendered":"Jornada telem\u00e0tica  \u201cLa participaci\u00f3 dels municipis en la lluita contra la segregaci\u00f3 escolar\u201d,"},"content":{"rendered":"<p><img loading=\"lazy\" decoding=\"async\" class=\"size-large wp-image-11635 aligncenter\" src=\"https:\/\/serveiseducatius.xtec.cat\/baixcamp\/wp-content\/uploads\/usu950\/2020\/10\/sindic2-600x243.jpg\" alt=\"\" width=\"600\" height=\"243\" srcset=\"https:\/\/serveiseducatius.xtec.cat\/baixcamp\/wp-content\/uploads\/usu950\/2020\/10\/sindic2-600x243.jpg 600w, https:\/\/serveiseducatius.xtec.cat\/baixcamp\/wp-content\/uploads\/usu950\/2020\/10\/sindic2-300x121.jpg 300w, https:\/\/serveiseducatius.xtec.cat\/baixcamp\/wp-content\/uploads\/usu950\/2020\/10\/sindic2-768x311.jpg 768w, https:\/\/serveiseducatius.xtec.cat\/baixcamp\/wp-content\/uploads\/usu950\/2020\/10\/sindic2.jpg 773w\" sizes=\"auto, (max-width: 600px) 100vw, 600px\" \/><\/p>\n<p>&nbsp;<\/p>\n<p style=\"font-weight: 400;\">Benvolguts i benvolgudes,<\/p>\n<p style=\"font-weight: 400;\">Ens complau fer-vos difusi\u00f3 de la jornada telem\u00e0tica\u00a0\u00a0<strong>\u201cLa participaci\u00f3 dels municipis en la lluita contra la segregaci\u00f3 escolar\u201d<\/strong>, que es dur\u00e0 a terme el\u00a0 dijous 29 d&#8217;octubre de 2020\u00a0 de 9 a 14 hores, i que organitza conjuntament el S\u00edndic de greuges i el Departament d\u2019Educaci\u00f3, en el marc del\u00a0<a href=\"http:\/\/www.sindic.cat\/site\/unitFiles\/6058\/Pacte%20segregacio%20escolar%202018_definitiu.pdf\" data-saferedirecturl=\"https:\/\/www.google.com\/url?q=http:\/\/www.sindic.cat\/site\/unitFiles\/6058\/Pacte%2520segregacio%2520escolar%25202018_definitiu.pdf&amp;source=gmail&amp;ust=1602746044054000&amp;usg=AFQjCNFeSGnflWUohDZUBqPYmI3JvqMa7w\">Pacte contra la segregaci\u00f3 escolar<\/a><\/p>\n<p style=\"font-weight: 400;\">L\u2019\u00e0mbit municipal \u00e9s clau per la lluita contra la segregaci\u00f3 escolar i s\u00f3n moltes les administracions locals que han dut a terme bones pr\u00e0ctiques i reflexions que val la pena compartir amb tota la comunitat educativa.<\/p>\n<p style=\"font-weight: 400;\">Aquesta jornada, que combina pon\u00e8ncies, bones pr\u00e0ctiques, torns oberts de preguntes i grups de treball, \u00e9s una oportunitat excel\u00b7lent per con\u00e8ixer com s\u2019est\u00e0 desenvolupant el Pacte contra la Segregaci\u00f3 Escolar i per saber quines s\u00f3n les actuacions fetes fins aquest moment, tant des del punt de vista del Departament, com des del S\u00edndic i els diferents municipis signataris.<\/p>\n<p style=\"font-weight: 400;\">Com sabeu, la\u00a0 implicaci\u00f3 i coresponsabilitat de tots els agents educatius \u00e9s clau per combatre, de manera efectiva, la segregaci\u00f3 escolar dels infants i joves.<\/p>\n<p style=\"font-weight: 400;\">En el seg\u00fcent enlla\u00e7 trobareu tota la informaci\u00f3 sobre els objectius i el desenvolupament de la jornada,\u00a0 el nom de les persones ponents i moderadores que hi participaran i un formulari d\u2019inscripci\u00f3.<\/p>\n<p style=\"font-weight: 400;\">\u00a0<a href=\"http:\/\/www.sindic.cat\/ca\/page.asp?id=529\" data-saferedirecturl=\"https:\/\/www.google.com\/url?q=http:\/\/www.sindic.cat\/ca\/page.asp?id%3D529&amp;source=gmail&amp;ust=1602746044054000&amp;usg=AFQjCNFLsbBStcrjlcPyy8KG5SsUWGgQjw\">Programa i inscripci\u00f3<\/a><\/p>\n<p>&nbsp;<\/p>\n<p>&nbsp;<\/p>\n","protected":false},"excerpt":{"rendered":"<p>Jornada telem\u00e0tica\u00a0\u00a0\u201cLa participaci\u00f3 dels municipis en la lluita contra la segregaci\u00f3 escolar\u201d, que es dur\u00e0 a terme el\u00a0 dijous 29 d&#8217;octubre de 2020\u00a0 de 9 a 14 hores.<\/p>\n","protected":false},"author":1,"featured_media":11638,"comment_status":"open","ping_status":"closed","sticky":false,"template":"","format":"standard","meta":{"_bbp_topic_count":0,"_bbp_reply_count":0,"_bbp_total_topic_count":0,"_bbp_total_reply_count":0,"_bbp_voice_count":0,"_bbp_anonymous_reply_count":0,"_bbp_topic_count_hidden":0,"_bbp_reply_count_hidden":0,"_bbp_forum_subforum_count":0,"site-sidebar-layout":"default","site-content-layout":"","ast-site-content-layout":"","site-content-style":"default","site-sidebar-style":"default","ast-global-header-display":"","ast-banner-title-visibility":"","ast-main-header-display":"","ast-hfb-above-header-display":"","ast-hfb-below-header-display":"","ast-hfb-mobile-header-display":"","site-post-title":"","ast-breadcrumbs-content":"","ast-featured-img":"","footer-sml-layout":"","theme-transparent-header-meta":"","adv-header-id-meta":"","stick-header-meta":"","header-above-stick-meta":"","header-main-stick-meta":"","header-below-stick-meta":"","astra-migrate-meta-layouts":"default","ast-page-background-enabled":"default","ast-page-background-meta":{"desktop":{"background-color":"var(--ast-global-color-4)","background-image":"","background-repeat":"repeat","background-position":"center center","background-size":"auto","background-attachment":"scroll","background-type":"","background-media":"","overlay-type":"","overlay-color":"","overlay-opacity":"","overlay-gradient":""},"tablet":{"background-color":"","background-image":"","background-repeat":"repeat","background-position":"center center","background-size":"auto","background-attachment":"scroll","background-type":"","background-media":"","overlay-type":"","overlay-color":"","overlay-opacity":"","overlay-gradient":""},"mobile":{"background-color":"","background-image":"","background-repeat":"repeat","background-position":"center center","background-size":"auto","background-attachment":"scroll","background-type":"","background-media":"","overlay-type":"","overlay-color":"","overlay-opacity":"","overlay-gradient":""}},"ast-content-background-meta":{"desktop":{"background-color":"var(--ast-global-color-5)","background-image":"","background-repeat":"repeat","background-position":"center center","background-size":"auto","background-attachment":"scroll","background-type":"","background-media":"","overlay-type":"","overlay-color":"","overlay-opacity":"","overlay-gradient":""},"tablet":{"background-color":"var(--ast-global-color-5)","background-image":"","background-repeat":"repeat","background-position":"center center","background-size":"auto","background-attachment":"scroll","background-type":"","background-media":"","overlay-type":"","overlay-color":"","overlay-opacity":"","overlay-gradient":""},"mobile":{"background-color":"var(--ast-global-color-5)","background-image":"","background-repeat":"repeat","background-position":"center center","background-size":"auto","background-attachment":"scroll","background-type":"","background-media":"","overlay-type":"","overlay-color":"","overlay-opacity":"","overlay-gradient":""}},"footnotes":""},"categories":[296,1,29],"tags":[500],"class_list":["post-11632","post","type-post","status-publish","format-standard","has-post-thumbnail","hentry","category-connectats-al-territori","category-general","category-portada","tag-curs-2020-21"],"post_mailing_queue_ids":[],"_links":{"self":[{"href":"https:\/\/serveiseducatius.xtec.cat\/baixcamp\/wp-json\/wp\/v2\/posts\/11632","targetHints":{"allow":["GET"]}}],"collection":[{"href":"https:\/\/serveiseducatius.xtec.cat\/baixcamp\/wp-json\/wp\/v2\/posts"}],"about":[{"href":"https:\/\/serveiseducatius.xtec.cat\/baixcamp\/wp-json\/wp\/v2\/types\/post"}],"author":[{"embeddable":true,"href":"https:\/\/serveiseducatius.xtec.cat\/baixcamp\/wp-json\/wp\/v2\/users\/1"}],"replies":[{"embeddable":true,"href":"https:\/\/serveiseducatius.xtec.cat\/baixcamp\/wp-json\/wp\/v2\/comments?post=11632"}],"version-history":[{"count":3,"href":"https:\/\/serveiseducatius.xtec.cat\/baixcamp\/wp-json\/wp\/v2\/posts\/11632\/revisions"}],"predecessor-version":[{"id":11648,"href":"https:\/\/serveiseducatius.xtec.cat\/baixcamp\/wp-json\/wp\/v2\/posts\/11632\/revisions\/11648"}],"wp:featuredmedia":[{"embeddable":true,"href":"https:\/\/serveiseducatius.xtec.cat\/baixcamp\/wp-json\/wp\/v2\/media\/11638"}],"wp:attachment":[{"href":"https:\/\/serveiseducatius.xtec.cat\/baixcamp\/wp-json\/wp\/v2\/media?parent=11632"}],"wp:term":[{"taxonomy":"category","embeddable":true,"href":"https:\/\/serveiseducatius.xtec.cat\/baixcamp\/wp-json\/wp\/v2\/categories?post=11632"},{"taxonomy":"post_tag","embeddable":true,"href":"https:\/\/serveiseducatius.xtec.cat\/baixcamp\/wp-json\/wp\/v2\/tags?post=11632"}],"curies":[{"name":"wp","href":"https:\/\/api.w.org\/{rel}","templated":true}]}}