{"id":11365,"date":"2020-06-25T14:17:21","date_gmt":"2020-06-25T12:17:21","guid":{"rendered":"http:\/\/serveiseducatius.xtec.cat\/baixcamp\/?p=11365"},"modified":"2020-06-25T14:17:21","modified_gmt":"2020-06-25T12:17:21","slug":"jornades-entreteixint-experiencies","status":"publish","type":"post","link":"https:\/\/serveiseducatius.xtec.cat\/baixcamp\/general\/jornades-entreteixint-experiencies\/","title":{"rendered":"Jornades &#8220;entreteixint experi\u00e8ncies&#8221;"},"content":{"rendered":"<p><img loading=\"lazy\" decoding=\"async\" class=\"aligncenter\" style=\"font-family: arial, sans-serif;\" src=\"https:\/\/mail.google.com\/mail\/u\/0\/?ui=2&amp;ik=2c1b39a23d&amp;attid=0.1&amp;permmsgid=msg-f%3A1670183573749646712&amp;th=172daf1c7f0a4578&amp;view=fimg&amp;sz=s0-l75-ft&amp;attbid=ANGjdJ-RlV7zpZeB7GoIXlOql-bXY11Jxu1KPfPhkdcLp2ADeAeGXK7ZRD8yVaSm-Nq5_9VzP-FmWAtRozRgGHPQmog_LOpWJMtEzf2WyDLfa_dJgMtjXYVc_6rEvfU&amp;disp=emb&amp;realattid=172daf1579cf7fa8f811\" alt=\"icemiell banner 1200x300.jpg\" width=\"472\" height=\"118\" data-surl=\"cid:172daf1579cf7fa8f811\" \/><\/p>\n<p><span style=\"font-family: arial, sans-serif;\">Des de L&#8217;<a href=\"http:\/\/www.ice.udl.cat\/ca\/\" target=\"_blank\" rel=\"noopener noreferrer\">ICE de la UdL<\/a>\u00a0i el\u00a0<a href=\"https:\/\/mielleida.cat\/\" target=\"_blank\" rel=\"noopener noreferrer\">MIE de Lleida<\/a> ens conviden a participar en aquestes<\/span><span style=\"font-family: arial, sans-serif; font-size: 1em;\"> Jornades formatives.<\/span><\/p>\n<p><span style=\"font-family: arial, sans-serif;\">L&#8217;<b>objectiu<\/b>\u00a0de les Jornades \u00e9s el de compartir experi\u00e8ncies viscudes en aquests darrers mesos a Infantil, a la Prim\u00e0ria, a l\u2019ESO, al Batxillerat i a la FP.\u00a0 En aquest darrer trimestre molt complicat a tots els nivells, hem hagut d&#8217;aprendre r\u00e0pid i hem vist i viscut l&#8217;escola i l&#8217;educaci\u00f3 d&#8217;una manera diferent. Sovint ha calgut assajar i equivocar-nos per saber qu\u00e8 pod\u00edem i qu\u00e8 no pod\u00edem fer.<\/span><\/p>\n<p><span style=\"font-family: arial, sans-serif;\">Ara, despr\u00e9s d&#8217;aquests mesos, tenim experi\u00e8ncies valuoses que val la pena compartir. No les podem desaprofitar. Per aix\u00f2 us animem a trobar-nos els dies 2 i 3 de juliol, encara que sigui\u00a0<b>virtualment<\/b>, per aprendre els uns dels altres, enriquir-nos junts i inspirar-nos de cara al nou curs.<\/span><\/p>\n<p><span style=\"font-family: arial, sans-serif;\">En la jornada del dia 3 de juliol, comptarem amb reflexions i veus d\u2019experts com la Coral Reg\u00ed (directora de l\u2019escola Virolai de Barcelona), el Xavier L\u00f3pez, (director de l&#8217;ESC Octavio Paz de Barcelona) i la Dolors Queralt i l&#8217;Alberto Esteban (equip directiu de l&#8217;Institut-Escola Daniel Mangran\u00e9, de Roquetes-Jes\u00fas). Tot un luxe!<\/span><\/p>\n<p><span style=\"font-family: arial, sans-serif;\">\u00a0<\/span><span style=\"font-family: arial, sans-serif;\">A la\u00a0<a href=\"http:\/\/www.ice.udl.cat\/ca\/noticies\/agenda\/Jornada-ENTRETEIXINT-EXPERIENCIES\/\" target=\"_blank\" rel=\"noopener noreferrer\"><b>web de l\u2019ICE<\/b><\/a>\u00a0de la UdL trobareu informaci\u00f3 complement\u00e0ria i del vostre inter\u00e8s<\/span><\/p>\n<p>&nbsp;<\/p>\n<p><b><span style=\"font-family: arial, sans-serif;\"><u>Dades d\u2019agenda<\/u>:<\/span><\/b><\/p>\n<ul>\n<li><b>Dates de la Jornada<\/b>: 2 i 3 de juliol.<\/li>\n<li><b>Hora<\/b>: 10 del mat\u00ed.<\/li>\n<li><b>Inscripci\u00f3<\/b>:\u00a0\u00a0<b><a href=\"https:\/\/urlzs.com\/YQZrQ\" target=\"_blank\" rel=\"noopener noreferrer\">https:\/\/urlzs.<wbr \/>com\/YQZrQ<\/a><\/b><\/li>\n<li><b>Cartell de la jornada<\/b>:\u00a0<b><a href=\"https:\/\/urlzs.com\/UKdpe\" target=\"_blank\" rel=\"noopener noreferrer\">https:\/\/urlzs.com\/<wbr \/>UKdpe<\/a><\/b><\/li>\n<li><b>Programa i acc\u00e9s a les sales virtuals:\u00a0<\/b><a href=\"https:\/\/urlzs.com\/EYwEq\" target=\"_blank\" rel=\"noopener noreferrer\"><b>https:\/\/urlzs.com\/<wbr \/>EYwEq<\/b><\/a><\/li>\n<\/ul>\n<p><span style=\"font-family: arial, sans-serif;\">\u00a0<\/span><\/p>\n","protected":false},"excerpt":{"rendered":"<p>Des de L&#8217;ICE de la UdL\u00a0i el\u00a0MIE de Lleida ens conviden a participar en aquestes Jornades formatives.<\/p>\n","protected":false},"author":1,"featured_media":11366,"comment_status":"open","ping_status":"closed","sticky":false,"template":"","format":"standard","meta":{"_bbp_topic_count":0,"_bbp_reply_count":0,"_bbp_total_topic_count":0,"_bbp_total_reply_count":0,"_bbp_voice_count":0,"_bbp_anonymous_reply_count":0,"_bbp_topic_count_hidden":0,"_bbp_reply_count_hidden":0,"_bbp_forum_subforum_count":0,"site-sidebar-layout":"default","site-content-layout":"","ast-site-content-layout":"","site-content-style":"default","site-sidebar-style":"default","ast-global-header-display":"","ast-banner-title-visibility":"","ast-main-header-display":"","ast-hfb-above-header-display":"","ast-hfb-below-header-display":"","ast-hfb-mobile-header-display":"","site-post-title":"","ast-breadcrumbs-content":"","ast-featured-img":"","footer-sml-layout":"","theme-transparent-header-meta":"","adv-header-id-meta":"","stick-header-meta":"","header-above-stick-meta":"","header-main-stick-meta":"","header-below-stick-meta":"","astra-migrate-meta-layouts":"default","ast-page-background-enabled":"default","ast-page-background-meta":{"desktop":{"background-color":"var(--ast-global-color-4)","background-image":"","background-repeat":"repeat","background-position":"center center","background-size":"auto","background-attachment":"scroll","background-type":"","background-media":"","overlay-type":"","overlay-color":"","overlay-opacity":"","overlay-gradient":""},"tablet":{"background-color":"","background-image":"","background-repeat":"repeat","background-position":"center center","background-size":"auto","background-attachment":"scroll","background-type":"","background-media":"","overlay-type":"","overlay-color":"","overlay-opacity":"","overlay-gradient":""},"mobile":{"background-color":"","background-image":"","background-repeat":"repeat","background-position":"center center","background-size":"auto","background-attachment":"scroll","background-type":"","background-media":"","overlay-type":"","overlay-color":"","overlay-opacity":"","overlay-gradient":""}},"ast-content-background-meta":{"desktop":{"background-color":"var(--ast-global-color-5)","background-image":"","background-repeat":"repeat","background-position":"center center","background-size":"auto","background-attachment":"scroll","background-type":"","background-media":"","overlay-type":"","overlay-color":"","overlay-opacity":"","overlay-gradient":""},"tablet":{"background-color":"var(--ast-global-color-5)","background-image":"","background-repeat":"repeat","background-position":"center center","background-size":"auto","background-attachment":"scroll","background-type":"","background-media":"","overlay-type":"","overlay-color":"","overlay-opacity":"","overlay-gradient":""},"mobile":{"background-color":"var(--ast-global-color-5)","background-image":"","background-repeat":"repeat","background-position":"center center","background-size":"auto","background-attachment":"scroll","background-type":"","background-media":"","overlay-type":"","overlay-color":"","overlay-opacity":"","overlay-gradient":""}},"footnotes":""},"categories":[296,1,29],"tags":[403,342,492],"class_list":["post-11365","post","type-post","status-publish","format-standard","has-post-thumbnail","hentry","category-connectats-al-territori","category-general","category-portada","tag-curs-2019-2020","tag-formacio","tag-webinar"],"post_mailing_queue_ids":[],"_links":{"self":[{"href":"https:\/\/serveiseducatius.xtec.cat\/baixcamp\/wp-json\/wp\/v2\/posts\/11365","targetHints":{"allow":["GET"]}}],"collection":[{"href":"https:\/\/serveiseducatius.xtec.cat\/baixcamp\/wp-json\/wp\/v2\/posts"}],"about":[{"href":"https:\/\/serveiseducatius.xtec.cat\/baixcamp\/wp-json\/wp\/v2\/types\/post"}],"author":[{"embeddable":true,"href":"https:\/\/serveiseducatius.xtec.cat\/baixcamp\/wp-json\/wp\/v2\/users\/1"}],"replies":[{"embeddable":true,"href":"https:\/\/serveiseducatius.xtec.cat\/baixcamp\/wp-json\/wp\/v2\/comments?post=11365"}],"version-history":[{"count":3,"href":"https:\/\/serveiseducatius.xtec.cat\/baixcamp\/wp-json\/wp\/v2\/posts\/11365\/revisions"}],"predecessor-version":[{"id":11369,"href":"https:\/\/serveiseducatius.xtec.cat\/baixcamp\/wp-json\/wp\/v2\/posts\/11365\/revisions\/11369"}],"wp:featuredmedia":[{"embeddable":true,"href":"https:\/\/serveiseducatius.xtec.cat\/baixcamp\/wp-json\/wp\/v2\/media\/11366"}],"wp:attachment":[{"href":"https:\/\/serveiseducatius.xtec.cat\/baixcamp\/wp-json\/wp\/v2\/media?parent=11365"}],"wp:term":[{"taxonomy":"category","embeddable":true,"href":"https:\/\/serveiseducatius.xtec.cat\/baixcamp\/wp-json\/wp\/v2\/categories?post=11365"},{"taxonomy":"post_tag","embeddable":true,"href":"https:\/\/serveiseducatius.xtec.cat\/baixcamp\/wp-json\/wp\/v2\/tags?post=11365"}],"curies":[{"name":"wp","href":"https:\/\/api.w.org\/{rel}","templated":true}]}}