{"id":11297,"date":"2020-05-28T16:45:55","date_gmt":"2020-05-28T14:45:55","guid":{"rendered":"http:\/\/serveiseducatius.xtec.cat\/baixcamp\/?p=11297"},"modified":"2020-05-28T16:50:54","modified_gmt":"2020-05-28T14:50:54","slug":"altes-capacitats","status":"publish","type":"post","link":"https:\/\/serveiseducatius.xtec.cat\/baixcamp\/portada\/altes-capacitats\/","title":{"rendered":"Altes Capacitats"},"content":{"rendered":"<p>El\u00a0<b>Seminari de Referents d&#8217;Altes Capacitats<\/b> dels Serveis Territorials de Tarragona est\u00e0 format per un grup de professionals dels EAP dedicades a l&#8217;estudi dels i les alumnes amb altes capacitats i, en concret, a les seves caracter\u00edstiques espec\u00edfiques i els diversos perfils d&#8217;alumnat, per tal de donar respostes, tant a les fam\u00edlies com als centres, pel que fa al seu diagn\u00f2stic i a la resposta educativa personalitzada.<\/p>\n<p>En aquesta p\u00e0gina web hi trobareu guies, protocols, fam\u00edlia, recursos, el canal del Youtube i not\u00edcies relacionades amb les Altes Capacitats: <a style=\"color: #2795b6;\" href=\"https:\/\/sites.google.com\/a\/xtec.cat\/altes-capacitats\/\" target=\"_blank\" rel=\"noopener noreferrer\">Enlla\u00e7 web Altes Capacitats<\/a><\/p>\n<p>A continuaci\u00f3, hi apareix una presentaci\u00f3 de les II Jornades d&#8217;Altes Capacitats: <a style=\"color: #2795b6;\" href=\"https:\/\/serveiseducatius.xtec.cat\/baixcamp\/wp-content\/uploads\/usu950\/2020\/05\/II-JORNADES-ALTES-CAPACITATS-1.pptx\">II JORNADES ALTES CAPACITATS<\/a><\/p>\n<p><img loading=\"lazy\" decoding=\"async\" class=\"alignnone size-full wp-image-11303\" src=\"https:\/\/serveiseducatius.xtec.cat\/baixcamp\/wp-content\/uploads\/usu950\/2020\/05\/altas-capacidades-1.jpg\" alt=\"\" width=\"540\" height=\"299\" srcset=\"https:\/\/serveiseducatius.xtec.cat\/baixcamp\/wp-content\/uploads\/usu950\/2020\/05\/altas-capacidades-1.jpg 540w, https:\/\/serveiseducatius.xtec.cat\/baixcamp\/wp-content\/uploads\/usu950\/2020\/05\/altas-capacidades-1-300x166.jpg 300w\" sizes=\"auto, (max-width: 540px) 100vw, 540px\" \/><\/p>\n<p>&nbsp;<\/p>\n<p>&nbsp;<\/p>\n","protected":false},"excerpt":{"rendered":"<p>El\u00a0Seminari de Referents d&#8217;Altes Capacitats dels Serveis Territorials de Tarragona est\u00e0 format per un grup de professionals dels EAP dedicades a l&#8217;estudi dels i les alumnes amb altes capacitats i, en concret, a les seves caracter\u00edstiques espec\u00edfiques i els diversos perfils d&#8217;alumnat, per tal de donar respostes, tant a les fam\u00edlies com als centres, pel [&hellip;]<\/p>\n","protected":false},"author":124,"featured_media":11303,"comment_status":"open","ping_status":"closed","sticky":false,"template":"","format":"standard","meta":{"_bbp_topic_count":0,"_bbp_reply_count":0,"_bbp_total_topic_count":0,"_bbp_total_reply_count":0,"_bbp_voice_count":0,"_bbp_anonymous_reply_count":0,"_bbp_topic_count_hidden":0,"_bbp_reply_count_hidden":0,"_bbp_forum_subforum_count":0,"site-sidebar-layout":"default","site-content-layout":"","ast-site-content-layout":"","site-content-style":"default","site-sidebar-style":"default","ast-global-header-display":"","ast-banner-title-visibility":"","ast-main-header-display":"","ast-hfb-above-header-display":"","ast-hfb-below-header-display":"","ast-hfb-mobile-header-display":"","site-post-title":"","ast-breadcrumbs-content":"","ast-featured-img":"","footer-sml-layout":"","theme-transparent-header-meta":"","adv-header-id-meta":"","stick-header-meta":"","header-above-stick-meta":"","header-main-stick-meta":"","header-below-stick-meta":"","astra-migrate-meta-layouts":"default","ast-page-background-enabled":"default","ast-page-background-meta":{"desktop":{"background-color":"var(--ast-global-color-4)","background-image":"","background-repeat":"repeat","background-position":"center center","background-size":"auto","background-attachment":"scroll","background-type":"","background-media":"","overlay-type":"","overlay-color":"","overlay-opacity":"","overlay-gradient":""},"tablet":{"background-color":"","background-image":"","background-repeat":"repeat","background-position":"center center","background-size":"auto","background-attachment":"scroll","background-type":"","background-media":"","overlay-type":"","overlay-color":"","overlay-opacity":"","overlay-gradient":""},"mobile":{"background-color":"","background-image":"","background-repeat":"repeat","background-position":"center center","background-size":"auto","background-attachment":"scroll","background-type":"","background-media":"","overlay-type":"","overlay-color":"","overlay-opacity":"","overlay-gradient":""}},"ast-content-background-meta":{"desktop":{"background-color":"var(--ast-global-color-5)","background-image":"","background-repeat":"repeat","background-position":"center center","background-size":"auto","background-attachment":"scroll","background-type":"","background-media":"","overlay-type":"","overlay-color":"","overlay-opacity":"","overlay-gradient":""},"tablet":{"background-color":"var(--ast-global-color-5)","background-image":"","background-repeat":"repeat","background-position":"center center","background-size":"auto","background-attachment":"scroll","background-type":"","background-media":"","overlay-type":"","overlay-color":"","overlay-opacity":"","overlay-gradient":""},"mobile":{"background-color":"var(--ast-global-color-5)","background-image":"","background-repeat":"repeat","background-position":"center center","background-size":"auto","background-attachment":"scroll","background-type":"","background-media":"","overlay-type":"","overlay-color":"","overlay-opacity":"","overlay-gradient":""}},"footnotes":""},"categories":[67,458,221,415,29],"tags":[483,477],"class_list":["post-11297","post","type-post","status-publish","format-standard","has-post-thumbnail","hentry","category-eap","category-eap-2","category-formacio","category-pedagogia","category-portada","tag-altes-capacitats","tag-eap"],"post_mailing_queue_ids":[],"_links":{"self":[{"href":"https:\/\/serveiseducatius.xtec.cat\/baixcamp\/wp-json\/wp\/v2\/posts\/11297","targetHints":{"allow":["GET"]}}],"collection":[{"href":"https:\/\/serveiseducatius.xtec.cat\/baixcamp\/wp-json\/wp\/v2\/posts"}],"about":[{"href":"https:\/\/serveiseducatius.xtec.cat\/baixcamp\/wp-json\/wp\/v2\/types\/post"}],"author":[{"embeddable":true,"href":"https:\/\/serveiseducatius.xtec.cat\/baixcamp\/wp-json\/wp\/v2\/users\/124"}],"replies":[{"embeddable":true,"href":"https:\/\/serveiseducatius.xtec.cat\/baixcamp\/wp-json\/wp\/v2\/comments?post=11297"}],"version-history":[{"count":2,"href":"https:\/\/serveiseducatius.xtec.cat\/baixcamp\/wp-json\/wp\/v2\/posts\/11297\/revisions"}],"predecessor-version":[{"id":11304,"href":"https:\/\/serveiseducatius.xtec.cat\/baixcamp\/wp-json\/wp\/v2\/posts\/11297\/revisions\/11304"}],"wp:featuredmedia":[{"embeddable":true,"href":"https:\/\/serveiseducatius.xtec.cat\/baixcamp\/wp-json\/wp\/v2\/media\/11303"}],"wp:attachment":[{"href":"https:\/\/serveiseducatius.xtec.cat\/baixcamp\/wp-json\/wp\/v2\/media?parent=11297"}],"wp:term":[{"taxonomy":"category","embeddable":true,"href":"https:\/\/serveiseducatius.xtec.cat\/baixcamp\/wp-json\/wp\/v2\/categories?post=11297"},{"taxonomy":"post_tag","embeddable":true,"href":"https:\/\/serveiseducatius.xtec.cat\/baixcamp\/wp-json\/wp\/v2\/tags?post=11297"}],"curies":[{"name":"wp","href":"https:\/\/api.w.org\/{rel}","templated":true}]}}