{"id":10820,"date":"2020-02-26T12:07:16","date_gmt":"2020-02-26T11:07:16","guid":{"rendered":"http:\/\/serveiseducatius.xtec.cat\/baixcamp\/?p=10820"},"modified":"2020-02-26T12:20:39","modified_gmt":"2020-02-26T11:20:39","slug":"28-dabril-del-2020-dia-de-leducacio-fisica","status":"publish","type":"post","link":"https:\/\/serveiseducatius.xtec.cat\/baixcamp\/general\/28-dabril-del-2020-dia-de-leducacio-fisica\/","title":{"rendered":"28 d\u2019abril del 2020 &#8211; Dia de l&#8217;Educaci\u00f3 F\u00edsica"},"content":{"rendered":"<p><img loading=\"lazy\" decoding=\"async\" class=\"alignnone wp-image-10821 aligncenter\" src=\"https:\/\/serveiseducatius.xtec.cat\/baixcamp\/wp-content\/uploads\/usu950\/2020\/02\/dia-edu-fisica-600x536.jpg\" alt=\"\" width=\"304\" height=\"272\" srcset=\"https:\/\/serveiseducatius.xtec.cat\/baixcamp\/wp-content\/uploads\/usu950\/2020\/02\/dia-edu-fisica-600x536.jpg 600w, https:\/\/serveiseducatius.xtec.cat\/baixcamp\/wp-content\/uploads\/usu950\/2020\/02\/dia-edu-fisica-300x268.jpg 300w, https:\/\/serveiseducatius.xtec.cat\/baixcamp\/wp-content\/uploads\/usu950\/2020\/02\/dia-edu-fisica.jpg 665w\" sizes=\"auto, (max-width: 304px) 100vw, 304px\" \/><\/p>\n<p>&nbsp;<\/p>\n<div dir=\"auto\">El Col.legi dels Professionals de l&#8217;AF i l\u2019Esport de Catalunya &#8211; COPLEFC (antic Col.legi de Professors i Llicenciats en Educaci\u00f3 F\u00edsica) organitza el proper dia <b>28 d\u2019abril del 2020<\/b>\u00a0es celebra el Dia de l&#8217;Educaci\u00f3 F\u00edsica al Carrer\u00a0<a href=\"http:\/\/www.defc.cat\/\" target=\"_blank\" rel=\"noopener noreferrer\" data-saferedirecturl=\"https:\/\/www.google.com\/url?q=http:\/\/www.defc.cat\/&amp;source=gmail&amp;ust=1582797901764000&amp;usg=AFQjCNEXwv30buDgxonWKDcAt1oJmBMiYA\">www.defc.cat<\/a>\u00a0i aquest any\u00a0<b>Tarragona\u00a0<\/b>ha estat escollida com la<b>\u00a0seu central del DEFC\u00a0<\/b>a tota Catalunya, per tant, es\u00a0portaran a terme alguns actes previs de presentaci\u00f3 (roda de premsa, etc.)<\/div>\n<div dir=\"auto\"><\/div>\n<div dir=\"auto\">Des des dels Serveis Territorials animem a participar tots els centres de la ciutat i per extensi\u00f3 de la resta de la comarca i la prov\u00edncia.<\/div>\n<div dir=\"auto\"><\/div>\n<div dir=\"auto\">Aquest event porta celebrant-se els darrers 4 anys a la ciutat de Tarragona, a la resta de la prov\u00edncia, a tot Catalunya i a la resta de l&#8217;estat. \u00c9s una activitat que guanya adeptes any rere any, i on els centres educatius (escoles i instituts) opten per dur a terme les classes d&#8217;Educaci\u00f3 F\u00edsica al carrer i donar aix\u00ed visibilitat a l&#8217;assignatura.<\/div>\n<div dir=\"auto\"><\/div>\n<div dir=\"auto\">(<a href=\"https:\/\/serveiseducatius.xtec.cat\/baixcamp\/wp-content\/uploads\/usu950\/2020\/02\/INFORME-FINAL-DEFC-2019.pdf\">veure document annex edici\u00f3 DEFC&#8217;2019<\/a>).<\/div>\n<div><\/div>\n<div><\/div>\n<div dir=\"auto\"><\/div>\n","protected":false},"excerpt":{"rendered":"<p>&nbsp; El Col.legi dels Professionals de l&#8217;AF i l\u2019Esport de Catalunya &#8211; COPLEFC (antic Col.legi de Professors i Llicenciats en Educaci\u00f3 F\u00edsica) organitza el proper dia 28 d\u2019abril del 2020\u00a0es celebra el Dia de l&#8217;Educaci\u00f3 F\u00edsica al Carrer\u00a0www.defc.cat\u00a0i aquest any\u00a0Tarragona\u00a0ha estat escollida com la\u00a0seu central del DEFC\u00a0a tota Catalunya, per tant, es\u00a0portaran a terme alguns [&hellip;]<\/p>\n","protected":false},"author":1,"featured_media":10821,"comment_status":"open","ping_status":"closed","sticky":false,"template":"","format":"standard","meta":{"_bbp_topic_count":0,"_bbp_reply_count":0,"_bbp_total_topic_count":0,"_bbp_total_reply_count":0,"_bbp_voice_count":0,"_bbp_anonymous_reply_count":0,"_bbp_topic_count_hidden":0,"_bbp_reply_count_hidden":0,"_bbp_forum_subforum_count":0,"site-sidebar-layout":"default","site-content-layout":"","ast-site-content-layout":"","site-content-style":"default","site-sidebar-style":"default","ast-global-header-display":"","ast-banner-title-visibility":"","ast-main-header-display":"","ast-hfb-above-header-display":"","ast-hfb-below-header-display":"","ast-hfb-mobile-header-display":"","site-post-title":"","ast-breadcrumbs-content":"","ast-featured-img":"","footer-sml-layout":"","theme-transparent-header-meta":"","adv-header-id-meta":"","stick-header-meta":"","header-above-stick-meta":"","header-main-stick-meta":"","header-below-stick-meta":"","astra-migrate-meta-layouts":"default","ast-page-background-enabled":"default","ast-page-background-meta":{"desktop":{"background-color":"var(--ast-global-color-4)","background-image":"","background-repeat":"repeat","background-position":"center center","background-size":"auto","background-attachment":"scroll","background-type":"","background-media":"","overlay-type":"","overlay-color":"","overlay-opacity":"","overlay-gradient":""},"tablet":{"background-color":"","background-image":"","background-repeat":"repeat","background-position":"center center","background-size":"auto","background-attachment":"scroll","background-type":"","background-media":"","overlay-type":"","overlay-color":"","overlay-opacity":"","overlay-gradient":""},"mobile":{"background-color":"","background-image":"","background-repeat":"repeat","background-position":"center center","background-size":"auto","background-attachment":"scroll","background-type":"","background-media":"","overlay-type":"","overlay-color":"","overlay-opacity":"","overlay-gradient":""}},"ast-content-background-meta":{"desktop":{"background-color":"var(--ast-global-color-5)","background-image":"","background-repeat":"repeat","background-position":"center center","background-size":"auto","background-attachment":"scroll","background-type":"","background-media":"","overlay-type":"","overlay-color":"","overlay-opacity":"","overlay-gradient":""},"tablet":{"background-color":"var(--ast-global-color-5)","background-image":"","background-repeat":"repeat","background-position":"center center","background-size":"auto","background-attachment":"scroll","background-type":"","background-media":"","overlay-type":"","overlay-color":"","overlay-opacity":"","overlay-gradient":""},"mobile":{"background-color":"var(--ast-global-color-5)","background-image":"","background-repeat":"repeat","background-position":"center center","background-size":"auto","background-attachment":"scroll","background-type":"","background-media":"","overlay-type":"","overlay-color":"","overlay-opacity":"","overlay-gradient":""}},"footnotes":""},"categories":[296,1,29],"tags":[403,214],"class_list":["post-10820","post","type-post","status-publish","format-standard","has-post-thumbnail","hentry","category-connectats-al-territori","category-general","category-portada","tag-curs-2019-2020","tag-ef"],"post_mailing_queue_ids":[],"_links":{"self":[{"href":"https:\/\/serveiseducatius.xtec.cat\/baixcamp\/wp-json\/wp\/v2\/posts\/10820","targetHints":{"allow":["GET"]}}],"collection":[{"href":"https:\/\/serveiseducatius.xtec.cat\/baixcamp\/wp-json\/wp\/v2\/posts"}],"about":[{"href":"https:\/\/serveiseducatius.xtec.cat\/baixcamp\/wp-json\/wp\/v2\/types\/post"}],"author":[{"embeddable":true,"href":"https:\/\/serveiseducatius.xtec.cat\/baixcamp\/wp-json\/wp\/v2\/users\/1"}],"replies":[{"embeddable":true,"href":"https:\/\/serveiseducatius.xtec.cat\/baixcamp\/wp-json\/wp\/v2\/comments?post=10820"}],"version-history":[{"count":3,"href":"https:\/\/serveiseducatius.xtec.cat\/baixcamp\/wp-json\/wp\/v2\/posts\/10820\/revisions"}],"predecessor-version":[{"id":10826,"href":"https:\/\/serveiseducatius.xtec.cat\/baixcamp\/wp-json\/wp\/v2\/posts\/10820\/revisions\/10826"}],"wp:featuredmedia":[{"embeddable":true,"href":"https:\/\/serveiseducatius.xtec.cat\/baixcamp\/wp-json\/wp\/v2\/media\/10821"}],"wp:attachment":[{"href":"https:\/\/serveiseducatius.xtec.cat\/baixcamp\/wp-json\/wp\/v2\/media?parent=10820"}],"wp:term":[{"taxonomy":"category","embeddable":true,"href":"https:\/\/serveiseducatius.xtec.cat\/baixcamp\/wp-json\/wp\/v2\/categories?post=10820"},{"taxonomy":"post_tag","embeddable":true,"href":"https:\/\/serveiseducatius.xtec.cat\/baixcamp\/wp-json\/wp\/v2\/tags?post=10820"}],"curies":[{"name":"wp","href":"https:\/\/api.w.org\/{rel}","templated":true}]}}