{"id":10729,"date":"2020-03-30T13:53:07","date_gmt":"2020-03-30T11:53:07","guid":{"rendered":"http:\/\/serveiseducatius.xtec.cat\/baixcamp\/?p=10729"},"modified":"2020-03-31T10:59:57","modified_gmt":"2020-03-31T08:59:57","slug":"dona-la-nota-encara-hi-som-a-temps","status":"publish","type":"post","link":"https:\/\/serveiseducatius.xtec.cat\/baixcamp\/portada\/dona-la-nota-encara-hi-som-a-temps\/","title":{"rendered":"DONA LA NOTA, encara hi som a temps"},"content":{"rendered":"<p>&nbsp;<\/p>\n<p><a href=\"https:\/\/projectes.xtec.cat\/encara-hi-som-a-temps\/\"><img loading=\"lazy\" decoding=\"async\" class=\"size-full wp-image-10730 aligncenter\" src=\"https:\/\/serveiseducatius.xtec.cat\/baixcamp\/wp-content\/uploads\/usu950\/2020\/02\/donalanota.jpg\" alt=\"\" width=\"197\" height=\"149\" \/><\/a><\/p>\n<h2 style=\"text-align: center;\">#joemquedoacasa<br \/>\nDONA LA NOTA 2020<\/h2>\n<h2 style=\"text-align: center;\"><a href=\"https:\/\/xtec.us5.list-manage.com\/track\/click?u=cd154b32164a849776586d56e&amp;id=a93e39f609&amp;e=9a009fb8ee\" target=\"_blank\" rel=\"noopener noreferrer\">DONA LA NOTA, encara hi som a temps.<\/a><\/h2>\n<h2 style=\"text-align: center;\"><strong>Animeu-vos a cantar la can\u00e7\u00f3 i compartir-la a les xarxes socials <\/strong><\/h2>\n<h2 style=\"text-align: center;\"><em><strong>INFORMACI\u00d3 ACTUALITZADA<\/strong><\/em><\/h2>\n<p><img decoding=\"async\" class=\"aligncenter\" src=\"https:\/\/ci6.googleusercontent.com\/proxy\/FCZv0ox_FWeFu9gzGDUhkuUPl-onx31ypK_YCbIGphdTMHBMmR1ZKomTdkQIOBsFHAqBpBNyyFQ8B5dfVvzJOBo29xImJPDoSDmexXJDbKPpW34yeaetSw12ukWxPbIpDuVho29m1rq2bo7R1UmjOOrbdtCLZSUwVmg=s0-d-e1-ft#https:\/\/gallery.mailchimp.com\/cd154b32164a849776586d56e\/images\/5aef2918-6172-44d6-bd37-cb4075e1f534.png\" alt=\"\" width=\"554\" align=\"center\" \/><\/p>\n<p><img loading=\"lazy\" decoding=\"async\" class=\"size-full wp-image-10929 aligncenter\" src=\"https:\/\/serveiseducatius.xtec.cat\/baixcamp\/wp-content\/uploads\/usu950\/2020\/02\/1.jpg\" alt=\"\" width=\"134\" height=\"71\" \/><\/p>\n<table style=\"width: 808px;\">\n<tbody>\n<tr>\n<td style=\"width: 251px;\"><a href=\"http:\/\/cdapaucasals.com\/wp-content\/uploads\/2020\/01\/lletra-NO-ENS-DESDIBUIXEU.pdf\"><img loading=\"lazy\" decoding=\"async\" class=\"alignnone size-full wp-image-10930\" src=\"https:\/\/serveiseducatius.xtec.cat\/baixcamp\/wp-content\/uploads\/usu950\/2020\/02\/2.jpg\" alt=\"\" width=\"77\" height=\"51\" \/><\/a><\/td>\n<td style=\"width: 250px;\"><a href=\"http:\/\/cdapaucasals.com\/wp-content\/uploads\/2020\/01\/No-ens-desdibuixeu-totes.pdf\"><img loading=\"lazy\" decoding=\"async\" class=\"alignnone size-large wp-image-10931\" src=\"https:\/\/serveiseducatius.xtec.cat\/baixcamp\/wp-content\/uploads\/usu950\/2020\/02\/3.jpg\" alt=\"\" width=\"108\" height=\"51\" \/><\/a><\/td>\n<td style=\"width: 297px;\"><a href=\"https:\/\/projectes.xtec.cat\/encara-hi-som-a-temps\/\"><img loading=\"lazy\" decoding=\"async\" class=\"alignnone size-full wp-image-10932\" src=\"https:\/\/serveiseducatius.xtec.cat\/baixcamp\/wp-content\/uploads\/usu950\/2020\/02\/4.jpg\" alt=\"\" width=\"110\" height=\"45\" \/><\/a><\/td>\n<\/tr>\n<\/tbody>\n<\/table>\n<p>&nbsp;<\/p>\n<p>Amb l&#8217;esperan\u00e7a que el dia 5 de juny es pugui dur a terme la cantada conjunta\u00a0prevista de la can\u00e7\u00f3\u00a0<a href=\"https:\/\/xtec.us5.list-manage.com\/track\/click?u=cd154b32164a849776586d56e&amp;id=70d2f452c7&amp;e=9a009fb8ee\" target=\"_blank\" rel=\"noopener noreferrer\">No Ens Desdibuixeu<\/a>, de la\u00a0campanya\u00a0DONA LA NOTA, encara hi som a temps\u00a0us animem a continuar assajant la can\u00e7\u00f3\u00a0amb els vostres alumnes, amics i fam\u00edlia mitjan\u00e7ant les xarxes socials.<\/p>\n<p>Estem treballant des del Departament d&#8217;Educaci\u00f3 perqu\u00e8\u00a0la campanya pugui continuar, i fer una cantada, si fos el cas, des de casa. Estigueu atents al correu i les xarxes socials on us anirem informant de diferents accions que us proposarem.<\/p>\n<p>Per altra banda us animem a realitzar diferents accions que us poden servir per assajar-la. Ja sabeu que trobareu tot el material necessari al\u00a0<a href=\"https:\/\/xtec.us5.list-manage.com\/track\/click?u=cd154b32164a849776586d56e&amp;id=d9dd9d540a&amp;e=9a009fb8ee\" target=\"_blank\" rel=\"noopener noreferrer\">portal DONA LA NOTA, encara hi som a temps<\/a>.<br \/>\nUs volem sentir cantar per\u00a0la Terra&#8230; I\u00a0tamb\u00e9 que convideu tothom\u00a0a fer-ho&#8230;<\/p>\n<p>ACCIONS<br \/>\n\u00b7Feu reptes a les vostres xarxes socials convidant a cantar la can\u00e7\u00f3.<br \/>\n\u00b7Convideu als vostres alumnes a que us envi\u00efn enregistraments fets per ells de la can\u00e7\u00f3. (ens els podeu fer arribar a <a href=\"mailto:info@cdapaucasals.com\" target=\"_blank\" rel=\"noopener noreferrer\">info@cdapaucasals.com<\/a> o publicar-los directament a les vostres xarxes, si ens etiqueteu, ho compartirem).<br \/>\n\u00b7Canteu-la des dels balcons als vostres ve\u00efns.<\/p>\n<p>COM PUC FER UN REPTE?<br \/>\n\u00b7Amb el m\u00f2bil.<br \/>\n\u00b7Enregistreu\u00a0un petit v\u00eddeo cantant tota la can\u00e7\u00f3 o b\u00e9 un fragment.<br \/>\n\u00b7Podeu fer-ho a cappella, aprofitant la base instrumental, acompanyant-vos d&#8217;un instrument, fent-ne una versi\u00f3 sense veu (instrumental)&#8230;<br \/>\n\u00b7Publicant-la a les xarxes socials.<br \/>\n\u00b7Fent-ne una hist\u00f2ria al vostre Instagram o b\u00e9 al Facebook.<br \/>\n\u00b7Etiquetant (nominant)\u00a0dues persones per tal que continu\u00efn el repte de cantar-la.<br \/>\n\u00b7Etiquetant, tamb\u00e9, qui t&#8217;hagi nominat a tu.<br \/>\n\u00b7Afegint-hi l&#8217;etiqueta: @donalanota.<br \/>\n\u00b7Afegint-hi els coixinets: #donalanota2020 #encarahisomatemps #noensdesdibuixeu<\/p>\n<p>QUAN?<br \/>\n\u00b7Des d&#8217;avui i fins que finalitzi el confinament a Catalunya.<\/p>\n<p>ON?<br \/>\n\u00b7Cadasc\u00fa a casa seva, preferiblement&#8230;<\/p>\n<p><a href=\"https:\/\/www.youtube.com\/watch?v=z5csyfS5B_o&amp;feature=youtu.be\"><img loading=\"lazy\" decoding=\"async\" class=\"size-full wp-image-10926 aligncenter\" src=\"https:\/\/serveiseducatius.xtec.cat\/baixcamp\/wp-content\/uploads\/usu950\/2020\/02\/donalanota-1.jpg\" alt=\"\" width=\"528\" height=\"333\" srcset=\"https:\/\/serveiseducatius.xtec.cat\/baixcamp\/wp-content\/uploads\/usu950\/2020\/02\/donalanota-1.jpg 528w, https:\/\/serveiseducatius.xtec.cat\/baixcamp\/wp-content\/uploads\/usu950\/2020\/02\/donalanota-1-300x189.jpg 300w\" sizes=\"auto, (max-width: 528px) 100vw, 528px\" \/><\/a><\/p>\n<p><a href=\"https:\/\/www.youtube.com\/watch?v=uDIJ2SODLmc\"><img loading=\"lazy\" decoding=\"async\" class=\"size-full wp-image-10927 aligncenter\" src=\"https:\/\/serveiseducatius.xtec.cat\/baixcamp\/wp-content\/uploads\/usu950\/2020\/02\/donalanotaacustica.jpg\" alt=\"\" width=\"542\" height=\"331\" srcset=\"https:\/\/serveiseducatius.xtec.cat\/baixcamp\/wp-content\/uploads\/usu950\/2020\/02\/donalanotaacustica.jpg 542w, https:\/\/serveiseducatius.xtec.cat\/baixcamp\/wp-content\/uploads\/usu950\/2020\/02\/donalanotaacustica-300x183.jpg 300w\" sizes=\"auto, (max-width: 542px) 100vw, 542px\" \/><\/a><\/p>\n<p>&nbsp;<\/p>\n<p>&nbsp;<\/p>\n<p>*********************************************************************************************************************************************<br \/>\n<a style=\"font-family: inherit; font-size: 1em;\" href=\"https:\/\/projectes.xtec.cat\/encara-hi-som-a-temps\/\"><strong>DONA LA NOTA, encara hi som a temps<\/strong><\/a><span style=\"font-family: inherit; font-size: 1em;\"> \u00e9s una iniciativa del Departament d\u2019Educaci\u00f3 que pret\u00e9n que nens i nenes, nois i noies dels centres educatius de Catalunya i tota la comunitat educativa, prenguin consci\u00e8ncia sobre el moment que vivim d\u2019emerg\u00e8ncia clim\u00e0tica i ambiental, i participin de forma activa en el seu entorn m\u00e9s proper.<\/span><\/p>\n<div>\n<p>Per facilitar la concreci\u00f3 de les actuacions, activitats i recursos que volem posar al vostre abast hem creat un espai <a href=\"https:\/\/projectes.xtec.cat\/encara-hi-som-a-temps\/\">NODES.<\/a><br \/>\nAquest espai <a href=\"https:\/\/projectes.xtec.cat\/encara-hi-som-a-temps\/\"><strong>NODES<\/strong><\/a> tamb\u00e9 pret\u00e9n ser un espai per vincular altres iniciatives que ja es donen el territori i per assegurar la implementaci\u00f3 d\u2019accions sostenibles i perdurables al llarg del temps en els centres educatius i comunitat educativa.<\/p>\n<\/div>\n<div><\/div>\n<div><\/div>\n<div>\n<p>Un cop entreu el <a href=\"https:\/\/projectes.xtec.cat\/encara-hi-som-a-temps\/\"><strong>NODES<\/strong><\/a>, podeu accedir a les diferents icones de cap\u00e7alera:<\/p>\n<p>En l\u2019apartat de <a href=\"https:\/\/projectes.xtec.cat\/encara-hi-som-a-temps\/participants\/\"><strong>centres <\/strong><\/a>podreu visualitzar tots els centres i nombre d\u2019alumnat que participen de tota Catalunya.<img loading=\"lazy\" decoding=\"async\" class=\"alignnone size-full wp-image-10754\" src=\"https:\/\/serveiseducatius.xtec.cat\/baixcamp\/wp-content\/uploads\/usu950\/2020\/02\/icones-dona-nota.jpg\" alt=\"\" width=\"206\" height=\"31\" srcset=\"https:\/\/serveiseducatius.xtec.cat\/baixcamp\/wp-content\/uploads\/usu950\/2020\/02\/icones-dona-nota.jpg 206w, https:\/\/serveiseducatius.xtec.cat\/baixcamp\/wp-content\/uploads\/usu950\/2020\/02\/icones-dona-nota-200x31.jpg 200w\" sizes=\"auto, (max-width: 206px) 100vw, 206px\" \/><\/p>\n<\/div>\n<p>A l\u2019etiqueta de <a href=\"https:\/\/projectes.xtec.cat\/encara-hi-som-a-temps\/encara-hi-som-a-temps\/\"><strong>Presentaci\u00f3<\/strong> <\/a>podreu accedir a la presentaci\u00f3 ofici<span style=\"font-family: inherit; font-size: 1em;\">al que es va<\/span><span style=\"font-family: inherit; font-size: 1em;\">\u00a0fer el passat dimarts 28 de gener amb la participaci\u00f3 de l\u2019alumnat de EI Oriol Martorell (BCN) i on tamb\u00e9 vam tenir una actuaci\u00f3 en directe del grup Petit Taller de Can\u00e7ons amb la can\u00e7\u00f3 \u201cNo ens desdibuixeu\u201d<\/span><\/p>\n<p><a href=\"https:\/\/www.youtube.com\/watch?v=S6johYGKJDc\"><img loading=\"lazy\" decoding=\"async\" class=\"size-full wp-image-10753 aligncenter\" src=\"https:\/\/serveiseducatius.xtec.cat\/baixcamp\/wp-content\/uploads\/usu950\/2020\/02\/video-dona-nota.jpg\" alt=\"\" width=\"352\" height=\"194\" srcset=\"https:\/\/serveiseducatius.xtec.cat\/baixcamp\/wp-content\/uploads\/usu950\/2020\/02\/video-dona-nota.jpg 352w, https:\/\/serveiseducatius.xtec.cat\/baixcamp\/wp-content\/uploads\/usu950\/2020\/02\/video-dona-nota-300x165.jpg 300w\" sizes=\"auto, (max-width: 352px) 100vw, 352px\" \/> <\/a><\/p>\n<p>&nbsp;<\/p>\n<div><\/div>\n<div>\n<blockquote><p>\u201cLa cultura de la sostenibilitat \u00e9s un element b\u00e0sic en el capital social d\u2019un pa\u00eds. L\u2019educaci\u00f3 cap al desenvolupament sostenible no es tracta d\u2019una activitat de mera transmissi\u00f3 de coneixements, sin\u00f3 de capacitaci\u00f3 dels ciutadans per analitzar les possibles solucions als reptes ambientals, econ\u00f2mics i socials.\u201d<\/p>\n<p>\u2013Agenda 2030 per al desenvolupament sostenible<\/p><\/blockquote>\n<\/div>\n<div>\n<p><img loading=\"lazy\" decoding=\"async\" class=\"size-full wp-image-8504 aligncenter\" src=\"https:\/\/projectes.xtec.cat\/encara-hi-som-a-temps\/wp-content\/uploads\/usu2084\/2020\/01\/ods17ca.png\" sizes=\"auto, (max-width: 741px) 100vw, 741px\" srcset=\"https:\/\/projectes.xtec.cat\/encara-hi-som-a-temps\/wp-content\/uploads\/usu2084\/2020\/01\/ods17ca.png 741w, https:\/\/projectes.xtec.cat\/encara-hi-som-a-temps\/wp-content\/uploads\/usu2084\/2020\/01\/ods17ca-300x151.png 300w\" alt=\"\" width=\"741\" height=\"373\" \/><\/p>\n<p>Per enfortir la resposta global a l\u2019amena\u00e7a del canvi clim\u00e0tic, els pa\u00efsos adoptaren l\u2019acord de Par\u00eds, que va entrar en vigor el novembre del 2016. Amb aquest acord, tots els pa\u00efsos acordaren prendre mesures. La implementaci\u00f3 d\u2019aquest acord \u00e9s essencial per assolir els ODS.\u00a0Aquest projecte s\u2019alinea amb\u00a0 iniciatives com \u201cPla nacional per a la implementaci\u00f3 de l\u2019Agenda 2030 a Catalunya\u201d. El Pla nacional per a l\u2019Agenda 2030 t\u00e9 com a objectiu la implementaci\u00f3 de l\u2019Agenda 2030 a Catalunya, vetllant per l\u2019assoliment dels\u00a0<strong>17 Objectius per al Desenvolupament Sostenible (ODS)<\/strong>\u00a0mitjan\u00e7ant les pol\u00edtiques p\u00fabliques impulsades per la Generalitat de Catalunya. La seva elaboraci\u00f3 \u00e9s una actuaci\u00f3 recollida als plans de Govern de la XI i la XII legislatures. El car\u00e0cter transversal de la lluita contra el canvi clim\u00e0tic fa indispensable crear sinergies en tots els \u00e0mbits. Amb aquesta intenci\u00f3\u00a0 Molts centres de Catalunya participen des de fa temps del projecte \u201cescoles verdes\u201d. El programa escoles verdes sorgeix com un comprom\u00eds per donar suport \u201cals centres educatius de Catalunya que volen innovar, incloure, avan\u00e7ar, sistematitzar i organitzar accions educatives que tinguin la finalitat d\u2019afrontar, des de l\u2019educaci\u00f3, els nous reptes i valors de la sostenibilitat.\u201d<\/p>\n<p>El projecte es fonamenta en el lema\u00a0<strong>\u201cDONA LA NOTA, encara hi som a temps\u201d<\/strong>. El punt de partida \u00e9s la proposta inicial del\u00a0<a href=\"https:\/\/cdapaucasals.com\/\">CdA Pau Casals<\/a>, que s\u2019amplia amb la participaci\u00f3 d\u2019altres serveis de la Direcci\u00f3 General d\u2019Innovaci\u00f3, Recerca i Cultura Digital que pren el comprom\u00eds de lidera aquesta iniciativa, difondre-la, impulsar-la i destinar-hi els recursos necessaris.<\/p>\n<p>&nbsp;<\/p>\n<\/div>\n","protected":false},"excerpt":{"rendered":"<p>&nbsp; #joemquedoacasa DONA LA NOTA 2020 DONA LA NOTA, encara hi som a temps. Animeu-vos a cantar la can\u00e7\u00f3 i compartir-la a les xarxes socials INFORMACI\u00d3 ACTUALITZADA &nbsp; Amb l&#8217;esperan\u00e7a que el dia 5 de juny es pugui dur a terme la cantada conjunta\u00a0prevista de la can\u00e7\u00f3\u00a0No Ens Desdibuixeu, de la\u00a0campanya\u00a0DONA LA NOTA, encara hi [&hellip;]<\/p>\n","protected":false},"author":1,"featured_media":10730,"comment_status":"open","ping_status":"closed","sticky":false,"template":"","format":"standard","meta":{"_bbp_topic_count":0,"_bbp_reply_count":0,"_bbp_total_topic_count":0,"_bbp_total_reply_count":0,"_bbp_voice_count":0,"_bbp_anonymous_reply_count":0,"_bbp_topic_count_hidden":0,"_bbp_reply_count_hidden":0,"_bbp_forum_subforum_count":0,"site-sidebar-layout":"default","site-content-layout":"","ast-site-content-layout":"","site-content-style":"default","site-sidebar-style":"default","ast-global-header-display":"","ast-banner-title-visibility":"","ast-main-header-display":"","ast-hfb-above-header-display":"","ast-hfb-below-header-display":"","ast-hfb-mobile-header-display":"","site-post-title":"","ast-breadcrumbs-content":"","ast-featured-img":"","footer-sml-layout":"","theme-transparent-header-meta":"","adv-header-id-meta":"","stick-header-meta":"","header-above-stick-meta":"","header-main-stick-meta":"","header-below-stick-meta":"","astra-migrate-meta-layouts":"default","ast-page-background-enabled":"default","ast-page-background-meta":{"desktop":{"background-color":"var(--ast-global-color-4)","background-image":"","background-repeat":"repeat","background-position":"center center","background-size":"auto","background-attachment":"scroll","background-type":"","background-media":"","overlay-type":"","overlay-color":"","overlay-opacity":"","overlay-gradient":""},"tablet":{"background-color":"","background-image":"","background-repeat":"repeat","background-position":"center center","background-size":"auto","background-attachment":"scroll","background-type":"","background-media":"","overlay-type":"","overlay-color":"","overlay-opacity":"","overlay-gradient":""},"mobile":{"background-color":"","background-image":"","background-repeat":"repeat","background-position":"center center","background-size":"auto","background-attachment":"scroll","background-type":"","background-media":"","overlay-type":"","overlay-color":"","overlay-opacity":"","overlay-gradient":""}},"ast-content-background-meta":{"desktop":{"background-color":"var(--ast-global-color-5)","background-image":"","background-repeat":"repeat","background-position":"center center","background-size":"auto","background-attachment":"scroll","background-type":"","background-media":"","overlay-type":"","overlay-color":"","overlay-opacity":"","overlay-gradient":""},"tablet":{"background-color":"var(--ast-global-color-5)","background-image":"","background-repeat":"repeat","background-position":"center center","background-size":"auto","background-attachment":"scroll","background-type":"","background-media":"","overlay-type":"","overlay-color":"","overlay-opacity":"","overlay-gradient":""},"mobile":{"background-color":"var(--ast-global-color-5)","background-image":"","background-repeat":"repeat","background-position":"center center","background-size":"auto","background-attachment":"scroll","background-type":"","background-media":"","overlay-type":"","overlay-color":"","overlay-opacity":"","overlay-gradient":""}},"footnotes":""},"categories":[296,218,29],"tags":[403,294,412,273,261],"class_list":["post-10729","post","type-post","status-publish","format-standard","has-post-thumbnail","hentry","category-connectats-al-territori","category-sostenibilitat","category-portada","tag-curs-2019-2020","tag-escola-verda","tag-medi-ambient","tag-participacio","tag-sostenibilitat"],"post_mailing_queue_ids":[],"_links":{"self":[{"href":"https:\/\/serveiseducatius.xtec.cat\/baixcamp\/wp-json\/wp\/v2\/posts\/10729","targetHints":{"allow":["GET"]}}],"collection":[{"href":"https:\/\/serveiseducatius.xtec.cat\/baixcamp\/wp-json\/wp\/v2\/posts"}],"about":[{"href":"https:\/\/serveiseducatius.xtec.cat\/baixcamp\/wp-json\/wp\/v2\/types\/post"}],"author":[{"embeddable":true,"href":"https:\/\/serveiseducatius.xtec.cat\/baixcamp\/wp-json\/wp\/v2\/users\/1"}],"replies":[{"embeddable":true,"href":"https:\/\/serveiseducatius.xtec.cat\/baixcamp\/wp-json\/wp\/v2\/comments?post=10729"}],"version-history":[{"count":3,"href":"https:\/\/serveiseducatius.xtec.cat\/baixcamp\/wp-json\/wp\/v2\/posts\/10729\/revisions"}],"predecessor-version":[{"id":10934,"href":"https:\/\/serveiseducatius.xtec.cat\/baixcamp\/wp-json\/wp\/v2\/posts\/10729\/revisions\/10934"}],"wp:featuredmedia":[{"embeddable":true,"href":"https:\/\/serveiseducatius.xtec.cat\/baixcamp\/wp-json\/wp\/v2\/media\/10730"}],"wp:attachment":[{"href":"https:\/\/serveiseducatius.xtec.cat\/baixcamp\/wp-json\/wp\/v2\/media?parent=10729"}],"wp:term":[{"taxonomy":"category","embeddable":true,"href":"https:\/\/serveiseducatius.xtec.cat\/baixcamp\/wp-json\/wp\/v2\/categories?post=10729"},{"taxonomy":"post_tag","embeddable":true,"href":"https:\/\/serveiseducatius.xtec.cat\/baixcamp\/wp-json\/wp\/v2\/tags?post=10729"}],"curies":[{"name":"wp","href":"https:\/\/api.w.org\/{rel}","templated":true}]}}