{"id":10671,"date":"2020-01-28T12:56:07","date_gmt":"2020-01-28T11:56:07","guid":{"rendered":"http:\/\/serveiseducatius.xtec.cat\/baixcamp\/?p=10671"},"modified":"2020-02-10T20:16:40","modified_gmt":"2020-02-10T19:16:40","slug":"conferencies-100tifiques-dia-internacional-de-la-dona-i-la-nena-a-la-ciencia-dilluns-11-de-febrer-de-2019","status":"publish","type":"post","link":"https:\/\/serveiseducatius.xtec.cat\/baixcamp\/general\/conferencies-100tifiques-dia-internacional-de-la-dona-i-la-nena-a-la-ciencia-dilluns-11-de-febrer-de-2019\/","title":{"rendered":"Confer\u00e8ncies 100t\u00edfiques &#8211; Dia Internacional de la Dona i la Nena a la Ci\u00e8ncia Dimarts &#8211; 11 de febrer de 2020"},"content":{"rendered":"<p><img loading=\"lazy\" decoding=\"async\" class=\" wp-image-10672 aligncenter\" src=\"https:\/\/serveiseducatius.xtec.cat\/baixcamp\/wp-content\/uploads\/usu950\/2020\/01\/FCRi_Donesiciencia_banner_100tifiques-600x421.jpg\" alt=\"\" width=\"350\" height=\"246\" \/><\/p>\n<h2>Programa <em>100<\/em>t\u00edfiques &#8211; Dimarts 11 febrer 2020 &#8211; 11.30 h &#8211; 13:00 h<\/h2>\n<p><strong>Destinataris: alumnat de 6\u00e8 curs de PRIM\u00c0RIA a les escoles \u00a0i 1r d\u2019ESO als instituts<\/strong><\/p>\n<p><strong>Hora: 11.30 h &#8211; 13.00 h<\/strong><\/p>\n<p><strong>Conferenciant: Judit Bonet Torn\u00e9<\/strong><\/p>\n<p><b>T\u00edtol de la xerrada: <\/b>Sostenibilitat, Qu\u00e8 \u00e9s?<\/p>\n<p><strong>Centre de Lectura de Reus<\/strong><br \/>\nCarrer Major, 15, 43201 Reus<br \/>\n<strong>Les places son limitades. La reserva de pla\u00e7a per la confer\u00e8ncia es realitzar\u00e0 per ordre de sol.licitud.<\/strong><\/p>\n<p><a href=\"https:\/\/docs.google.com\/forms\/d\/e\/1FAIpQLSeJDBJimnFM851E548ybn0s6o2xpt0NTYp5EVKz5BtuGKBYkg\/viewform\"><strong>INSCRIPCI\u00d3<\/strong><\/a><\/p>\n<p><strong>Breu resum:<\/strong> xerrada participativa amb els alumnes, per reflexionar quin \u00e9s el significat de la paraula sostenibilitat i l&#8217;entorn en el que vivim. An\u00e0lisis del recursos disponibles en funci\u00f3 del lloc on s&#8217;habita, drets de les persones a l&#8217;aliment, roba, vivenda i cost que representa. Durant la xerrada s&#8217;introduiran els conceptes b\u00e0sics de Medi Ambient: emissions, residus, s\u00f2ls contaminats, aig\u00fces,&#8230;<\/p>\n<p>&nbsp;<\/p>\n<hr \/>\n<p><strong><a href=\"https:\/\/www.donesiciencia.cat\/100tifiques\/\">\u201c100t\u00edfiques\u201d<\/a>\u00a0<\/strong>\u00e9s una iniciativa de la Fundaci\u00f3 Catalana per a la Recerca i la Innovaci\u00f3 (FCRi) i el\u00a0<a href=\"https:\/\/bist.eu\/\" target=\"_blank\" rel=\"noopener noreferrer\">Barcelona Institute for Science and Technolgy (BIST)<\/a>, amb la col\u00b7laboraci\u00f3 del\u00a0<a href=\"http:\/\/ensenyament.gencat.cat\/ca\/inici\" target=\"_blank\" rel=\"noopener noreferrer\">Departament d\u2019Educaci\u00f3<\/a>\u00a0de la Generalitat de Catalunya i de l\u2019<a href=\"http:\/\/dones.gencat.cat\/ca\/inici\/\" target=\"_blank\" rel=\"noopener noreferrer\">Institut Catal\u00e0 de les Dones<\/a>.<\/p>\n<p>Volem visibilitzar i destacar la rellev\u00e0ncia i el paper estrat\u00e8gic de les dones a la ci\u00e8ncia i la tecnologia, tot fomentant accions conjuntes entre cient\u00edfiques d\u2019acad\u00e8mia i d\u2019empresa. Promovem una relaci\u00f3 m\u00e9s directa i rec\u00edproca entre la ci\u00e8ncia i la societat, i molt especialment, treballem per a incrementar la consci\u00e8ncia d\u2019aquest col\u00b7lectiu i eixamplar-ne l\u2019espai.<\/p>\n<p>Amb aquesta finalitat, \u201c100t\u00edfiques\u201d pret\u00e9n:<\/p>\n<ul>\n<li>impulsar vincles i din\u00e0miques col\u00b7laboratives entre cient\u00edfiques del sistema p\u00fablic i del privat; i tamb\u00e9 amb altes directives d\u2019empresa i prescriptores de les pol\u00edtiques p\u00fabliques;<\/li>\n<li>fomentar l\u2019impuls de vocacions cient\u00edfiques i\/o emprenedores entre les nenes;<\/li>\n<li>potenciar la connexi\u00f3 i interacci\u00f3 de cient\u00edfiques i ciutadanes, tot vertebrant accions bidireccionals. Aix\u00f2 implica tant disseminar i divulgar els resultats de la recerca entre la ciutadania, com recollir les aportacions de ci\u00e8ncia ciutadana que es fan a Catalunya.<\/li>\n<\/ul>\n<p>El programa s\u2019ha iniciat el 2019 amb una primera activitat\u00a0orientada a impulsar les disciplines STEAM entre les nenes, consistent en 100 xerrades divulgatives simult\u00e0nies a c\u00e0rrec de 100 investigadores del sistema p\u00fablic i privat a 100 centres escolars de Catalunya.<\/p>\n<p><a href=\"https:\/\/docs.google.com\/forms\/d\/e\/1FAIpQLSeJDBJimnFM851E548ybn0s6o2xpt0NTYp5EVKz5BtuGKBYkg\/viewform\"><strong>INSCRIPCI\u00d3<\/strong><\/a><\/p>\n","protected":false},"excerpt":{"rendered":"<p>Programa 100t\u00edfiques &#8211; Dimarts 11 febrer 2020 &#8211; 11.30 h &#8211; 13:00 h Destinataris: alumnat de 6\u00e8 curs de PRIM\u00c0RIA a les escoles \u00a0i 1r d\u2019ESO als instituts Hora: 11.30 h &#8211; 13.00 h Conferenciant: Judit Bonet Torn\u00e9 T\u00edtol de la xerrada: Sostenibilitat, Qu\u00e8 \u00e9s? Centre de Lectura de Reus Carrer Major, 15, 43201 Reus [&hellip;]<\/p>\n","protected":false},"author":1,"featured_media":10672,"comment_status":"open","ping_status":"closed","sticky":false,"template":"","format":"standard","meta":{"_bbp_topic_count":0,"_bbp_reply_count":0,"_bbp_total_topic_count":0,"_bbp_total_reply_count":0,"_bbp_voice_count":0,"_bbp_anonymous_reply_count":0,"_bbp_topic_count_hidden":0,"_bbp_reply_count_hidden":0,"_bbp_forum_subforum_count":0,"site-sidebar-layout":"default","site-content-layout":"","ast-site-content-layout":"","site-content-style":"default","site-sidebar-style":"default","ast-global-header-display":"","ast-banner-title-visibility":"","ast-main-header-display":"","ast-hfb-above-header-display":"","ast-hfb-below-header-display":"","ast-hfb-mobile-header-display":"","site-post-title":"","ast-breadcrumbs-content":"","ast-featured-img":"","footer-sml-layout":"","theme-transparent-header-meta":"","adv-header-id-meta":"","stick-header-meta":"","header-above-stick-meta":"","header-main-stick-meta":"","header-below-stick-meta":"","astra-migrate-meta-layouts":"default","ast-page-background-enabled":"default","ast-page-background-meta":{"desktop":{"background-color":"var(--ast-global-color-4)","background-image":"","background-repeat":"repeat","background-position":"center center","background-size":"auto","background-attachment":"scroll","background-type":"","background-media":"","overlay-type":"","overlay-color":"","overlay-opacity":"","overlay-gradient":""},"tablet":{"background-color":"","background-image":"","background-repeat":"repeat","background-position":"center center","background-size":"auto","background-attachment":"scroll","background-type":"","background-media":"","overlay-type":"","overlay-color":"","overlay-opacity":"","overlay-gradient":""},"mobile":{"background-color":"","background-image":"","background-repeat":"repeat","background-position":"center center","background-size":"auto","background-attachment":"scroll","background-type":"","background-media":"","overlay-type":"","overlay-color":"","overlay-opacity":"","overlay-gradient":""}},"ast-content-background-meta":{"desktop":{"background-color":"var(--ast-global-color-5)","background-image":"","background-repeat":"repeat","background-position":"center center","background-size":"auto","background-attachment":"scroll","background-type":"","background-media":"","overlay-type":"","overlay-color":"","overlay-opacity":"","overlay-gradient":""},"tablet":{"background-color":"var(--ast-global-color-5)","background-image":"","background-repeat":"repeat","background-position":"center center","background-size":"auto","background-attachment":"scroll","background-type":"","background-media":"","overlay-type":"","overlay-color":"","overlay-opacity":"","overlay-gradient":""},"mobile":{"background-color":"var(--ast-global-color-5)","background-image":"","background-repeat":"repeat","background-position":"center center","background-size":"auto","background-attachment":"scroll","background-type":"","background-media":"","overlay-type":"","overlay-color":"","overlay-opacity":"","overlay-gradient":""}},"footnotes":""},"categories":[296,1,29,217],"tags":[430,235,403,346,239,337],"class_list":["post-10671","post","type-post","status-publish","format-standard","has-post-thumbnail","hentry","category-connectats-al-territori","category-general","category-portada","category-setmana-de-la-ciencia","tag-100tifiques","tag-conferencia","tag-curs-2019-2020","tag-ep","tag-eso","tag-setmana-de-la-ciencia"],"post_mailing_queue_ids":[],"_links":{"self":[{"href":"https:\/\/serveiseducatius.xtec.cat\/baixcamp\/wp-json\/wp\/v2\/posts\/10671","targetHints":{"allow":["GET"]}}],"collection":[{"href":"https:\/\/serveiseducatius.xtec.cat\/baixcamp\/wp-json\/wp\/v2\/posts"}],"about":[{"href":"https:\/\/serveiseducatius.xtec.cat\/baixcamp\/wp-json\/wp\/v2\/types\/post"}],"author":[{"embeddable":true,"href":"https:\/\/serveiseducatius.xtec.cat\/baixcamp\/wp-json\/wp\/v2\/users\/1"}],"replies":[{"embeddable":true,"href":"https:\/\/serveiseducatius.xtec.cat\/baixcamp\/wp-json\/wp\/v2\/comments?post=10671"}],"version-history":[{"count":4,"href":"https:\/\/serveiseducatius.xtec.cat\/baixcamp\/wp-json\/wp\/v2\/posts\/10671\/revisions"}],"predecessor-version":[{"id":10780,"href":"https:\/\/serveiseducatius.xtec.cat\/baixcamp\/wp-json\/wp\/v2\/posts\/10671\/revisions\/10780"}],"wp:featuredmedia":[{"embeddable":true,"href":"https:\/\/serveiseducatius.xtec.cat\/baixcamp\/wp-json\/wp\/v2\/media\/10672"}],"wp:attachment":[{"href":"https:\/\/serveiseducatius.xtec.cat\/baixcamp\/wp-json\/wp\/v2\/media?parent=10671"}],"wp:term":[{"taxonomy":"category","embeddable":true,"href":"https:\/\/serveiseducatius.xtec.cat\/baixcamp\/wp-json\/wp\/v2\/categories?post=10671"},{"taxonomy":"post_tag","embeddable":true,"href":"https:\/\/serveiseducatius.xtec.cat\/baixcamp\/wp-json\/wp\/v2\/tags?post=10671"}],"curies":[{"name":"wp","href":"https:\/\/api.w.org\/{rel}","templated":true}]}}