{"id":10609,"date":"2020-01-16T14:15:35","date_gmt":"2020-01-16T13:15:35","guid":{"rendered":"http:\/\/serveiseducatius.xtec.cat\/baixcamp\/?p=10609"},"modified":"2020-01-28T13:47:42","modified_gmt":"2020-01-28T12:47:42","slug":"presentacio-del-projecte-1387-de-creixement-personal-intencional","status":"publish","type":"post","link":"https:\/\/serveiseducatius.xtec.cat\/baixcamp\/general\/presentacio-del-projecte-1387-de-creixement-personal-intencional\/","title":{"rendered":"Presentaci\u00f3 del Projecte 1387 de Creixement Personal Intencional"},"content":{"rendered":"<p style=\"font-weight: 400;\"><a href=\"http:\/\/www.creences.com\/\">Creences<\/a> (centre de creixement personal) de la Selva del Camp, proposa la presentaci\u00f3 del seu Projecte 1387.<\/p>\n<p><img loading=\"lazy\" decoding=\"async\" class=\"size-large wp-image-10610 aligncenter\" src=\"https:\/\/serveiseducatius.xtec.cat\/baixcamp\/wp-content\/uploads\/usu950\/2020\/01\/projecte1387-600x311.jpg\" alt=\"\" width=\"600\" height=\"311\" srcset=\"https:\/\/serveiseducatius.xtec.cat\/baixcamp\/wp-content\/uploads\/usu950\/2020\/01\/projecte1387-600x311.jpg 600w, https:\/\/serveiseducatius.xtec.cat\/baixcamp\/wp-content\/uploads\/usu950\/2020\/01\/projecte1387-300x155.jpg 300w, https:\/\/serveiseducatius.xtec.cat\/baixcamp\/wp-content\/uploads\/usu950\/2020\/01\/projecte1387-768x398.jpg 768w, https:\/\/serveiseducatius.xtec.cat\/baixcamp\/wp-content\/uploads\/usu950\/2020\/01\/projecte1387.jpg 879w\" sizes=\"auto, (max-width: 600px) 100vw, 600px\" \/><\/p>\n<ul>\n<li><b>Data 20 de febrer 2020<\/b><\/li>\n<li>Seu del CRP Reus<\/li>\n<\/ul>\n<ul>\n<li>17.30 h \u2013 19:30 h: Xerrada Rosa Llaurad\u00f3 (PNL-Coach, Coach Wingwave, Trainer)<\/li>\n<\/ul>\n<p style=\"font-weight: 400;\">Creiem que la \u00fanica manera de millorar un pa\u00eds, una empresa, una instituci\u00f3, una ciutat, un ve\u00efnat, una fam\u00edlia, \u00e9s convertir-nos en millors persones i aix\u00f2 nom\u00e9s ho podem aconseguir per mitj\u00e0 del creixement personal i professional on cada dia ens reptem a actuar practicant principis i valors que ens porten a prendre millors decisions i ha aconseguir millors resultats. Uneix-te i converteix-te en el canvi que vols veure en els altres per construir un millor lloc per a les properes generacions.<\/p>\n<p>INSCRIPCIONS MITJAN\u00c7ANT<a href=\"https:\/\/docs.google.com\/forms\/d\/e\/1FAIpQLSd251NroLEfG0R9tzg2eL7TsS1sHm36byo5KPooNgBjzjWJyA\/viewform\"><strong>\u00a0FORMULARI<\/strong><\/a><\/p>\n","protected":false},"excerpt":{"rendered":"<p>Creences (centre de creixement personal) de la Selva del Camp, proposa la presentaci\u00f3 del seu Projecte 1387. Data 20 de febrer 2020 Seu del CRP Reus 17.30 h \u2013 19:30 h: Xerrada Rosa Llaurad\u00f3 (PNL-Coach, Coach Wingwave, Trainer) Creiem que la \u00fanica manera de millorar un pa\u00eds, una empresa, una instituci\u00f3, una ciutat, un ve\u00efnat, [&hellip;]<\/p>\n","protected":false},"author":1,"featured_media":10610,"comment_status":"open","ping_status":"closed","sticky":false,"template":"","format":"standard","meta":{"_bbp_topic_count":0,"_bbp_reply_count":0,"_bbp_total_topic_count":0,"_bbp_total_reply_count":0,"_bbp_voice_count":0,"_bbp_anonymous_reply_count":0,"_bbp_topic_count_hidden":0,"_bbp_reply_count_hidden":0,"_bbp_forum_subforum_count":0,"site-sidebar-layout":"default","site-content-layout":"","ast-site-content-layout":"","site-content-style":"default","site-sidebar-style":"default","ast-global-header-display":"","ast-banner-title-visibility":"","ast-main-header-display":"","ast-hfb-above-header-display":"","ast-hfb-below-header-display":"","ast-hfb-mobile-header-display":"","site-post-title":"","ast-breadcrumbs-content":"","ast-featured-img":"","footer-sml-layout":"","theme-transparent-header-meta":"","adv-header-id-meta":"","stick-header-meta":"","header-above-stick-meta":"","header-main-stick-meta":"","header-below-stick-meta":"","astra-migrate-meta-layouts":"default","ast-page-background-enabled":"default","ast-page-background-meta":{"desktop":{"background-color":"var(--ast-global-color-4)","background-image":"","background-repeat":"repeat","background-position":"center center","background-size":"auto","background-attachment":"scroll","background-type":"","background-media":"","overlay-type":"","overlay-color":"","overlay-opacity":"","overlay-gradient":""},"tablet":{"background-color":"","background-image":"","background-repeat":"repeat","background-position":"center center","background-size":"auto","background-attachment":"scroll","background-type":"","background-media":"","overlay-type":"","overlay-color":"","overlay-opacity":"","overlay-gradient":""},"mobile":{"background-color":"","background-image":"","background-repeat":"repeat","background-position":"center center","background-size":"auto","background-attachment":"scroll","background-type":"","background-media":"","overlay-type":"","overlay-color":"","overlay-opacity":"","overlay-gradient":""}},"ast-content-background-meta":{"desktop":{"background-color":"var(--ast-global-color-5)","background-image":"","background-repeat":"repeat","background-position":"center center","background-size":"auto","background-attachment":"scroll","background-type":"","background-media":"","overlay-type":"","overlay-color":"","overlay-opacity":"","overlay-gradient":""},"tablet":{"background-color":"var(--ast-global-color-5)","background-image":"","background-repeat":"repeat","background-position":"center center","background-size":"auto","background-attachment":"scroll","background-type":"","background-media":"","overlay-type":"","overlay-color":"","overlay-opacity":"","overlay-gradient":""},"mobile":{"background-color":"var(--ast-global-color-5)","background-image":"","background-repeat":"repeat","background-position":"center center","background-size":"auto","background-attachment":"scroll","background-type":"","background-media":"","overlay-type":"","overlay-color":"","overlay-opacity":"","overlay-gradient":""}},"footnotes":""},"categories":[296,221,1,29],"tags":[403,334],"class_list":["post-10609","post","type-post","status-publish","format-standard","has-post-thumbnail","hentry","category-connectats-al-territori","category-formacio","category-general","category-portada","tag-curs-2019-2020","tag-xerrada"],"post_mailing_queue_ids":[],"_links":{"self":[{"href":"https:\/\/serveiseducatius.xtec.cat\/baixcamp\/wp-json\/wp\/v2\/posts\/10609","targetHints":{"allow":["GET"]}}],"collection":[{"href":"https:\/\/serveiseducatius.xtec.cat\/baixcamp\/wp-json\/wp\/v2\/posts"}],"about":[{"href":"https:\/\/serveiseducatius.xtec.cat\/baixcamp\/wp-json\/wp\/v2\/types\/post"}],"author":[{"embeddable":true,"href":"https:\/\/serveiseducatius.xtec.cat\/baixcamp\/wp-json\/wp\/v2\/users\/1"}],"replies":[{"embeddable":true,"href":"https:\/\/serveiseducatius.xtec.cat\/baixcamp\/wp-json\/wp\/v2\/comments?post=10609"}],"version-history":[{"count":4,"href":"https:\/\/serveiseducatius.xtec.cat\/baixcamp\/wp-json\/wp\/v2\/posts\/10609\/revisions"}],"predecessor-version":[{"id":10686,"href":"https:\/\/serveiseducatius.xtec.cat\/baixcamp\/wp-json\/wp\/v2\/posts\/10609\/revisions\/10686"}],"wp:featuredmedia":[{"embeddable":true,"href":"https:\/\/serveiseducatius.xtec.cat\/baixcamp\/wp-json\/wp\/v2\/media\/10610"}],"wp:attachment":[{"href":"https:\/\/serveiseducatius.xtec.cat\/baixcamp\/wp-json\/wp\/v2\/media?parent=10609"}],"wp:term":[{"taxonomy":"category","embeddable":true,"href":"https:\/\/serveiseducatius.xtec.cat\/baixcamp\/wp-json\/wp\/v2\/categories?post=10609"},{"taxonomy":"post_tag","embeddable":true,"href":"https:\/\/serveiseducatius.xtec.cat\/baixcamp\/wp-json\/wp\/v2\/tags?post=10609"}],"curies":[{"name":"wp","href":"https:\/\/api.w.org\/{rel}","templated":true}]}}