{"id":10573,"date":"2019-12-16T18:00:29","date_gmt":"2019-12-16T17:00:29","guid":{"rendered":"http:\/\/serveiseducatius.xtec.cat\/baixcamp\/?p=10573"},"modified":"2019-12-16T18:01:24","modified_gmt":"2019-12-16T17:01:24","slug":"pedagogia-sistemica-del-baix-camp","status":"publish","type":"post","link":"https:\/\/serveiseducatius.xtec.cat\/baixcamp\/general\/pedagogia-sistemica-del-baix-camp\/","title":{"rendered":"Pedagogia sist\u00e8mica del Baix Camp"},"content":{"rendered":"<p>&nbsp;<\/p>\n<p><img loading=\"lazy\" decoding=\"async\" class=\"attachment-266x266 size-266x266 aligncenter\" src=\"https:\/\/serveiseducatius.xtec.cat\/baixcamp\/wp-content\/uploads\/usu950\/2019\/12\/pedagogia-sistemica.jpg\" sizes=\"auto, (max-width: 261px) 100vw, 261px\" srcset=\"https:\/\/serveiseducatius.xtec.cat\/baixcamp\/wp-content\/uploads\/usu950\/2019\/12\/pedagogia-sistemica.jpg 576w, https:\/\/serveiseducatius.xtec.cat\/baixcamp\/wp-content\/uploads\/usu950\/2019\/12\/pedagogia-sistemica-295x300.jpg 295w\" alt=\"\" width=\"261\" height=\"266\" \/><\/p>\n<p>El proper 15 de Gener comen\u00e7ar\u00e0 la formaci\u00f3 del <a href=\"https:\/\/aplicacions.gestioeducativa.gencat.cat\/pls\/soloas\/pk_for_mod_ins.p_for_detall_activitat?p_codi=7020251702&amp;p_curs=2019-2020&amp;p_es_inscr=S\">Grup de treball de Pedagogia sist\u00e8mica del Baix Camp<\/a>.<\/p>\n<p>Del 15\/1\/2020 al 3\/6\/2020 ( 30 hores &#8211; 10 sessions ) de 17:30h a 20:00h<br \/>\nCRP del Baix Camp<\/p>\n<p>Es vol ampliar la mirada per universalitzar l\u2019atenci\u00f3 personalitzada i el suport a les necessitats individuals d\u2019aprenentatge de TOTS els alumnes en el marc d\u2019un sistema educatiu inclusiu.<\/p>\n<table border=\"0\" cellspacing=\"0\" cellpadding=\"0\">\n<tbody>\n<tr>\n<td align=\"RIGHT\" valign=\"TOP\"><b><span style=\"font-family: arial, helvetica, geneva; font-size: small;\">Objectius\u00a0\u00a0<\/span><\/b><\/td>\n<td valign=\"TOP\"><span style=\"font-family: arial, helvetica, geneva; font-size: small;\">-Fomentar i enfortir l\u2019acci\u00f3 tutorial per orientar l\u2019alumne i acompanyar-lo i ajudar-lo en el seu aprenentatge i en la presa de decisions sobre el seu itinerari formatiu.<br \/>\n-Promoure la millora de la conviv\u00e8ncia escolar.<br \/>\n-Promoure la relaci\u00f3 del centres amb altres centres, fam\u00edlies, institucions per millorar l\u2019atenci\u00f3 educativa i enfortir els \u00e0mbits competencials i\/o professionals de l\u2019alumnat.<br \/>\n-Desenvolupar les compet\u00e8ncies professionals dels docents per adequar-les a les necessitats de cada context.<\/span><\/td>\n<\/tr>\n<\/tbody>\n<\/table>\n<table border=\"0\" cellspacing=\"0\" cellpadding=\"0\">\n<tbody>\n<tr>\n<td valign=\"BOTTOM\"><span style=\"font-family: arial, helvetica, geneva; font-size: small;\"><a href=\"https:\/\/aplicacions.gestioeducativa.gencat.cat\/pls\/soloas\/pk_for_mod_ins.p_for_exhaustiu_activitat?p_header=Detall%20d%27activitat^pk_for_mod_ins.p_for_detall_activitat?p_codi=7020251702%26p_curs=2019-2020%26p_es_inscr=S&amp;p_codi=7020251702&amp;p_curs=2019-2020&amp;p_es_inscr=S\">M\u00e9s informaci\u00f3<\/a><\/span><span style=\"font-family: arial, helvetica, geneva; font-size: x-large;\">\u00a0<\/span><\/td>\n<\/tr>\n<\/tbody>\n<\/table>\n","protected":false},"excerpt":{"rendered":"<p>&nbsp; El proper 15 de Gener comen\u00e7ar\u00e0 la formaci\u00f3 del Grup de treball de Pedagogia sist\u00e8mica del Baix Camp. Del 15\/1\/2020 al 3\/6\/2020 ( 30 hores &#8211; 10 sessions ) de 17:30h a 20:00h CRP del Baix Camp Es vol ampliar la mirada per universalitzar l\u2019atenci\u00f3 personalitzada i el suport a les necessitats individuals d\u2019aprenentatge [&hellip;]<\/p>\n","protected":false},"author":1,"featured_media":10575,"comment_status":"open","ping_status":"closed","sticky":false,"template":"","format":"standard","meta":{"_bbp_topic_count":0,"_bbp_reply_count":0,"_bbp_total_topic_count":0,"_bbp_total_reply_count":0,"_bbp_voice_count":0,"_bbp_anonymous_reply_count":0,"_bbp_topic_count_hidden":0,"_bbp_reply_count_hidden":0,"_bbp_forum_subforum_count":0,"site-sidebar-layout":"default","site-content-layout":"","ast-site-content-layout":"","site-content-style":"default","site-sidebar-style":"default","ast-global-header-display":"","ast-banner-title-visibility":"","ast-main-header-display":"","ast-hfb-above-header-display":"","ast-hfb-below-header-display":"","ast-hfb-mobile-header-display":"","site-post-title":"","ast-breadcrumbs-content":"","ast-featured-img":"","footer-sml-layout":"","theme-transparent-header-meta":"","adv-header-id-meta":"","stick-header-meta":"","header-above-stick-meta":"","header-main-stick-meta":"","header-below-stick-meta":"","astra-migrate-meta-layouts":"default","ast-page-background-enabled":"default","ast-page-background-meta":{"desktop":{"background-color":"var(--ast-global-color-4)","background-image":"","background-repeat":"repeat","background-position":"center center","background-size":"auto","background-attachment":"scroll","background-type":"","background-media":"","overlay-type":"","overlay-color":"","overlay-opacity":"","overlay-gradient":""},"tablet":{"background-color":"","background-image":"","background-repeat":"repeat","background-position":"center center","background-size":"auto","background-attachment":"scroll","background-type":"","background-media":"","overlay-type":"","overlay-color":"","overlay-opacity":"","overlay-gradient":""},"mobile":{"background-color":"","background-image":"","background-repeat":"repeat","background-position":"center center","background-size":"auto","background-attachment":"scroll","background-type":"","background-media":"","overlay-type":"","overlay-color":"","overlay-opacity":"","overlay-gradient":""}},"ast-content-background-meta":{"desktop":{"background-color":"var(--ast-global-color-5)","background-image":"","background-repeat":"repeat","background-position":"center center","background-size":"auto","background-attachment":"scroll","background-type":"","background-media":"","overlay-type":"","overlay-color":"","overlay-opacity":"","overlay-gradient":""},"tablet":{"background-color":"var(--ast-global-color-5)","background-image":"","background-repeat":"repeat","background-position":"center center","background-size":"auto","background-attachment":"scroll","background-type":"","background-media":"","overlay-type":"","overlay-color":"","overlay-opacity":"","overlay-gradient":""},"mobile":{"background-color":"var(--ast-global-color-5)","background-image":"","background-repeat":"repeat","background-position":"center center","background-size":"auto","background-attachment":"scroll","background-type":"","background-media":"","overlay-type":"","overlay-color":"","overlay-opacity":"","overlay-gradient":""}},"footnotes":""},"categories":[1,415,29,344],"tags":[403,305,342,416,262,417],"class_list":["post-10573","post","type-post","status-publish","format-standard","has-post-thumbnail","hentry","category-general","category-pedagogia","category-portada","category-recursos-pfz","tag-curs-2019-2020","tag-ei","tag-formacio","tag-pedagogia","tag-primaria","tag-secun"],"post_mailing_queue_ids":[],"_links":{"self":[{"href":"https:\/\/serveiseducatius.xtec.cat\/baixcamp\/wp-json\/wp\/v2\/posts\/10573","targetHints":{"allow":["GET"]}}],"collection":[{"href":"https:\/\/serveiseducatius.xtec.cat\/baixcamp\/wp-json\/wp\/v2\/posts"}],"about":[{"href":"https:\/\/serveiseducatius.xtec.cat\/baixcamp\/wp-json\/wp\/v2\/types\/post"}],"author":[{"embeddable":true,"href":"https:\/\/serveiseducatius.xtec.cat\/baixcamp\/wp-json\/wp\/v2\/users\/1"}],"replies":[{"embeddable":true,"href":"https:\/\/serveiseducatius.xtec.cat\/baixcamp\/wp-json\/wp\/v2\/comments?post=10573"}],"version-history":[{"count":3,"href":"https:\/\/serveiseducatius.xtec.cat\/baixcamp\/wp-json\/wp\/v2\/posts\/10573\/revisions"}],"predecessor-version":[{"id":10577,"href":"https:\/\/serveiseducatius.xtec.cat\/baixcamp\/wp-json\/wp\/v2\/posts\/10573\/revisions\/10577"}],"wp:featuredmedia":[{"embeddable":true,"href":"https:\/\/serveiseducatius.xtec.cat\/baixcamp\/wp-json\/wp\/v2\/media\/10575"}],"wp:attachment":[{"href":"https:\/\/serveiseducatius.xtec.cat\/baixcamp\/wp-json\/wp\/v2\/media?parent=10573"}],"wp:term":[{"taxonomy":"category","embeddable":true,"href":"https:\/\/serveiseducatius.xtec.cat\/baixcamp\/wp-json\/wp\/v2\/categories?post=10573"},{"taxonomy":"post_tag","embeddable":true,"href":"https:\/\/serveiseducatius.xtec.cat\/baixcamp\/wp-json\/wp\/v2\/tags?post=10573"}],"curies":[{"name":"wp","href":"https:\/\/api.w.org\/{rel}","templated":true}]}}