{"id":10449,"date":"2019-11-12T12:29:11","date_gmt":"2019-11-12T11:29:11","guid":{"rendered":"http:\/\/serveiseducatius.xtec.cat\/baixcamp\/?p=10449"},"modified":"2019-11-12T12:29:11","modified_gmt":"2019-11-12T11:29:11","slug":"jornades-apropat-museu-i-escola-aprenem-junts","status":"publish","type":"post","link":"https:\/\/serveiseducatius.xtec.cat\/baixcamp\/general\/jornades-apropat-museu-i-escola-aprenem-junts\/","title":{"rendered":"Jornades aproPA\u2019T. Museu i Escola aprenem junts"},"content":{"rendered":"<p><img decoding=\"async\" class=\"CToWUd a6T aligncenter\" tabindex=\"0\" src=\"https:\/\/ci5.googleusercontent.com\/proxy\/3kXstBRHpWA_LeIty_NklYj716v2hWhO3J62KSxk0YTr6UvvfOQpYjURnTPSBq0aHFX2qeGdoXDYJ_BPCcs5XO3R0BpdlCm6N1J589NrktmBhKpAAjpJI8o_pYAVNpTGSSxjRSBW8BJ3-BRORUNvQtaIlSb1-MS9qBs=s0-d-e1-ft#https:\/\/gallery.mailchimp.com\/7e11fb151edb72929a2f738dc\/images\/cd5f2e94-6374-4fac-950d-e95ff54903b6.jpg\" alt=\"\" width=\"564\" align=\"center\" \/><\/p>\n<p style=\"text-align: center;\">Us recordem que les <strong>jornades aproPA\u2019T. Museu i Escola aprenem junts\u00a0<\/strong>tindran lloc el dia 16 de novembre al Vendrell i el 23 de novembre a Amposta.<\/p>\n<p style=\"text-align: left;\">Les jornades s\u00f3n gratu\u00eftes i us podeu inscriure a 1 \u00f3 a les 2 sessions. Si no us heu inscrit, encara queden algunes places.<\/p>\n<p>S\u00f3n un espai de trobada entre docents, professionals dels museus i estudiants universitaris per reflexionar sobre el potencial educatiu dels recursos culturals locals i compartir experi\u00e8ncies.<\/p>\n<p>Aquest any, les jornades comen\u00e7aran amb la participaci\u00f3 d\u2019experts en el camp de la transformaci\u00f3 educativa i de bones pr\u00e0ctiques dutes a terme pels centres educatius i els museus. Tamb\u00e9 es realitzar\u00e0 un espai formatiu de creaci\u00f3 de projectes col\u00b7laboratius entre un centre educatiu i un museu a partir de la metodologia\u00a0<em>Design Thinking\u00a0<\/em>que ens permet l&#8217;aprenentatge entre iguals i l\u2019intercanvi de coneixements.<\/p>\n<p>La jornada s\u2019organitza des de la Xarxa de Museus de les comarques de Tarragona i les Terres de l\u2019Ebre, conjuntament amb els centres de recursos pedag\u00f2gics. \u00c9s una formaci\u00f3 reconeguda pel Departament d\u2019Educaci\u00f3.<\/p>\n<p>Podeu consultar el programa de les jornades i inscriure \u2018us a <a href=\"https:\/\/jornadesapropat.us17.list-manage.com\/track\/click?u=7e11fb151edb72929a2f738dc&amp;id=35d31d9cbe&amp;e=4c5f713ad1\" target=\"_blank\" rel=\"noopener noreferrer\" data-saferedirecturl=\"https:\/\/www.google.com\/url?q=https:\/\/jornadesapropat.us17.list-manage.com\/track\/click?u%3D7e11fb151edb72929a2f738dc%26id%3D35d31d9cbe%26e%3D4c5f713ad1&amp;source=gmail&amp;ust=1573634322347000&amp;usg=AFQjCNHmxeYhiyeP5N50j6BDnwHvjFlngQ\"><strong>www.jornadesapropat.cat<\/strong><\/a> Places limitades!<\/p>\n<p><strong>#apropat2019<\/strong><\/p>\n<p><img decoding=\"async\" class=\"CToWUd a6T aligncenter\" tabindex=\"0\" src=\"https:\/\/ci4.googleusercontent.com\/proxy\/hCaZA8Oqhv0CDSIOmvISUDAImUdTmke_t0JZm0OQwjjS-eelyYIu9XftY04D0r05uFRhoEVjLHO6eeEuep9zGeHkW681PSOw-SYH39fqb6pNzgNIflrjU7wJ_ZG7cYu1nLT2BgbwXZb9FB1kclg17FVPKyfchyq-ZlQ=s0-d-e1-ft#https:\/\/gallery.mailchimp.com\/7e11fb151edb72929a2f738dc\/images\/784dca39-3ae4-41fc-be6c-462d85f422c4.jpg\" alt=\"\" width=\"564\" align=\"center\" \/><\/p>\n<p style=\"text-align: center;\">M\u00c9S INFORMACI\u00d3<br \/>\n<em><a href=\"mailto:hola@jornadesapropat.cat\" target=\"_blank\" rel=\"noopener noreferrer\">hola@jornadesapropat.cat<\/a><\/em><br \/>\n<em>977 22 54 94<\/em><\/p>\n","protected":false},"excerpt":{"rendered":"<p>Us recordem que les jornades aproPA\u2019T. Museu i Escola aprenem junts\u00a0tindran lloc el dia 16 de novembre al Vendrell i el 23 de novembre a Amposta. Les jornades s\u00f3n gratu\u00eftes i us podeu inscriure a 1 \u00f3 a les 2 sessions. Si no us heu inscrit, encara queden algunes places. S\u00f3n un espai de trobada [&hellip;]<\/p>\n","protected":false},"author":1,"featured_media":10455,"comment_status":"open","ping_status":"closed","sticky":false,"template":"","format":"standard","meta":{"_bbp_topic_count":0,"_bbp_reply_count":0,"_bbp_total_topic_count":0,"_bbp_total_reply_count":0,"_bbp_voice_count":0,"_bbp_anonymous_reply_count":0,"_bbp_topic_count_hidden":0,"_bbp_reply_count_hidden":0,"_bbp_forum_subforum_count":0,"site-sidebar-layout":"default","site-content-layout":"","ast-site-content-layout":"","site-content-style":"default","site-sidebar-style":"default","ast-global-header-display":"","ast-banner-title-visibility":"","ast-main-header-display":"","ast-hfb-above-header-display":"","ast-hfb-below-header-display":"","ast-hfb-mobile-header-display":"","site-post-title":"","ast-breadcrumbs-content":"","ast-featured-img":"","footer-sml-layout":"","theme-transparent-header-meta":"","adv-header-id-meta":"","stick-header-meta":"","header-above-stick-meta":"","header-main-stick-meta":"","header-below-stick-meta":"","astra-migrate-meta-layouts":"default","ast-page-background-enabled":"default","ast-page-background-meta":{"desktop":{"background-color":"var(--ast-global-color-4)","background-image":"","background-repeat":"repeat","background-position":"center center","background-size":"auto","background-attachment":"scroll","background-type":"","background-media":"","overlay-type":"","overlay-color":"","overlay-opacity":"","overlay-gradient":""},"tablet":{"background-color":"","background-image":"","background-repeat":"repeat","background-position":"center center","background-size":"auto","background-attachment":"scroll","background-type":"","background-media":"","overlay-type":"","overlay-color":"","overlay-opacity":"","overlay-gradient":""},"mobile":{"background-color":"","background-image":"","background-repeat":"repeat","background-position":"center center","background-size":"auto","background-attachment":"scroll","background-type":"","background-media":"","overlay-type":"","overlay-color":"","overlay-opacity":"","overlay-gradient":""}},"ast-content-background-meta":{"desktop":{"background-color":"var(--ast-global-color-5)","background-image":"","background-repeat":"repeat","background-position":"center center","background-size":"auto","background-attachment":"scroll","background-type":"","background-media":"","overlay-type":"","overlay-color":"","overlay-opacity":"","overlay-gradient":""},"tablet":{"background-color":"var(--ast-global-color-5)","background-image":"","background-repeat":"repeat","background-position":"center center","background-size":"auto","background-attachment":"scroll","background-type":"","background-media":"","overlay-type":"","overlay-color":"","overlay-opacity":"","overlay-gradient":""},"mobile":{"background-color":"var(--ast-global-color-5)","background-image":"","background-repeat":"repeat","background-position":"center center","background-size":"auto","background-attachment":"scroll","background-type":"","background-media":"","overlay-type":"","overlay-color":"","overlay-opacity":"","overlay-gradient":""}},"footnotes":""},"categories":[221,1,406,29,344],"tags":[407,408,403,348,342,210],"class_list":["post-10449","post","type-post","status-publish","format-standard","has-post-thumbnail","hentry","category-formacio","category-general","category-museu-i-escola","category-portada","category-recursos-pfz","tag-apropat2019","tag-museuiescola","tag-curs-2019-2020","tag-educacio","tag-formacio","tag-pfz"],"post_mailing_queue_ids":[],"_links":{"self":[{"href":"https:\/\/serveiseducatius.xtec.cat\/baixcamp\/wp-json\/wp\/v2\/posts\/10449","targetHints":{"allow":["GET"]}}],"collection":[{"href":"https:\/\/serveiseducatius.xtec.cat\/baixcamp\/wp-json\/wp\/v2\/posts"}],"about":[{"href":"https:\/\/serveiseducatius.xtec.cat\/baixcamp\/wp-json\/wp\/v2\/types\/post"}],"author":[{"embeddable":true,"href":"https:\/\/serveiseducatius.xtec.cat\/baixcamp\/wp-json\/wp\/v2\/users\/1"}],"replies":[{"embeddable":true,"href":"https:\/\/serveiseducatius.xtec.cat\/baixcamp\/wp-json\/wp\/v2\/comments?post=10449"}],"version-history":[{"count":4,"href":"https:\/\/serveiseducatius.xtec.cat\/baixcamp\/wp-json\/wp\/v2\/posts\/10449\/revisions"}],"predecessor-version":[{"id":10456,"href":"https:\/\/serveiseducatius.xtec.cat\/baixcamp\/wp-json\/wp\/v2\/posts\/10449\/revisions\/10456"}],"wp:featuredmedia":[{"embeddable":true,"href":"https:\/\/serveiseducatius.xtec.cat\/baixcamp\/wp-json\/wp\/v2\/media\/10455"}],"wp:attachment":[{"href":"https:\/\/serveiseducatius.xtec.cat\/baixcamp\/wp-json\/wp\/v2\/media?parent=10449"}],"wp:term":[{"taxonomy":"category","embeddable":true,"href":"https:\/\/serveiseducatius.xtec.cat\/baixcamp\/wp-json\/wp\/v2\/categories?post=10449"},{"taxonomy":"post_tag","embeddable":true,"href":"https:\/\/serveiseducatius.xtec.cat\/baixcamp\/wp-json\/wp\/v2\/tags?post=10449"}],"curies":[{"name":"wp","href":"https:\/\/api.w.org\/{rel}","templated":true}]}}