{"id":10256,"date":"2019-05-28T13:55:46","date_gmt":"2019-05-28T11:55:46","guid":{"rendered":"http:\/\/serveiseducatius.xtec.cat\/baixcamp\/?p=10256"},"modified":"2019-05-28T14:16:40","modified_gmt":"2019-05-28T12:16:40","slug":"les-escoles-verdes-dels-pobles-del-baix-camp-celebren-conjuntament-el-dia-mundial-de-la-fascinacio-de-les-plantes","status":"publish","type":"post","link":"https:\/\/serveiseducatius.xtec.cat\/baixcamp\/portada\/les-escoles-verdes-dels-pobles-del-baix-camp-celebren-conjuntament-el-dia-mundial-de-la-fascinacio-de-les-plantes\/","title":{"rendered":"Les Escoles Verdes dels pobles del Baix Camp celebren conjuntament el Dia Mundial de la Fascinaci\u00f3 de les Plantes"},"content":{"rendered":"<p style=\"text-align: justify;\"><img loading=\"lazy\" decoding=\"async\" class=\"alignleft wp-image-10257\" src=\"https:\/\/serveiseducatius.xtec.cat\/baixcamp\/wp-content\/uploads\/usu950\/2019\/05\/embellim-els-municipis-del-baix-camp.jpg\" alt=\"\" width=\"413\" height=\"582\" srcset=\"https:\/\/serveiseducatius.xtec.cat\/baixcamp\/wp-content\/uploads\/usu950\/2019\/05\/embellim-els-municipis-del-baix-camp.jpg 534w, https:\/\/serveiseducatius.xtec.cat\/baixcamp\/wp-content\/uploads\/usu950\/2019\/05\/embellim-els-municipis-del-baix-camp-213x300.jpg 213w, https:\/\/serveiseducatius.xtec.cat\/baixcamp\/wp-content\/uploads\/usu950\/2019\/05\/embellim-els-municipis-del-baix-camp-425x600.jpg 425w\" sizes=\"auto, (max-width: 413px) 100vw, 413px\" \/>El divendres 17 de maig les <strong>Escoles Verdes del Baix Camp <\/strong>vam realitzar una <strong>acci\u00f3 conjunta<\/strong> <strong>embellint amb plantes els voltants de l\u2019escola i tamb\u00e9 els carrers i places <\/strong>dels municipis de Montbri\u00f3 del Camp, Alforja,\u00a0Mont-roig del Camp, l\u2019Aleixar, Vilaplana, Vinyols i els Arcs, Riudecols, Vilanova\u00a0d\u2019Escornalbou, Duesaig\u00fces, Almoster, i La Selva del Camp.<\/p>\n<p style=\"text-align: justify;\">A partir dels treball realitzat al seminari de coordinaci\u00f3 d\u2019equips de centres de les Escoles Verdes dels pobles de la comarca del Baix Camp, i amb la col\u00b7laboraci\u00f3 i suport de diversos ajuntament i entitats locals, es va celebrar el <strong>VI Dia Internacional de la Fascinaci\u00f3 per les Plantes<\/strong> (dissabte 18 de maig) amb els objectius que els alumnes aprenguessin <strong>la import\u00e0ncia de les\u00a0plantes per a la nostra vida<\/strong>, la import\u00e0ncia de la investigaci\u00f3 i puguessin ampliar el seu coneixement envers les plantes i l\u2019entorn.<\/p>\n<p style=\"text-align: justify;\">Durant els dies previs a l\u2019acci\u00f3 conjunta, totes les classes de l\u2019Escola Verda de cada municipi van tenir cura d\u2019una planta. El <strong>divendres 17 de maig<\/strong> els alumnes van portar a la pla\u00e7a de la vila les plantes que van cuidar i, amb la col\u00b7laboraci\u00f3 dels ve\u00efns, van embellir la pla\u00e7a del seu municipi amb les plantes que tenien a casa.<\/p>\n<p style=\"text-align: justify;\">Dissabte 18 i diumenge 19 de maig van romandre les plantes a la pla\u00e7a de la vila, i tots els que van voler van poder visitar algun altre poble del territori.<\/p>\n<p style=\"text-align: justify;\">Gaudim, coneguem el nostre entorn, i\u00a0<strong>treballem plegats en l\u2019educaci\u00f3 per la sostenibilitat.<\/strong><\/p>\n<h6 style=\"text-align: justify;\"><strong>Not\u00edcies enlla\u00e7ades a les webs de centre<\/strong><\/h6>\n<ul>\n<li style=\"text-align: justify;\"><a href=\"https:\/\/agora.xtec.cat\/escolamontbrio\/portada\/dia-internacional-de-la-fascinacio-per-les-plantes\/\">Dia internacional de la Fascinaci\u00f3 per les Plantes<\/a>, escola Josep M. Soler i Gen\u00e9 de Montbri\u00f3 del Camp<\/li>\n<li style=\"text-align: justify;\"><a href=\"https:\/\/agora.xtec.cat\/escolajosepfuste\/portada\/escoles-verdes\/\">Escoles verdes<\/a>, escola Josep Fust\u00e9 d&#8217;Alforja<\/li>\n<li style=\"text-align: justify;\"><a href=\"https:\/\/agora.xtec.cat\/esc-almoster\/portada\/traiem-les-plantes-al-carrer\/\">Traiem les plantes al carrer<\/a>, escola Ramon Sugra\u00f1es d&#8217;Almoster<\/li>\n<li style=\"text-align: justify;\"><a href=\"https:\/\/agora.xtec.cat\/escola-santacaterina-vinyols\/general\/dia-de-la-fascinacio-per-les-plantes\/\">Dies per la fascinaci\u00f3 per les plantes<\/a>, escola Santa Caterina de Vinyols i els Arcs<\/li>\n<\/ul>\n<p>&nbsp;<\/p>\n<p>&nbsp;<\/p>\n<p>&nbsp;<\/p>\n<p>&nbsp;<\/p>\n","protected":false},"excerpt":{"rendered":"<p>Escoles Verdes del Baix Camp van realitzar, el 17 de maig, una acci\u00f3 conjunta d&#8217;embelliment de l&#8217;entorn proper: escola i municipi.<\/p>\n","protected":false},"author":1,"featured_media":10257,"comment_status":"open","ping_status":"closed","sticky":false,"template":"","format":"standard","meta":{"_bbp_topic_count":0,"_bbp_reply_count":0,"_bbp_total_topic_count":0,"_bbp_total_reply_count":0,"_bbp_voice_count":0,"_bbp_anonymous_reply_count":0,"_bbp_topic_count_hidden":0,"_bbp_reply_count_hidden":0,"_bbp_forum_subforum_count":0,"site-sidebar-layout":"default","site-content-layout":"","ast-site-content-layout":"","site-content-style":"default","site-sidebar-style":"default","ast-global-header-display":"","ast-banner-title-visibility":"","ast-main-header-display":"","ast-hfb-above-header-display":"","ast-hfb-below-header-display":"","ast-hfb-mobile-header-display":"","site-post-title":"","ast-breadcrumbs-content":"","ast-featured-img":"","footer-sml-layout":"","theme-transparent-header-meta":"","adv-header-id-meta":"","stick-header-meta":"","header-above-stick-meta":"","header-main-stick-meta":"","header-below-stick-meta":"","astra-migrate-meta-layouts":"default","ast-page-background-enabled":"default","ast-page-background-meta":{"desktop":{"background-color":"var(--ast-global-color-4)","background-image":"","background-repeat":"repeat","background-position":"center center","background-size":"auto","background-attachment":"scroll","background-type":"","background-media":"","overlay-type":"","overlay-color":"","overlay-opacity":"","overlay-gradient":""},"tablet":{"background-color":"","background-image":"","background-repeat":"repeat","background-position":"center center","background-size":"auto","background-attachment":"scroll","background-type":"","background-media":"","overlay-type":"","overlay-color":"","overlay-opacity":"","overlay-gradient":""},"mobile":{"background-color":"","background-image":"","background-repeat":"repeat","background-position":"center center","background-size":"auto","background-attachment":"scroll","background-type":"","background-media":"","overlay-type":"","overlay-color":"","overlay-opacity":"","overlay-gradient":""}},"ast-content-background-meta":{"desktop":{"background-color":"var(--ast-global-color-5)","background-image":"","background-repeat":"repeat","background-position":"center center","background-size":"auto","background-attachment":"scroll","background-type":"","background-media":"","overlay-type":"","overlay-color":"","overlay-opacity":"","overlay-gradient":""},"tablet":{"background-color":"var(--ast-global-color-5)","background-image":"","background-repeat":"repeat","background-position":"center center","background-size":"auto","background-attachment":"scroll","background-type":"","background-media":"","overlay-type":"","overlay-color":"","overlay-opacity":"","overlay-gradient":""},"mobile":{"background-color":"var(--ast-global-color-5)","background-image":"","background-repeat":"repeat","background-position":"center center","background-size":"auto","background-attachment":"scroll","background-type":"","background-media":"","overlay-type":"","overlay-color":"","overlay-opacity":"","overlay-gradient":""}},"footnotes":""},"categories":[218,29],"tags":[383,273,261],"class_list":["post-10256","post","type-post","status-publish","format-standard","has-post-thumbnail","hentry","category-sostenibilitat","category-portada","tag-curs-2018-19","tag-participacio","tag-sostenibilitat"],"post_mailing_queue_ids":[],"_links":{"self":[{"href":"https:\/\/serveiseducatius.xtec.cat\/baixcamp\/wp-json\/wp\/v2\/posts\/10256","targetHints":{"allow":["GET"]}}],"collection":[{"href":"https:\/\/serveiseducatius.xtec.cat\/baixcamp\/wp-json\/wp\/v2\/posts"}],"about":[{"href":"https:\/\/serveiseducatius.xtec.cat\/baixcamp\/wp-json\/wp\/v2\/types\/post"}],"author":[{"embeddable":true,"href":"https:\/\/serveiseducatius.xtec.cat\/baixcamp\/wp-json\/wp\/v2\/users\/1"}],"replies":[{"embeddable":true,"href":"https:\/\/serveiseducatius.xtec.cat\/baixcamp\/wp-json\/wp\/v2\/comments?post=10256"}],"version-history":[{"count":2,"href":"https:\/\/serveiseducatius.xtec.cat\/baixcamp\/wp-json\/wp\/v2\/posts\/10256\/revisions"}],"predecessor-version":[{"id":10259,"href":"https:\/\/serveiseducatius.xtec.cat\/baixcamp\/wp-json\/wp\/v2\/posts\/10256\/revisions\/10259"}],"wp:featuredmedia":[{"embeddable":true,"href":"https:\/\/serveiseducatius.xtec.cat\/baixcamp\/wp-json\/wp\/v2\/media\/10257"}],"wp:attachment":[{"href":"https:\/\/serveiseducatius.xtec.cat\/baixcamp\/wp-json\/wp\/v2\/media?parent=10256"}],"wp:term":[{"taxonomy":"category","embeddable":true,"href":"https:\/\/serveiseducatius.xtec.cat\/baixcamp\/wp-json\/wp\/v2\/categories?post=10256"},{"taxonomy":"post_tag","embeddable":true,"href":"https:\/\/serveiseducatius.xtec.cat\/baixcamp\/wp-json\/wp\/v2\/tags?post=10256"}],"curies":[{"name":"wp","href":"https:\/\/api.w.org\/{rel}","templated":true}]}}