{"id":33499,"date":"2026-09-03T11:29:21","date_gmt":"2026-09-03T09:29:21","guid":{"rendered":"https:\/\/serveiseducatius.xtec.cat\/bages\/?p=33499"},"modified":"2026-09-03T11:29:21","modified_gmt":"2026-09-03T09:29:21","slug":"pressio-estetica-genere-i-experiencia-juvenil-en-contextos-digitals-cicle-conferencies-siad","status":"publish","type":"post","link":"https:\/\/serveiseducatius.xtec.cat\/bages\/pfz-26-27\/pressio-estetica-genere-i-experiencia-juvenil-en-contextos-digitals-cicle-conferencies-siad\/","title":{"rendered":"Pressi\u00f3 est\u00e8tica, g\u00e8nere i experi\u00e8ncia juvenil en contextos digitals (cicle confer\u00e8ncies SIAD)"},"content":{"rendered":"<figure class=\"wp-block-post-featured-image\"><img loading=\"lazy\" decoding=\"async\" width=\"1200\" height=\"600\" src=\"https:\/\/serveiseducatius.xtec.cat\/bages\/wp-content\/uploads\/usu776\/2025\/12\/32.png\" class=\"attachment-post-thumbnail size-post-thumbnail wp-post-image\" alt=\"\" style=\"object-fit:cover;\" srcset=\"https:\/\/serveiseducatius.xtec.cat\/bages\/wp-content\/uploads\/usu776\/2025\/12\/32.png 1200w, https:\/\/serveiseducatius.xtec.cat\/bages\/wp-content\/uploads\/usu776\/2025\/12\/32-300x150.png 300w, https:\/\/serveiseducatius.xtec.cat\/bages\/wp-content\/uploads\/usu776\/2025\/12\/32-1024x512.png 1024w, https:\/\/serveiseducatius.xtec.cat\/bages\/wp-content\/uploads\/usu776\/2025\/12\/32-768x384.png 768w\" sizes=\"auto, (max-width: 1200px) 100vw, 1200px\" \/><\/figure>\n\n\n<div class=\"wp-block-columns is-layout-flex wp-container-core-columns-is-layout-1 wp-block-columns-is-layout-flex\">\n<div class=\"wp-block-column is-layout-flow wp-block-column-is-layout-flow\" style=\"flex-basis:66.66%\">\n<h2 class=\"wp-block-heading\">B024131B02 Pressi\u00f3 est\u00e8tica, g\u00e8nere i experi\u00e8ncia juvenil en contextos digitals<\/h2>\n<\/div>\n\n\n\n<div class=\"wp-block-column is-layout-flow wp-block-column-is-layout-flow\" style=\"flex-basis:33.33%\">\n<p>Presencial<\/p>\n\n\n\n<p>Lloc: Institut Guillem Cat\u00e0, Manresa<\/p>\n<\/div>\n<\/div>\n\n\n\n<div class=\"wp-block-columns is-layout-flex wp-container-core-columns-is-layout-2 wp-block-columns-is-layout-flex\">\n<div class=\"wp-block-column is-layout-flow wp-block-column-is-layout-flow\">\n<h2 class=\"wp-block-heading has-white-color has-ast-global-color-0-background-color has-text-color has-background has-link-color has-medium-font-size wp-elements-d36c150111db0894f8f6470a4cec59bb\">Descripci\u00f3<\/h2>\n\n\n\n<ul class=\"wp-block-list\">\n<li>Aquest curs abordarem la situaci\u00f3 de la joventut en relaci\u00f3 amb el f\u00edsic, la pressi\u00f3 est\u00e8tica i l&#8217;ampliaci\u00f3 de les cultures digitals que posen la millora f\u00edsica, els discursos d&#8217;optimitzaci\u00f3 personal i la bellesa al centre. Parlarem de looksmaxxing, d&#8217;inseguretats corporals, de la crisi afectiva i de com la reacci\u00f3 conservadora t\u00e9 una base fonamentalment relacional. Finalment, donarem eines per abordar a l&#8217;aula aquests temes mitjan\u00e7ant claus pedag\u00f2giques i exercicis pr\u00e0ctics.<\/li>\n<\/ul>\n<\/div>\n\n\n\n<div class=\"wp-block-column is-layout-flow wp-block-column-is-layout-flow\">\n<h2 class=\"wp-block-heading has-white-color has-ast-global-color-0-background-color has-text-color has-background has-link-color has-medium-font-size wp-elements-9b7213bf0daa31f5676521d2a13a673d\">Objectius i continguts<\/h2>\n\n\n\n<div class=\"wp-block-getwid-toggle has-icon-left\">\n<div class=\"wp-block-getwid-toggle__row\"><div class=\"wp-block-getwid-toggle__header-wrapper\"><span class=\"wp-block-getwid-toggle__header\"><a href=\"#\"><span class=\"wp-block-getwid-toggle__header-title\">Objectius<\/span><span class=\"wp-block-getwid-toggle__icon is-active\"><i class=\"fas fa-plus\"><\/i><\/span><span class=\"wp-block-getwid-toggle__icon is-passive\"><i class=\"fas fa-minus\"><\/i><\/span><\/a><\/span><\/div><div class=\"wp-block-getwid-toggle__content-wrapper\"><div class=\"wp-block-getwid-toggle__content\">\n<p>-Con\u00e8ixer les cultures digitals que posen el cos al centre<\/p>\n\n\n\n<p>Aprendre eines i pautes per introduir aquests elements a l&#8217;aula<\/p>\n\n\n\n<p>Entendre la crisi afectiva i relacional<\/p>\n\n\n\n<p>Comprendre com els discursos de pressi\u00f3 est\u00e8tica estan relacionats amb la reacci\u00f3 conservadora<\/p>\n<\/div><\/div><\/div>\n\n\n\n<div class=\"wp-block-getwid-toggle__row\"><div class=\"wp-block-getwid-toggle__header-wrapper\"><span class=\"wp-block-getwid-toggle__header\"><a href=\"#\"><span class=\"wp-block-getwid-toggle__header-title\">Continguts<\/span><span class=\"wp-block-getwid-toggle__icon is-active\"><i class=\"fas fa-plus\"><\/i><\/span><span class=\"wp-block-getwid-toggle__icon is-passive\"><i class=\"fas fa-minus\"><\/i><\/span><\/a><\/span><\/div><div class=\"wp-block-getwid-toggle__content-wrapper\"><div class=\"wp-block-getwid-toggle__content\">\n<p>Crisi relacional i la centralitat del cos<\/p>\n\n\n\n<p>Looksmaxxing, Get Ready With Me i les modes digitals al voltant del cos<\/p>\n\n\n\n<p>Monetitzaci\u00f3 de les inseguretats a les xarxes socials<\/p>\n\n\n\n<p>Eines i claus per treballar la pressi\u00f3 est\u00e8tica a l&#8217;aula.<\/p>\n<\/div><\/div><\/div>\n<\/div>\n<\/div>\n\n\n\n<div class=\"wp-block-column is-layout-flow wp-container-core-column-is-layout-5 wp-block-column-is-layout-flow\">\n<h2 class=\"wp-block-heading has-white-color has-ast-global-color-1-background-color has-text-color has-background has-link-color has-medium-font-size wp-elements-b393ff936106ae5d275efa05a557ea73\">Durada<\/h2>\n\n\n\n<p>5 hores <\/p>\n\n\n\n<p>Data: 11 i 18 de novembre<\/p>\n\n\n\n<p>Horari de 17:30 a 20:00h<\/p>\n<\/div>\n<\/div>\n\n\n\n<blockquote class=\"wp-block-quote has-text-align-center is-style-large is-layout-flow wp-block-quote-is-layout-flow\">\n<div class=\"wp-block-media-text is-stacked-on-mobile\"><figure class=\"wp-block-media-text__media\"><\/figure><div class=\"wp-block-media-text__content\">\n<p>A c\u00e0rrec de Lionel Delgado i Santiago Guerrero<\/p>\n<\/div><\/div>\n<\/blockquote>\n\n\n\n<hr class=\"wp-block-separator has-css-opacity is-style-default\"\/>\n\n\n\n<div class=\"wp-block-columns is-layout-flex wp-container-core-columns-is-layout-3 wp-block-columns-is-layout-flex\">\n<div class=\"wp-block-column is-layout-flow wp-block-column-is-layout-flow\">\n<figure class=\"wp-block-image size-large is-style-default\"><img loading=\"lazy\" decoding=\"async\" width=\"1024\" height=\"339\" src=\"https:\/\/serveiseducatius.xtec.cat\/bages\/wp-content\/uploads\/usu776\/2026\/06\/torns-pfz-26-27-1024x339.png\" alt=\"\" class=\"wp-image-33199\" srcset=\"https:\/\/serveiseducatius.xtec.cat\/bages\/wp-content\/uploads\/usu776\/2026\/06\/torns-pfz-26-27-1024x339.png 1024w, https:\/\/serveiseducatius.xtec.cat\/bages\/wp-content\/uploads\/usu776\/2026\/06\/torns-pfz-26-27-300x99.png 300w, https:\/\/serveiseducatius.xtec.cat\/bages\/wp-content\/uploads\/usu776\/2026\/06\/torns-pfz-26-27-768x254.png 768w, https:\/\/serveiseducatius.xtec.cat\/bages\/wp-content\/uploads\/usu776\/2026\/06\/torns-pfz-26-27-1536x508.png 1536w, https:\/\/serveiseducatius.xtec.cat\/bages\/wp-content\/uploads\/usu776\/2026\/06\/torns-pfz-26-27.png 1567w\" sizes=\"auto, (max-width: 1024px) 100vw, 1024px\" \/><\/figure>\n<\/div>\n\n\n\n<div class=\"wp-block-column is-layout-flow wp-block-column-is-layout-flow\">\n<div class=\"wp-block-buttons is-horizontal is-content-justification-left is-layout-flex wp-container-core-buttons-is-layout-1 wp-block-buttons-is-layout-flex\">\n<div class=\"wp-block-button\"><a class=\"wp-block-button__link wp-element-button\" href=\"https:\/\/aplicacions.gestioeducativa.gencat.cat\/ords\/pls\/soloas\/inscripcionsnp?codi=B024131B02&amp;curs=2026-2027\" style=\"border-width:13px;border-radius:24px\" target=\"_blank\" rel=\"noreferrer noopener\"><strong>Inscripci\u00f3<\/strong><\/a><\/div>\n<\/div>\n<\/div>\n<\/div>\n","protected":false},"excerpt":{"rendered":"<p>B024131B02 Pressi\u00f3 est\u00e8tica, g\u00e8nere i experi\u00e8ncia juvenil en contextos digitals Presencial Lloc: Institut Guillem Cat\u00e0, Manresa Descripci\u00f3 Objectius i continguts Durada 5 hores Data: 11 i 18 de novembre Horari de 17:30 a 20:00h<\/p>\n","protected":false},"author":1,"featured_media":31711,"comment_status":"closed","ping_status":"open","sticky":false,"template":"","format":"standard","meta":{"_bbp_topic_count":0,"_bbp_reply_count":0,"_bbp_total_topic_count":0,"_bbp_total_reply_count":0,"_bbp_voice_count":0,"_bbp_anonymous_reply_count":0,"_bbp_topic_count_hidden":0,"_bbp_reply_count_hidden":0,"_bbp_forum_subforum_count":0,"site-sidebar-layout":"default","site-content-layout":"","ast-site-content-layout":"default","site-content-style":"default","site-sidebar-style":"default","ast-global-header-display":"","ast-banner-title-visibility":"","ast-main-header-display":"","ast-hfb-above-header-display":"","ast-hfb-below-header-display":"","ast-hfb-mobile-header-display":"","site-post-title":"","ast-breadcrumbs-content":"","ast-featured-img":"","footer-sml-layout":"","theme-transparent-header-meta":"","adv-header-id-meta":"","stick-header-meta":"","header-above-stick-meta":"","header-main-stick-meta":"","header-below-stick-meta":"","astra-migrate-meta-layouts":"set","ast-page-background-enabled":"default","ast-page-background-meta":{"desktop":{"background-color":"var(--ast-global-color-4)","background-image":"","background-repeat":"repeat","background-position":"center center","background-size":"auto","background-attachment":"scroll","background-type":"","background-media":"","overlay-type":"","overlay-color":"","overlay-opacity":"","overlay-gradient":""},"tablet":{"background-color":"","background-image":"","background-repeat":"repeat","background-position":"center center","background-size":"auto","background-attachment":"scroll","background-type":"","background-media":"","overlay-type":"","overlay-color":"","overlay-opacity":"","overlay-gradient":""},"mobile":{"background-color":"","background-image":"","background-repeat":"repeat","background-position":"center center","background-size":"auto","background-attachment":"scroll","background-type":"","background-media":"","overlay-type":"","overlay-color":"","overlay-opacity":"","overlay-gradient":""}},"ast-content-background-meta":{"desktop":{"background-color":"var(--ast-global-color-5)","background-image":"","background-repeat":"repeat","background-position":"center center","background-size":"auto","background-attachment":"scroll","background-type":"","background-media":"","overlay-type":"","overlay-color":"","overlay-opacity":"","overlay-gradient":""},"tablet":{"background-color":"var(--ast-global-color-5)","background-image":"","background-repeat":"repeat","background-position":"center center","background-size":"auto","background-attachment":"scroll","background-type":"","background-media":"","overlay-type":"","overlay-color":"","overlay-opacity":"","overlay-gradient":""},"mobile":{"background-color":"var(--ast-global-color-5)","background-image":"","background-repeat":"repeat","background-position":"center center","background-size":"auto","background-attachment":"scroll","background-type":"","background-media":"","overlay-type":"","overlay-color":"","overlay-opacity":"","overlay-gradient":""}},"footnotes":""},"categories":[913],"tags":[],"class_list":["post-33499","post","type-post","status-publish","format-standard","has-post-thumbnail","hentry","category-pfz-26-27"],"post_mailing_queue_ids":[],"_links":{"self":[{"href":"https:\/\/serveiseducatius.xtec.cat\/bages\/wp-json\/wp\/v2\/posts\/33499","targetHints":{"allow":["GET"]}}],"collection":[{"href":"https:\/\/serveiseducatius.xtec.cat\/bages\/wp-json\/wp\/v2\/posts"}],"about":[{"href":"https:\/\/serveiseducatius.xtec.cat\/bages\/wp-json\/wp\/v2\/types\/post"}],"author":[{"embeddable":true,"href":"https:\/\/serveiseducatius.xtec.cat\/bages\/wp-json\/wp\/v2\/users\/1"}],"replies":[{"embeddable":true,"href":"https:\/\/serveiseducatius.xtec.cat\/bages\/wp-json\/wp\/v2\/comments?post=33499"}],"version-history":[{"count":2,"href":"https:\/\/serveiseducatius.xtec.cat\/bages\/wp-json\/wp\/v2\/posts\/33499\/revisions"}],"predecessor-version":[{"id":33501,"href":"https:\/\/serveiseducatius.xtec.cat\/bages\/wp-json\/wp\/v2\/posts\/33499\/revisions\/33501"}],"wp:featuredmedia":[{"embeddable":true,"href":"https:\/\/serveiseducatius.xtec.cat\/bages\/wp-json\/wp\/v2\/media\/31711"}],"wp:attachment":[{"href":"https:\/\/serveiseducatius.xtec.cat\/bages\/wp-json\/wp\/v2\/media?parent=33499"}],"wp:term":[{"taxonomy":"category","embeddable":true,"href":"https:\/\/serveiseducatius.xtec.cat\/bages\/wp-json\/wp\/v2\/categories?post=33499"},{"taxonomy":"post_tag","embeddable":true,"href":"https:\/\/serveiseducatius.xtec.cat\/bages\/wp-json\/wp\/v2\/tags?post=33499"}],"curies":[{"name":"wp","href":"https:\/\/api.w.org\/{rel}","templated":true}]}}