{"id":29308,"date":"2025-06-26T12:24:58","date_gmt":"2025-06-26T10:24:58","guid":{"rendered":"https:\/\/serveiseducatius.xtec.cat\/bages\/?p=29308"},"modified":"2026-04-27T08:47:55","modified_gmt":"2026-04-27T06:47:55","slug":"249-rodant-per-la-igualtat-educacio-infantil-i-cicle-inicial","status":"publish","type":"post","link":"https:\/\/serveiseducatius.xtec.cat\/bages\/categoria-maletes\/maletesprimaria\/249-rodant-per-la-igualtat-educacio-infantil-i-cicle-inicial\/","title":{"rendered":"249 Rodant per la igualtat: Educaci\u00f3 Infantil i Cicle inicial"},"content":{"rendered":"<figure class=\"wp-block-post-featured-image\"><img loading=\"lazy\" decoding=\"async\" width=\"1200\" height=\"600\" src=\"https:\/\/serveiseducatius.xtec.cat\/bages\/wp-content\/uploads\/usu776\/2025\/06\/imatge-destcada-maletes-2.png\" class=\"attachment-post-thumbnail size-post-thumbnail wp-post-image\" alt=\"\" style=\"object-fit:cover;\" srcset=\"https:\/\/serveiseducatius.xtec.cat\/bages\/wp-content\/uploads\/usu776\/2025\/06\/imatge-destcada-maletes-2.png 1200w, https:\/\/serveiseducatius.xtec.cat\/bages\/wp-content\/uploads\/usu776\/2025\/06\/imatge-destcada-maletes-2-300x150.png 300w, https:\/\/serveiseducatius.xtec.cat\/bages\/wp-content\/uploads\/usu776\/2025\/06\/imatge-destcada-maletes-2-1024x512.png 1024w, https:\/\/serveiseducatius.xtec.cat\/bages\/wp-content\/uploads\/usu776\/2025\/06\/imatge-destcada-maletes-2-768x384.png 768w\" sizes=\"auto, (max-width: 1200px) 100vw, 1200px\" \/><\/figure>\n\n\n<h2 class=\"wp-block-heading\" style=\"font-size:30px\">Maleta pedag\u00f2gica<\/h2>\n\n\n\n<p>Maleta pedag\u00f2gica amb una selecci\u00f3 de contes per educar en la igualtat i trencar estereotips de g\u00e8nere. Ofereix recursos per treballar la coeducaci\u00f3, el tracte no sexista i la diversitat afectiva, familiar i sexual. Els contes estan classificats per tem\u00e0tiques i identificats amb gomets de colors i n\u00fameros. Tamb\u00e9 inclou una guia did\u00e0ctica: <em>El poder socialitzador dels contes<\/em>, que ajuda a triar i utilitzar els contes a l\u2019aula de manera reflexiva.<\/p>\n\n\n\n<hr class=\"wp-block-separator has-alpha-channel-opacity\"\/>\n\n\n\n<p>Inclou 33 contes coeducatius classificats per tem\u00e0tiques, cadascun amb el seu gomet identificador. \u00c9s un recurs \u00fatil per fomentar la igualtat i promoure valors inclusius des de la literatura infantil.<\/p>\n\n\n\n<p>Aquestes maletes han estat elaborada pel SIAD  de Manresa i per l\u2019\u00c0rea de Serveis Socials B\u00e0sics, Dones i Pol\u00edtiques d\u2019Igualtat del Consell Comarcal del Bages conjuntament amb el CRP del Bages.<\/p>\n\n\n\n<div class=\"wp-block-getwid-tabs\" data-active-tab=\"0\"><ul class=\"wp-block-getwid-tabs__nav-links\"><\/ul>\n<div class=\"wp-block-getwid-tabs__nav-link\"><span class=\"wp-block-getwid-tabs__title-wrapper\"><a href=\"#\"><span class=\"wp-block-getwid-tabs__title\">CONTINGUT DE LA MALETA<\/span><\/a><\/span><\/div><div class=\"wp-block-getwid-tabs__tab-content-wrapper\"><div class=\"wp-block-getwid-tabs__tab-content\">\n<p>Una maleta amb rodes de 60x40cm (equipatge de m\u00e0)<\/p>\n\n\n\n<p><a href=\"https:\/\/drive.google.com\/file\/d\/1Sok8LvVEj_dp7OjGLrBT8WNAWiaaKLwi\/view?usp=sharing\">Contingut de la maleta&nbsp; 249<\/a><\/p>\n\n\n\n<p><a href=\"https:\/\/drive.google.com\/file\/d\/1GR1cL2bhgh7XobtNFs3_nbzW4Xlb7yvU\/view?usp=sharing\">Contingut de la maleta 251<\/a><\/p>\n\n\n\n<p>Dossier did\u00e0ctic:&nbsp;<a href=\"https:\/\/drive.google.com\/file\/d\/1UjSR6a2FXVq_UFqFqDczVNvX0jHFChtd\/view?usp=sharing\">Guia per triar quins contes expliquem \u201cEl poder socialitzador dels contes\u201d<\/a><\/p>\n<\/div><\/div>\n\n\n\n<div class=\"wp-block-getwid-tabs__nav-link\"><span class=\"wp-block-getwid-tabs__title-wrapper\"><a href=\"#\"><span class=\"wp-block-getwid-tabs__title\">A QUI S&#8217;ADRE\u00c7A<\/span><\/a><\/span><\/div><div class=\"wp-block-getwid-tabs__tab-content-wrapper\"><div class=\"wp-block-getwid-tabs__tab-content\">\n<p>INFANTIL<\/p>\n\n\n\n<p>CICLE INICIAL<\/p>\n<\/div><\/div>\n\n\n\n<div class=\"wp-block-getwid-tabs__nav-link\"><span class=\"wp-block-getwid-tabs__title-wrapper\"><a href=\"#\"><span class=\"wp-block-getwid-tabs__title\">A M\u00c9S A M\u00c9S<\/span><\/a><\/span><\/div><div class=\"wp-block-getwid-tabs__tab-content-wrapper\"><div class=\"wp-block-getwid-tabs__tab-content\">\n<p><\/p>\n<\/div><\/div>\n<\/div>\n\n\n\n<hr class=\"wp-block-separator has-text-color has-vivid-red-color has-alpha-channel-opacity has-vivid-red-background-color has-background\"\/>\n\n\n\n<div class=\"wp-block-buttons\">\n  <div class=\"wp-block-button has-custom-width wp-block-button__width-100 has-custom-font-size has-medium-font-size\" style=\"width: 100%;\">\n    <a \n      class=\"wp-block-button__link wp-element-button\" \n      style=\"display: block; text-align: center; width: 100%;\" \n      href=\"#\" \n      onclick=\"window.open('https:\/\/script.google.com\/macros\/s\/AKfycbwBZTb_565StbvtyXANGepOajsO-cokafiZD7SeUVe-cWeRFnsIJGF3VwGMQbZvl-DL\/exec?codi=249&#038;nom=Rodant%20per%20la%20igualtat%3A%20Educaci%C3%B3%20Infantil%20i%20Cicle%20inicial', 'popup', 'width=800,height=700'); return false;\">\n      RESERVA-LA\n    <\/a>\n  <\/div>\n<\/div>\n\n\n\n<details class=\"wp-block-details has-ast-global-color-2-color has-text-color has-background has-link-color wp-elements-2fa00b2f97fb451e93ae12fdeddc07ca is-layout-flow wp-block-details-is-layout-flow\" style=\"border-style:none;border-width:0px;background-color:#f8d5d0;font-size:14px;font-style:italic;font-weight:400\"><summary>NORMES D&#8217;\u00daS DEL SERVEI DE PR\u00c9STEC<\/summary>\n<p>El CRP del Bages comprova les maletes pedag\u00f2giques despr\u00e9s de cada RETORN, i per tant s&#8217;entreguen amb tots els elements en perfecte estat.<\/p>\n\n\n\n<p>Un cop feta la sol\u00b7licitud, heu d&#8217;esperar al correu electr\u00f2nic de confirmaci\u00f3 de la reserva per venir a recollir el material<\/p>\n\n\n\n<p>\u00b7 Cal respectar les dates marcades tant de recollida com de retorn. En el cas que no la vingueu a RECOLLIR o RETORNAR, ens posarem en contacte tant amb  l&#8217;usuari com amb el centre per comunicar-vos aquest fet i acordar una nova data si s&#8217;escau.<\/p>\n\n\n\n<p>\u00b7 \u00c9s responsabilitat de l\u2019usuari i en segon terme del centre assegurar-se del correcte funcionament del recurs i de revisar-ne el llistat d\u2019elements que cont\u00e9, tant abans d\u2019utilitzar-lo com pr\u00e8viament al seu retorn. <\/p>\n\n\n\n<p>\u00b7 Tant l&#8217;usuari com el centre han d&#8217;informar de qualsevol incid\u00e8ncia que afecti el material com m\u00e9s aviat millor.<\/p>\n\n\n\n<p>\u00b7 Un cop ens heu RETORNAT la maleta, el CRP del Bages en revisa el contingut exhaustivament aix\u00ed com l&#8217;estat dels materials.<\/p>\n\n\n\n<p>\u00b7 En cas de p\u00e8rdua, deteriorament o mal \u00fas dels materials de la maleta ens posem en contacte tant amb l&#8217;USUARI com amb el CENTRE EDUCATIU. L&#8217;USUARI \u00e9s el primer responsable i, per tant, haur\u00e0 de fer la reposici\u00f3 dels materials deteriorats o extraviats.<\/p>\n<\/details>\n","protected":false},"excerpt":{"rendered":"<p>Maleta pedag\u00f2gica Maleta pedag\u00f2gica amb una selecci\u00f3 de contes per educar en la igualtat i trencar estereotips de g\u00e8nere. Ofereix recursos per treballar la coeducaci\u00f3, el tracte no sexista i la diversitat afectiva, familiar i sexual. Els contes estan classificats per tem\u00e0tiques i identificats amb gomets de colors i n\u00fameros. Tamb\u00e9 inclou una guia did\u00e0ctica: [&hellip;]<\/p>\n","protected":false},"author":1,"featured_media":29309,"comment_status":"closed","ping_status":"open","sticky":false,"template":"","format":"standard","meta":{"_bbp_topic_count":0,"_bbp_reply_count":0,"_bbp_total_topic_count":0,"_bbp_total_reply_count":0,"_bbp_voice_count":0,"_bbp_anonymous_reply_count":0,"_bbp_topic_count_hidden":0,"_bbp_reply_count_hidden":0,"_bbp_forum_subforum_count":0,"site-sidebar-layout":"no-sidebar","site-content-layout":"","ast-site-content-layout":"normal-width-container","site-content-style":"default","site-sidebar-style":"default","ast-global-header-display":"","ast-banner-title-visibility":"","ast-main-header-display":"","ast-hfb-above-header-display":"","ast-hfb-below-header-display":"","ast-hfb-mobile-header-display":"","site-post-title":"","ast-breadcrumbs-content":"","ast-featured-img":"","footer-sml-layout":"","theme-transparent-header-meta":"","adv-header-id-meta":"","stick-header-meta":"","header-above-stick-meta":"","header-main-stick-meta":"","header-below-stick-meta":"","astra-migrate-meta-layouts":"set","ast-page-background-enabled":"default","ast-page-background-meta":{"desktop":{"background-color":"var(--ast-global-color-4)","background-image":"","background-repeat":"repeat","background-position":"center center","background-size":"auto","background-attachment":"scroll","background-type":"","background-media":"","overlay-type":"","overlay-color":"","overlay-opacity":"","overlay-gradient":""},"tablet":{"background-color":"","background-image":"","background-repeat":"repeat","background-position":"center center","background-size":"auto","background-attachment":"scroll","background-type":"","background-media":"","overlay-type":"","overlay-color":"","overlay-opacity":"","overlay-gradient":""},"mobile":{"background-color":"","background-image":"","background-repeat":"repeat","background-position":"center center","background-size":"auto","background-attachment":"scroll","background-type":"","background-media":"","overlay-type":"","overlay-color":"","overlay-opacity":"","overlay-gradient":""}},"ast-content-background-meta":{"desktop":{"background-color":"var(--ast-global-color-5)","background-image":"","background-repeat":"repeat","background-position":"center center","background-size":"auto","background-attachment":"scroll","background-type":"","background-media":"","overlay-type":"","overlay-color":"","overlay-opacity":"","overlay-gradient":""},"tablet":{"background-color":"var(--ast-global-color-5)","background-image":"","background-repeat":"repeat","background-position":"center center","background-size":"auto","background-attachment":"scroll","background-type":"","background-media":"","overlay-type":"","overlay-color":"","overlay-opacity":"","overlay-gradient":""},"mobile":{"background-color":"var(--ast-global-color-5)","background-image":"","background-repeat":"repeat","background-position":"center center","background-size":"auto","background-attachment":"scroll","background-type":"","background-media":"","overlay-type":"","overlay-color":"","overlay-opacity":"","overlay-gradient":""}},"footnotes":""},"categories":[853,849,848],"tags":[838,826,815],"class_list":["post-29308","post","type-post","status-publish","format-standard","has-post-thumbnail","hentry","category-maletescicleinicial","category-maletesinfantil","category-maletesprimaria","tag-linguisticiliterarimaleta","tag-maletacicleinicial","tag-maletainfantil"],"post_mailing_queue_ids":[],"_links":{"self":[{"href":"https:\/\/serveiseducatius.xtec.cat\/bages\/wp-json\/wp\/v2\/posts\/29308","targetHints":{"allow":["GET"]}}],"collection":[{"href":"https:\/\/serveiseducatius.xtec.cat\/bages\/wp-json\/wp\/v2\/posts"}],"about":[{"href":"https:\/\/serveiseducatius.xtec.cat\/bages\/wp-json\/wp\/v2\/types\/post"}],"author":[{"embeddable":true,"href":"https:\/\/serveiseducatius.xtec.cat\/bages\/wp-json\/wp\/v2\/users\/1"}],"replies":[{"embeddable":true,"href":"https:\/\/serveiseducatius.xtec.cat\/bages\/wp-json\/wp\/v2\/comments?post=29308"}],"version-history":[{"count":6,"href":"https:\/\/serveiseducatius.xtec.cat\/bages\/wp-json\/wp\/v2\/posts\/29308\/revisions"}],"predecessor-version":[{"id":32892,"href":"https:\/\/serveiseducatius.xtec.cat\/bages\/wp-json\/wp\/v2\/posts\/29308\/revisions\/32892"}],"wp:featuredmedia":[{"embeddable":true,"href":"https:\/\/serveiseducatius.xtec.cat\/bages\/wp-json\/wp\/v2\/media\/29309"}],"wp:attachment":[{"href":"https:\/\/serveiseducatius.xtec.cat\/bages\/wp-json\/wp\/v2\/media?parent=29308"}],"wp:term":[{"taxonomy":"category","embeddable":true,"href":"https:\/\/serveiseducatius.xtec.cat\/bages\/wp-json\/wp\/v2\/categories?post=29308"},{"taxonomy":"post_tag","embeddable":true,"href":"https:\/\/serveiseducatius.xtec.cat\/bages\/wp-json\/wp\/v2\/tags?post=29308"}],"curies":[{"name":"wp","href":"https:\/\/api.w.org\/{rel}","templated":true}]}}