{"id":24905,"date":"2024-11-05T13:09:04","date_gmt":"2024-11-05T12:09:04","guid":{"rendered":"https:\/\/serveiseducatius.xtec.cat\/bages\/?p=24905"},"modified":"2025-03-19T08:53:18","modified_gmt":"2025-03-19T07:53:18","slug":"xxi-certamen-de-lectura-en-veu-alta","status":"publish","type":"post","link":"https:\/\/serveiseducatius.xtec.cat\/bages\/portada\/xxi-certamen-de-lectura-en-veu-alta\/","title":{"rendered":"XXI Certamen de Lectura en Veu Alta"},"content":{"rendered":"<div class=\"fusion-text fusion-text-9\">\n<h6>\u00a0<\/h6>\n<h6 class=\"fusion-title-heading title-heading-center\"><strong><span style=\"color: #3366ff;\"><img loading=\"lazy\" decoding=\"async\" class=\"size-full wp-image-24779 aligncenter\" src=\"https:\/\/serveiseducatius.xtec.cat\/bages\/wp-content\/uploads\/usu776\/2024\/10\/logo-veualta_2-1.png\" alt=\"\" width=\"256\" height=\"60\" \/><\/span><\/strong><\/h6>\n<h6>\u00a0<\/h6>\n<p class=\"fusion-title-heading title-heading-center\"><strong><span style=\"color: #00ccff;\">Veu<\/span><span style=\"color: #000000;\">alta<\/span><\/strong><span style=\"color: #000000;\">\u00a0e\u0301s un projecte del Grup Enciclope\u0300dia que te\u0301 la missio\u0301 de promoure la literatura i la llengua per mitja\u0300 de la lectura compartida en veu alta.<\/span><\/p>\n<p><span style=\"color: #000000;\">Enguany el Certamen de Lectura en Veu Alta celebra la seva XXI edici\u00f3.<\/span><\/p>\n<p><span style=\"color: #000000;\">Els centres interessats en participar van poder realitzar les inscripcions\u00a0 durant tot el mes d&#8217;octubre fins el 31 d\u2019octubre de 2024.<\/span><\/p>\n<p><span style=\"color: #000000;\">En aquest\u00a0<a href=\"https:\/\/www.lecturaenveualta.cat\/certamen-de-lectura-en-veu-alta-escolar\/llibres\/\" target=\"_blank\" rel=\"noopener\">enlla\u00e7<\/a>\u00a0podeu veure els llibres per a la fase\u00a0<strong>Semifinal<\/strong>.<\/span><br \/><span style=\"color: #000000;\">Tots s\u00f3n en l\u2019edici\u00f3 escolar, per tant us preguem que us fixeu en l\u2019AEN i la col\u00b7lecci\u00f3.<\/span><\/p>\n<p><span style=\"color: #000000;\">Per a la fase<strong> Final territorial<\/strong>, el llibre \u00e9s de lliure elecci\u00f3: el professorat tria el llibre que considera m\u00e9s adient.<\/span><\/p>\n<p>Si voleu disposar de m\u00e9s informaci\u00f3 sobre com treballar la lectura i parlar del certamen amb l&#8217;alumnat podeu clicar en aquest <a href=\"https:\/\/www.lecturaenveualta.cat\/divulgacio-i-recursos\/\" target=\"_blank\" rel=\"noopener\">altre enlla\u00e7\u00a0<\/a><\/p>\n<\/div>\n<p><span style=\"color: #000000;\">XXI Edici\u00f3 del CLVA<\/span><\/p>\n<p><span style=\"color: #000000;\">Aquest curs les semifinals dels centres del Bages- Moian\u00e8s tindran lloc\u00a0 els dies <strong>11 i 12 de mar\u00e7 de 2025\u00a0<\/strong> a les <strong>10h<\/strong>\u00a0del\u00a0<strong>mat\u00ed,<\/strong>\u00a0a l\u2019<strong>Auditori del Convent de<\/strong>\u00a0<strong>Sant Francesc\u00a0 a Santpedor <\/strong><a href=\"https:\/\/www.google.es\/maps\/place\/Auditori+i+centre+cultural+Convent+de+Sant+Francesc\/@41.781254,1.8378454,17z\/data=!3m2!4b1!5s0x12a4f87c98774f55:0xe6c1292cedc48b75!4m6!3m5!1s0x12a4f87c986f3a4d:0x9e08941372bd7a13!8m2!3d41.78125!4d1.8404203!16s%2Fg%2F11c5fz5xfs?hl=es&amp;entry=ttu&amp;g_ep=EgoyMDI0MTEwNi4wIKXMDSoASAFQAw%3D%3D\" target=\"_blank\" rel=\"noopener\">(ubicaci\u00f3)<\/a><\/span><\/p>\n<h5 style=\"text-align: left;\">Centres participants.<\/h5>\n<table style=\"width: 82.1054%; height: 614px;\">\n<tbody>\n<tr style=\"height: 32px;\">\n<td style=\"height: 32px; width: 52.2822%;\"><b>Semifinal 1<\/b><\/td>\n<td style=\"height: 614px; width: 1.38313%;\" rowspan=\"19\">\u00a0<\/td>\n<td style=\"height: 32px; width: 45.2282%;\"><b>Semifinal\u00a0 2<\/b><\/td>\n<\/tr>\n<tr style=\"height: 32px;\">\n<td style=\"height: 32px; width: 52.2822%;\"><span style=\"font-weight: 400;\"><span style=\"font-weight: 400;\">Esc. <\/span><\/span>Les Bases (Manresa)<\/td>\n<td style=\"width: 45.2282%; height: 32px;\"><span style=\"font-weight: 400;\">Esc. Joncadella (Sant Joan de Vilatorrada)<\/span><\/td>\n<\/tr>\n<tr style=\"height: 32px;\">\n<td style=\"height: 32px; width: 52.2822%;\"><span style=\"font-weight: 400;\">Esc. Alta Segarra (Calaf)<\/span><\/td>\n<td style=\"height: 32px; width: 45.2282%;\"><span style=\"font-weight: 400;\">Esc L\u2019Espill (Manresa)<\/span><\/td>\n<\/tr>\n<tr style=\"height: 32px;\">\n<td style=\"height: 32px; width: 52.2822%;\"><span style=\"font-weight: 400;\">Esc. La Serreta (Santpedor)<\/span><\/td>\n<td style=\"height: 32px; width: 45.2282%;\"><span style=\"font-weight: 400;\">Vedruna Sallent (Sallent)<\/span><\/td>\n<\/tr>\n<tr style=\"height: 33px;\">\n<td style=\"width: 52.2822%; height: 33px;\"><span style=\"font-weight: 400;\">Esc. Sant Pere (Monistrol de Montserrat)<\/span><\/td>\n<td style=\"height: 33px; width: 45.2282%;\"><span style=\"font-weight: 400;\">Esc Els Pins (Cabrianes)<\/span><\/td>\n<\/tr>\n<tr style=\"height: 32px;\">\n<td style=\"height: 32px; width: 52.2822%;\"><span style=\"font-weight: 400;\">Vedruna Sant Josep Nav\u00e0s (Nav\u00e0s)<\/span><\/td>\n<td style=\"height: 32px; width: 45.2282%;\"><span style=\"font-weight: 400;\">C. Oms i de Prat (Manresa)<\/span><\/td>\n<\/tr>\n<tr style=\"height: 32px;\">\n<td style=\"height: 32px; width: 52.2822%;\"><span style=\"font-weight: 400;\">FEDAC S\u00faria (S\u00faria) <\/span><\/td>\n<td style=\"width: 45.2282%; height: 32px;\"><span style=\"font-weight: 400;\">Esc. Ametllers (Sant Joan de Vilatorrada)<\/span><\/td>\n<\/tr>\n<tr style=\"height: 33px;\">\n<td style=\"width: 52.2822%; height: 33px;\"><span style=\"font-weight: 400;\">Esc. La Renaixen\u00e7a (Manresa)<\/span><\/td>\n<td style=\"width: 45.2282%; height: 33px;\"><span style=\"font-weight: 400;\">FEDAC Manresa (Manresa)<\/span><\/td>\n<\/tr>\n<tr style=\"height: 32px;\">\n<td style=\"height: 32px; width: 52.2822%;\"><span style=\"font-weight: 400;\">IE- Sant Jordi (Nav\u00e0s)<\/span><\/td>\n<td style=\"height: 32px; width: 45.2282%;\"><span style=\"font-weight: 400;\">Esc. Flama (Sant Fruit\u00f3s de Bages)<\/span><\/td>\n<\/tr>\n<tr style=\"height: 32px;\">\n<td style=\"height: 32px; width: 52.2822%;\"><span style=\"font-weight: 400;\">IE- Castellter\u00e7ol (Castellter\u00e7ol)<\/span><\/td>\n<td style=\"width: 45.2282%; height: 32px;\"><span style=\"font-weight: 400;\">Escolania de Montserrat (Monistrol de Montserrat)<\/span><\/td>\n<\/tr>\n<tr style=\"height: 32px;\">\n<td style=\"height: 32px; width: 52.2822%;\"><span style=\"font-weight: 400;\">IE- Pompeu Fabra (El Pont de Vilomara)<\/span><\/td>\n<td style=\"width: 45.2282%; height: 32px;\"><span style=\"font-weight: 400;\">IE \u2013 Manresa (Manresa)<\/span><\/td>\n<\/tr>\n<tr style=\"height: 32px;\">\n<td style=\"height: 32px; width: 52.2822%;\"><span style=\"font-weight: 400;\">IE- Barnola (Aviny\u00f3)<\/span><\/td>\n<td style=\"width: 45.2282%; height: 32px;\"><span style=\"font-weight: 400;\">Esc. Llissach (Santpedor)<\/span><\/td>\n<\/tr>\n<tr style=\"height: 32px;\">\n<td style=\"height: 32px; width: 52.2822%;\"><span style=\"font-weight: 400;\">C. L\u2019Ave Maria (Manresa)<\/span><\/td>\n<td style=\"height: 32px; width: 45.2282%;\"><span style=\"font-weight: 400;\">Esc. Vedruna Art\u00e9s (Art\u00e9s) <\/span><\/td>\n<\/tr>\n<tr style=\"height: 33px;\">\n<td style=\"width: 52.2822%; height: 33px;\"><span style=\"font-weight: 400;\">Esc. PAIDOS (Sant Fruit\u00f3s de Bages)<\/span><\/td>\n<td style=\"height: 33px; width: 45.2282%;\"><span style=\"font-weight: 400;\">Vedruna EDN Nav\u00e0s (Nav\u00e0s)<\/span><\/td>\n<\/tr>\n<tr style=\"height: 32px;\">\n<td style=\"height: 32px; width: 52.2822%;\"><span style=\"font-weight: 400;\">FEDAC Sant Vicen\u00e7 (Sant Vicen\u00e7 de Castellet)<\/span><\/td>\n<td style=\"width: 45.2282%; height: 32px;\"><span style=\"font-weight: 400;\">Esc. La Salle (Manresa)<\/span><\/td>\n<\/tr>\n<tr style=\"height: 32px;\">\n<td style=\"height: 32px; width: 52.2822%;\"><span style=\"font-weight: 400;\">INS Sant Ramon (Cardona)<\/span><\/td>\n<td style=\"width: 45.2282%; height: 32px;\"><span style=\"font-weight: 400;\">INS Alexandre de Riquer (Calaf)<\/span><\/td>\n<\/tr>\n<tr style=\"height: 33px;\">\n<td style=\"width: 52.2822%; height: 33px;\"><span style=\"font-weight: 400;\">INS Cal Gravat (Manresa)<\/span><\/td>\n<td style=\"width: 45.2282%; height: 33px;\"><span style=\"font-weight: 400;\">INS Llobregat (Sallent)<\/span><\/td>\n<\/tr>\n<tr style=\"height: 33px;\">\n<td style=\"width: 52.2822%; height: 33px;\"><span style=\"font-weight: 400;\">\u00a0Vedruna Manresa (Manresa)<\/span><\/td>\n<td style=\"width: 45.2282%; height: 33px;\"><span style=\"font-weight: 400;\">INS Gerbert d\u2019Aurillac (Sant Fruit\u00f3s de Bages)<\/span><\/td>\n<\/tr>\n<tr style=\"height: 33px;\">\n<td style=\"width: 52.2822%; height: 33px;\"><span style=\"font-weight: 400;\">\u00a0<\/span><\/td>\n<td style=\"width: 45.2282%; height: 33px;\"><span style=\"font-weight: 400;\">INS Lacet\u00e0nia (Manresa)<\/span><\/td>\n<\/tr>\n<\/tbody>\n<\/table>\n<h4><span style=\"font-weight: 400;\">Nombre de participants, distribu\u00efts en categories:<\/span><\/h4>\n<table style=\"width: 100%; height: 92px;\">\n<tbody>\n<tr style=\"height: 46px;\">\n<td style=\"height: 46px;\"><span style=\"font-weight: 400;\">SEMIFINALS<\/span><\/td>\n<td style=\"height: 46px;\"><span style=\"color: #ff0000;\"><b>Grumets<\/b><b><br \/><\/b><b>Vermells<\/b><\/span><\/td>\n<td style=\"text-align: center; height: 46px;\"><span style=\"color: #339966;\"><b>Grumets<\/b><b><br \/><\/b><b>Verds<\/b><\/span><\/td>\n<td style=\"height: 46px;\"><span style=\"color: #ff6600;\"><b>Timoners<\/b><\/span><\/td>\n<td style=\"height: 46px;\"><b>Corsaris<\/b><\/td>\n<td style=\"text-align: center; height: 46px;\"><span style=\"color: #525287;\"><b>Tropa de<\/b><b><br \/><\/b><b>Corsaris<\/b><\/span><\/td>\n<\/tr>\n<tr style=\"height: 23px;\">\n<td style=\"text-align: center; height: 23px;\">1<\/td>\n<td style=\"text-align: center; height: 23px;\"><strong>13<\/strong><\/td>\n<td style=\"text-align: center; height: 23px;\"><strong>13<\/strong><\/td>\n<td style=\"text-align: center; height: 23px;\"><strong>6<\/strong><\/td>\n<td style=\"text-align: center; height: 23px;\"><strong>7<\/strong><\/td>\n<td style=\"height: 23px;\"><span style=\"font-weight: 400;\">8 grups x 3 alumnes: <strong>24<\/strong><\/span><\/td>\n<\/tr>\n<tr style=\"height: 23px;\">\n<td style=\"text-align: center; height: 23px;\">2<\/td>\n<td style=\"text-align: center; height: 23px;\"><strong>11<\/strong><\/td>\n<td style=\"text-align: center; height: 23px;\"><strong>10<\/strong><\/td>\n<td style=\"text-align: center; height: 23px;\"><strong>4<\/strong><\/td>\n<td style=\"text-align: center; height: 23px;\"><strong>10<\/strong><\/td>\n<td style=\"height: 23px;\"><span style=\"font-weight: 400;\">7 grups x 3 alumnes: <strong>21<\/strong><\/span><\/td>\n<\/tr>\n<\/tbody>\n<\/table>\n\n\n<h2 class=\"wp-block-heading\">Centres educatius que participaran a la final territorial <\/h2>\n\n\n\n<h2 class=\"wp-block-heading\">el 13 de maig a Cal Sitges d&#8217;Art\u00e9s<\/h2>\n\n\n\n<figure class=\"wp-block-table\"><table><tbody><tr><td><strong>Finalistes<\/strong> <br><\/td><td><mark style=\"background-color:rgba(0, 0, 0, 0)\" class=\"has-inline-color has-ast-global-color-1-color\"><strong>Grumets<\/strong><br><strong>Vermells<\/strong><\/mark><\/td><td><mark style=\"background-color:rgba(0, 0, 0, 0);color:#53bd26\" class=\"has-inline-color\"><strong>Grumets<\/strong><br><strong>Verds<\/strong><\/mark><\/td><td><strong><mark style=\"background-color:rgba(0, 0, 0, 0);color:#f29b10\" class=\"has-inline-color\">Timoners<\/mark><\/strong><\/td><td><strong>Corsaris<\/strong><\/td><td><mark style=\"background-color:rgba(0, 0, 0, 0);color:#7d5a9f\" class=\"has-inline-color\"><strong>Tropa<\/strong><br><strong> de<\/strong><br><strong>Corsaris<\/strong><\/mark><\/td><\/tr><tr><td>Semifinal 1 <\/td><td>FEDAC S\u00faria<br>(S\u00faria)<\/td><td>La Serreta <br>(Santpedor)<\/td><td>Esc Les Bases<br>(Manresa)<\/td><td>FEDAC Sant Vicen\u00e7<br>(Sant Vicen\u00e7 de Castellet)<\/td><td>IE Pompeu Fabra<br>(El Pont de Vilomara)<\/td><\/tr><tr><td>Semifinal 2<\/td><td>Esc. Flama<br>(Sant Fruit\u00f3s de Bages)<\/td><td>Escolania de Montserrat<br>(Monistrol de Montserrat)<br><\/td><td>Col. Oms i de Prat<br>(Manresa)<\/td><td>Esc. Vedruna Art\u00e9s<br>(Art\u00e9s)<\/td><td>IE Manresa<br>(Manresa)<\/td><\/tr><\/tbody><\/table><\/figure>\n","protected":false},"excerpt":{"rendered":"<p>\u00a0 \u00a0 Veualta\u00a0e\u0301s un projecte del Grup Enciclope\u0300dia que te\u0301 la missio\u0301 de promoure la literatura i la llengua per mitja\u0300 de la lectura compartida en veu alta. Enguany el Certamen de Lectura en Veu Alta celebra la seva XXI edici\u00f3. Els centres interessats en participar van poder realitzar les inscripcions\u00a0 durant tot el mes [&hellip;]<\/p>\n","protected":false},"author":1,"featured_media":0,"comment_status":"closed","ping_status":"closed","sticky":false,"template":"","format":"standard","meta":{"_bbp_topic_count":0,"_bbp_reply_count":0,"_bbp_total_topic_count":0,"_bbp_total_reply_count":0,"_bbp_voice_count":0,"_bbp_anonymous_reply_count":0,"_bbp_topic_count_hidden":0,"_bbp_reply_count_hidden":0,"_bbp_forum_subforum_count":0,"site-sidebar-layout":"default","site-content-layout":"","ast-site-content-layout":"default","site-content-style":"default","site-sidebar-style":"default","ast-global-header-display":"","ast-banner-title-visibility":"","ast-main-header-display":"","ast-hfb-above-header-display":"","ast-hfb-below-header-display":"","ast-hfb-mobile-header-display":"","site-post-title":"","ast-breadcrumbs-content":"","ast-featured-img":"","footer-sml-layout":"","theme-transparent-header-meta":"","adv-header-id-meta":"","stick-header-meta":"","header-above-stick-meta":"","header-main-stick-meta":"","header-below-stick-meta":"","astra-migrate-meta-layouts":"set","ast-page-background-enabled":"default","ast-page-background-meta":{"desktop":{"background-color":"var(--ast-global-color-4)","background-image":"","background-repeat":"repeat","background-position":"center center","background-size":"auto","background-attachment":"scroll","background-type":"","background-media":"","overlay-type":"","overlay-color":"","overlay-opacity":"","overlay-gradient":""},"tablet":{"background-color":"","background-image":"","background-repeat":"repeat","background-position":"center center","background-size":"auto","background-attachment":"scroll","background-type":"","background-media":"","overlay-type":"","overlay-color":"","overlay-opacity":"","overlay-gradient":""},"mobile":{"background-color":"","background-image":"","background-repeat":"repeat","background-position":"center center","background-size":"auto","background-attachment":"scroll","background-type":"","background-media":"","overlay-type":"","overlay-color":"","overlay-opacity":"","overlay-gradient":""}},"ast-content-background-meta":{"desktop":{"background-color":"var(--ast-global-color-5)","background-image":"","background-repeat":"repeat","background-position":"center center","background-size":"auto","background-attachment":"scroll","background-type":"","background-media":"","overlay-type":"","overlay-color":"","overlay-opacity":"","overlay-gradient":""},"tablet":{"background-color":"var(--ast-global-color-5)","background-image":"","background-repeat":"repeat","background-position":"center center","background-size":"auto","background-attachment":"scroll","background-type":"","background-media":"","overlay-type":"","overlay-color":"","overlay-opacity":"","overlay-gradient":""},"mobile":{"background-color":"var(--ast-global-color-5)","background-image":"","background-repeat":"repeat","background-position":"center center","background-size":"auto","background-attachment":"scroll","background-type":"","background-media":"","overlay-type":"","overlay-color":"","overlay-opacity":"","overlay-gradient":""}},"footnotes":""},"categories":[72,29],"tags":[],"class_list":["post-24905","post","type-post","status-publish","format-standard","hentry","category-lectura-en-veu-alta","category-portada"],"post_mailing_queue_ids":[],"_links":{"self":[{"href":"https:\/\/serveiseducatius.xtec.cat\/bages\/wp-json\/wp\/v2\/posts\/24905","targetHints":{"allow":["GET"]}}],"collection":[{"href":"https:\/\/serveiseducatius.xtec.cat\/bages\/wp-json\/wp\/v2\/posts"}],"about":[{"href":"https:\/\/serveiseducatius.xtec.cat\/bages\/wp-json\/wp\/v2\/types\/post"}],"author":[{"embeddable":true,"href":"https:\/\/serveiseducatius.xtec.cat\/bages\/wp-json\/wp\/v2\/users\/1"}],"replies":[{"embeddable":true,"href":"https:\/\/serveiseducatius.xtec.cat\/bages\/wp-json\/wp\/v2\/comments?post=24905"}],"version-history":[{"count":5,"href":"https:\/\/serveiseducatius.xtec.cat\/bages\/wp-json\/wp\/v2\/posts\/24905\/revisions"}],"predecessor-version":[{"id":27825,"href":"https:\/\/serveiseducatius.xtec.cat\/bages\/wp-json\/wp\/v2\/posts\/24905\/revisions\/27825"}],"wp:attachment":[{"href":"https:\/\/serveiseducatius.xtec.cat\/bages\/wp-json\/wp\/v2\/media?parent=24905"}],"wp:term":[{"taxonomy":"category","embeddable":true,"href":"https:\/\/serveiseducatius.xtec.cat\/bages\/wp-json\/wp\/v2\/categories?post=24905"},{"taxonomy":"post_tag","embeddable":true,"href":"https:\/\/serveiseducatius.xtec.cat\/bages\/wp-json\/wp\/v2\/tags?post=24905"}],"curies":[{"name":"wp","href":"https:\/\/api.w.org\/{rel}","templated":true}]}}