{"id":24890,"date":"2024-11-05T10:43:47","date_gmt":"2024-11-05T09:43:47","guid":{"rendered":"https:\/\/serveiseducatius.xtec.cat\/bages\/?p=24890"},"modified":"2026-01-30T10:47:47","modified_gmt":"2026-01-30T09:47:47","slug":"9a-jornada-de-geologia-de-la-catalunya-central","status":"publish","type":"post","link":"https:\/\/serveiseducatius.xtec.cat\/bages\/portada\/9a-jornada-de-geologia-de-la-catalunya-central\/","title":{"rendered":"9a Jornada de geologia de la Catalunya Central"},"content":{"rendered":"<p>El proper divendres dia<b> 22 de novembre, de 16:30 a 19:30<\/b>, tindr\u00e0 lloc la<span style=\"font-weight: 400;\"><strong> 9a<\/strong> <strong>Jornada de geologia de la Catalunya Central <\/strong>a c\u00e0rrec de David Parcerisa, Ferran Climent i l&#8217;equip de La culla.<\/span><\/p>\n<p>Est\u00e0 adre\u00e7ada a mestres i professorat dels nivells d&#8217;ESO i Batxillerat i t\u00e9 els seg\u00fcents objectius:<\/p>\n<ul>\n<li style=\"list-style-type: none;\">\n<ul>\n<li style=\"font-weight: 400;\" aria-level=\"1\"><span style=\"font-weight: 400;\">Informar sobre les <\/span><b>Olimp\u00edades de Geologia de Catalunya 2025.<\/b><\/li>\n<li style=\"font-weight: 400;\" aria-level=\"1\"><span style=\"font-weight: 400;\">Presentar l\u2019activitat <\/span><b>\u201cSostenibilitat dels recursos minerals i geologia urbana<\/b><span style=\"font-weight: 400;\">\u201d<\/span><b>. <\/b><span style=\"font-weight: 400;\">A c\u00e0rrec de David Parcerisa, doctor en geologia i professor de la Universitat Polit\u00e8cnica de Catalunya al campus de Manresa.<\/span><\/li>\n<li style=\"font-weight: 400;\" aria-level=\"1\"><span style=\"font-weight: 400;\">Presentar el <\/span><b>taller de f\u00f2ssils<\/b><span style=\"font-weight: 400;\"> relacionat amb itineraris geol\u00f2gics de la comarca. A c\u00e0rrec de l\u2019equip de la Culla format pel Camp d\u2019Aprenentatge del Bages i el Consorci del Bages per a la gesti\u00f3 de residus.<\/span><\/li>\n<li style=\"font-weight: 400;\" aria-level=\"1\"><span style=\"font-weight: 400;\">Presentar el <\/span><b>bloc 3. Pensament cr\u00edtic del taller dels materials geol\u00f2gics i les seves aplicacions.<\/b><span style=\"font-weight: 400;\"> A c\u00e0rrec de l\u2019equip de la Culla. <\/span><i><span style=\"font-weight: 400;\">Aquest material el podreu demanar en pr\u00e9stec.\u00a0<\/span><\/i><\/li>\n<li style=\"font-weight: 400;\" aria-level=\"1\"><span style=\"font-weight: 400;\">Oferir en pr\u00e9stec les <\/span><b>Maletes de les Olimp\u00edades de Geologia<\/b><span style=\"font-weight: 400;\">, amb mostres de minerals, roques i f\u00f2ssils per preparar la part pr\u00e0ctica d\u2019identificaci\u00f3 de les Olimp\u00edades.\u00a0 <\/span><i><span style=\"font-weight: 400;\">(Tamb\u00e9 el podreu demanar en pr\u00e9stec encara que no participeu en les Olimp\u00edades).<\/span><\/i><\/li>\n<\/ul>\n<\/li>\n<\/ul>\n<h5 style=\"text-align: center;\"><b>M\u00e0xim 30 places. Us podeu inscriure al <\/b><a href=\"https:\/\/aplicacions.gestioeducativa.gencat.cat\/ords\/pls\/soloas\/pk_for_mod_ins.p_for_detall_activitat?p_header=Llista%20d%27activitats%5Epk_for_mod_ins.p_for_cons_activitats?p_crp=B02%26p_any=2024-2025%26p_totes=S%26p_inici=1%26p_excloure_crp_rec=T&amp;p_codi=B024091B02&amp;p_curs=2024-2025&amp;p_excloure_crp_rec=T\"><b>seg\u00fcent enlla\u00e7 d&#8217;inscripci\u00f3.<\/b><\/a><\/h5>\n<pre style=\"text-align: center;\"><span style=\"font-weight: 400;\">Organitza: <a href=\"https:\/\/www.geoparc.cat\/socol\/educacio-i-recerca\/#activitatsdidactiques\" target=\"_blank\" rel=\"noopener\">Geoparc Mundial UNESCO de la Catalunya Central<\/a> i el <a href=\"https:\/\/serveiseducatius.xtec.cat\/cda-bages\/\" target=\"_blank\" rel=\"noopener\">Camp d\u2019Aprenentatge del Bages<\/a>.<\/span><\/pre>\n","protected":false},"excerpt":{"rendered":"<p>El proper divendres dia 22 de novembre, de 16:30 a 19:30, tindr\u00e0 lloc la 9a Jornada de geologia de la Catalunya Central a c\u00e0rrec de David Parcerisa, Ferran Climent i l&#8217;equip de La culla. Est\u00e0 adre\u00e7ada a mestres i professorat dels nivells d&#8217;ESO i Batxillerat i t\u00e9 els seg\u00fcents objectius: Informar sobre les Olimp\u00edades de [&hellip;]<\/p>\n","protected":false},"author":1,"featured_media":24925,"comment_status":"closed","ping_status":"closed","sticky":false,"template":"","format":"standard","meta":{"_bbp_topic_count":0,"_bbp_reply_count":0,"_bbp_total_topic_count":0,"_bbp_total_reply_count":0,"_bbp_voice_count":0,"_bbp_anonymous_reply_count":0,"_bbp_topic_count_hidden":0,"_bbp_reply_count_hidden":0,"_bbp_forum_subforum_count":0,"site-sidebar-layout":"default","site-content-layout":"","ast-site-content-layout":"","site-content-style":"default","site-sidebar-style":"default","ast-global-header-display":"","ast-banner-title-visibility":"","ast-main-header-display":"","ast-hfb-above-header-display":"","ast-hfb-below-header-display":"","ast-hfb-mobile-header-display":"","site-post-title":"","ast-breadcrumbs-content":"","ast-featured-img":"","footer-sml-layout":"","theme-transparent-header-meta":"","adv-header-id-meta":"","stick-header-meta":"","header-above-stick-meta":"","header-main-stick-meta":"","header-below-stick-meta":"","astra-migrate-meta-layouts":"default","ast-page-background-enabled":"default","ast-page-background-meta":{"desktop":{"background-color":"var(--ast-global-color-4)","background-image":"","background-repeat":"repeat","background-position":"center center","background-size":"auto","background-attachment":"scroll","background-type":"","background-media":"","overlay-type":"","overlay-color":"","overlay-opacity":"","overlay-gradient":""},"tablet":{"background-color":"","background-image":"","background-repeat":"repeat","background-position":"center center","background-size":"auto","background-attachment":"scroll","background-type":"","background-media":"","overlay-type":"","overlay-color":"","overlay-opacity":"","overlay-gradient":""},"mobile":{"background-color":"","background-image":"","background-repeat":"repeat","background-position":"center center","background-size":"auto","background-attachment":"scroll","background-type":"","background-media":"","overlay-type":"","overlay-color":"","overlay-opacity":"","overlay-gradient":""}},"ast-content-background-meta":{"desktop":{"background-color":"var(--ast-global-color-5)","background-image":"","background-repeat":"repeat","background-position":"center center","background-size":"auto","background-attachment":"scroll","background-type":"","background-media":"","overlay-type":"","overlay-color":"","overlay-opacity":"","overlay-gradient":""},"tablet":{"background-color":"var(--ast-global-color-5)","background-image":"","background-repeat":"repeat","background-position":"center center","background-size":"auto","background-attachment":"scroll","background-type":"","background-media":"","overlay-type":"","overlay-color":"","overlay-opacity":"","overlay-gradient":""},"mobile":{"background-color":"var(--ast-global-color-5)","background-image":"","background-repeat":"repeat","background-position":"center center","background-size":"auto","background-attachment":"scroll","background-type":"","background-media":"","overlay-type":"","overlay-color":"","overlay-opacity":"","overlay-gradient":""}},"footnotes":""},"categories":[29],"tags":[],"class_list":["post-24890","post","type-post","status-publish","format-standard","has-post-thumbnail","hentry","category-portada"],"post_mailing_queue_ids":[],"_links":{"self":[{"href":"https:\/\/serveiseducatius.xtec.cat\/bages\/wp-json\/wp\/v2\/posts\/24890","targetHints":{"allow":["GET"]}}],"collection":[{"href":"https:\/\/serveiseducatius.xtec.cat\/bages\/wp-json\/wp\/v2\/posts"}],"about":[{"href":"https:\/\/serveiseducatius.xtec.cat\/bages\/wp-json\/wp\/v2\/types\/post"}],"author":[{"embeddable":true,"href":"https:\/\/serveiseducatius.xtec.cat\/bages\/wp-json\/wp\/v2\/users\/1"}],"replies":[{"embeddable":true,"href":"https:\/\/serveiseducatius.xtec.cat\/bages\/wp-json\/wp\/v2\/comments?post=24890"}],"version-history":[{"count":4,"href":"https:\/\/serveiseducatius.xtec.cat\/bages\/wp-json\/wp\/v2\/posts\/24890\/revisions"}],"predecessor-version":[{"id":24899,"href":"https:\/\/serveiseducatius.xtec.cat\/bages\/wp-json\/wp\/v2\/posts\/24890\/revisions\/24899"}],"wp:featuredmedia":[{"embeddable":true,"href":"https:\/\/serveiseducatius.xtec.cat\/bages\/wp-json\/wp\/v2\/media\/24925"}],"wp:attachment":[{"href":"https:\/\/serveiseducatius.xtec.cat\/bages\/wp-json\/wp\/v2\/media?parent=24890"}],"wp:term":[{"taxonomy":"category","embeddable":true,"href":"https:\/\/serveiseducatius.xtec.cat\/bages\/wp-json\/wp\/v2\/categories?post=24890"},{"taxonomy":"post_tag","embeddable":true,"href":"https:\/\/serveiseducatius.xtec.cat\/bages\/wp-json\/wp\/v2\/tags?post=24890"}],"curies":[{"name":"wp","href":"https:\/\/api.w.org\/{rel}","templated":true}]}}