{"id":9939,"date":"2018-10-23T12:45:53","date_gmt":"2018-10-23T10:45:53","guid":{"rendered":"http:\/\/serveiseducatius.xtec.cat\/badalona\/?p=9939"},"modified":"2018-10-24T12:40:36","modified_gmt":"2018-10-24T10:40:36","slug":"inici-del-cicle-de-conferencies-anar-a-mar-25-doctubre-a-les-19-hores","status":"publish","type":"post","link":"https:\/\/serveiseducatius.xtec.cat\/badalona\/portada\/inici-del-cicle-de-conferencies-anar-a-mar-25-doctubre-a-les-19-hores\/","title":{"rendered":"Inici del cicle de confer\u00e8ncies Anar a mar. 25 d&#8217;octubre a les 19 hores."},"content":{"rendered":"<p><strong><img loading=\"lazy\" decoding=\"async\" class=\"wp-image-9940 size-medium alignleft\" src=\"https:\/\/serveiseducatius.xtec.cat\/badalona\/wp-content\/uploads\/usu1088\/2018\/10\/Poster1_AnarMar_2018-29-212x300.jpg\" alt=\"\" width=\"212\" height=\"300\" srcset=\"https:\/\/serveiseducatius.xtec.cat\/badalona\/wp-content\/uploads\/usu1088\/2018\/10\/Poster1_AnarMar_2018-29-212x300.jpg 212w, https:\/\/serveiseducatius.xtec.cat\/badalona\/wp-content\/uploads\/usu1088\/2018\/10\/Poster1_AnarMar_2018-29-768x1086.jpg 768w, https:\/\/serveiseducatius.xtec.cat\/badalona\/wp-content\/uploads\/usu1088\/2018\/10\/Poster1_AnarMar_2018-29-724x1024.jpg 724w, https:\/\/serveiseducatius.xtec.cat\/badalona\/wp-content\/uploads\/usu1088\/2018\/10\/Poster1_AnarMar_2018-29.jpg 1754w\" sizes=\"auto, (max-width: 212px) 100vw, 212px\" \/><\/strong><\/p>\n<p><strong>Inici del cicle de confer\u00e8ncies ANAR A MAR<\/strong><\/p>\n<p><strong>Dijous, 25 d&#8217;octubre de 2018, a les 19.00h<\/strong><\/p>\n<p><strong>EL NOU ZOO DE BARCELONA. ESTRAT\u00c8GIES AMB ESP\u00c8CIES MARINES<\/strong><\/p>\n<p>Arriba la quarta edici\u00f3 del cicle de confer\u00e8ncies Anar A Mar, unes jornades impulsades per l\u2019Escola del Mar, Centre d\u2019Estudis Marins de Badalona i Marina de Badalona SA. En aquestes, especialistes de diferents disciplines abordaran temes d\u2019actualitat o d\u2019investigaci\u00f3 vinculats amb el mar, per apropar la comunitat cient\u00edfica als ciutadans i ciutadanes i obrir un espai de coneixement i de debat a l\u2019entorn del mar. Tamb\u00e9 persegueix apropar tothom mental i f\u00edsicament al mar en els mesos de tardor i hivern, per superar la marcada estacionalitat i la concentraci\u00f3 de l\u2019\u00fas del litoral durant la temporada de bany. Ser\u00e0 el director del Zoo de Barcelona, Antoni Alarc\u00f3n, qui donar\u00e0 inici al cicle el dijous 25 d\u2019octubre a les 19h al Port de Badalona, amb una confer\u00e8ncia entorn el zoo i la conservaci\u00f3, investigaci\u00f3, educaci\u00f3 i recuperaci\u00f3 ambiental del riu Bes\u00f2s i el litoral.<\/p>\n<p>M\u00e9s informaci\u00f3: <a href=\"https:\/\/serveiseducatius.xtec.cat\/badalona\/wp-content\/uploads\/usu1088\/2018\/10\/cicle_conferencies_ANAR_A_MAR_2018_2019.pdf\">cicle_conferencies_ANAR_A_MAR_2018_2019<\/a><\/p>\n","protected":false},"excerpt":{"rendered":"<p>Inici del cicle de confer\u00e8ncies ANAR A MAR Dijous, 25 d&#8217;octubre de 2018, a les 19.00h EL NOU ZOO DE [&hellip;]<\/p>\n","protected":false},"author":1,"featured_media":9940,"comment_status":"closed","ping_status":"closed","sticky":false,"template":"","format":"standard","meta":{"_bbp_topic_count":0,"_bbp_reply_count":0,"_bbp_total_topic_count":0,"_bbp_total_reply_count":0,"_bbp_voice_count":0,"_bbp_anonymous_reply_count":0,"_bbp_topic_count_hidden":0,"_bbp_reply_count_hidden":0,"_bbp_forum_subforum_count":0,"site-sidebar-layout":"default","site-content-layout":"","ast-site-content-layout":"","site-content-style":"default","site-sidebar-style":"default","ast-global-header-display":"","ast-banner-title-visibility":"","ast-main-header-display":"","ast-hfb-above-header-display":"","ast-hfb-below-header-display":"","ast-hfb-mobile-header-display":"","site-post-title":"","ast-breadcrumbs-content":"","ast-featured-img":"","footer-sml-layout":"","theme-transparent-header-meta":"","adv-header-id-meta":"","stick-header-meta":"","header-above-stick-meta":"","header-main-stick-meta":"","header-below-stick-meta":"","astra-migrate-meta-layouts":"default","ast-page-background-enabled":"default","ast-page-background-meta":{"desktop":{"background-color":"var(--ast-global-color-4)","background-image":"","background-repeat":"repeat","background-position":"center center","background-size":"auto","background-attachment":"scroll","background-type":"","background-media":"","overlay-type":"","overlay-color":"","overlay-opacity":"","overlay-gradient":""},"tablet":{"background-color":"","background-image":"","background-repeat":"repeat","background-position":"center center","background-size":"auto","background-attachment":"scroll","background-type":"","background-media":"","overlay-type":"","overlay-color":"","overlay-opacity":"","overlay-gradient":""},"mobile":{"background-color":"","background-image":"","background-repeat":"repeat","background-position":"center center","background-size":"auto","background-attachment":"scroll","background-type":"","background-media":"","overlay-type":"","overlay-color":"","overlay-opacity":"","overlay-gradient":""}},"ast-content-background-meta":{"desktop":{"background-color":"var(--ast-global-color-5)","background-image":"","background-repeat":"repeat","background-position":"center center","background-size":"auto","background-attachment":"scroll","background-type":"","background-media":"","overlay-type":"","overlay-color":"","overlay-opacity":"","overlay-gradient":""},"tablet":{"background-color":"var(--ast-global-color-5)","background-image":"","background-repeat":"repeat","background-position":"center center","background-size":"auto","background-attachment":"scroll","background-type":"","background-media":"","overlay-type":"","overlay-color":"","overlay-opacity":"","overlay-gradient":""},"mobile":{"background-color":"var(--ast-global-color-5)","background-image":"","background-repeat":"repeat","background-position":"center center","background-size":"auto","background-attachment":"scroll","background-type":"","background-media":"","overlay-type":"","overlay-color":"","overlay-opacity":"","overlay-gradient":""}},"footnotes":""},"categories":[64,165,29,76],"tags":[1018,325,264,837],"class_list":["post-9939","post","type-post","status-publish","format-standard","has-post-thumbnail","hentry","category-comunitat","category-formacio","category-portada","category-recursos","tag-anar-a-mar","tag-conferencies","tag-escola-del-mar","tag-port-de-badalona"],"post_mailing_queue_ids":[],"_links":{"self":[{"href":"https:\/\/serveiseducatius.xtec.cat\/badalona\/wp-json\/wp\/v2\/posts\/9939","targetHints":{"allow":["GET"]}}],"collection":[{"href":"https:\/\/serveiseducatius.xtec.cat\/badalona\/wp-json\/wp\/v2\/posts"}],"about":[{"href":"https:\/\/serveiseducatius.xtec.cat\/badalona\/wp-json\/wp\/v2\/types\/post"}],"author":[{"embeddable":true,"href":"https:\/\/serveiseducatius.xtec.cat\/badalona\/wp-json\/wp\/v2\/users\/1"}],"replies":[{"embeddable":true,"href":"https:\/\/serveiseducatius.xtec.cat\/badalona\/wp-json\/wp\/v2\/comments?post=9939"}],"version-history":[{"count":2,"href":"https:\/\/serveiseducatius.xtec.cat\/badalona\/wp-json\/wp\/v2\/posts\/9939\/revisions"}],"predecessor-version":[{"id":9958,"href":"https:\/\/serveiseducatius.xtec.cat\/badalona\/wp-json\/wp\/v2\/posts\/9939\/revisions\/9958"}],"wp:featuredmedia":[{"embeddable":true,"href":"https:\/\/serveiseducatius.xtec.cat\/badalona\/wp-json\/wp\/v2\/media\/9940"}],"wp:attachment":[{"href":"https:\/\/serveiseducatius.xtec.cat\/badalona\/wp-json\/wp\/v2\/media?parent=9939"}],"wp:term":[{"taxonomy":"category","embeddable":true,"href":"https:\/\/serveiseducatius.xtec.cat\/badalona\/wp-json\/wp\/v2\/categories?post=9939"},{"taxonomy":"post_tag","embeddable":true,"href":"https:\/\/serveiseducatius.xtec.cat\/badalona\/wp-json\/wp\/v2\/tags?post=9939"}],"curies":[{"name":"wp","href":"https:\/\/api.w.org\/{rel}","templated":true}]}}