{"id":9721,"date":"2018-09-25T09:32:12","date_gmt":"2018-09-25T07:32:12","guid":{"rendered":"http:\/\/serveiseducatius.xtec.cat\/badalona\/?p=9721"},"modified":"2018-09-25T16:46:29","modified_gmt":"2018-09-25T14:46:29","slug":"les-entitats-socials-de-badalona-i-latencio-a-les-persones","status":"publish","type":"post","link":"https:\/\/serveiseducatius.xtec.cat\/badalona\/general\/les-entitats-socials-de-badalona-i-latencio-a-les-persones\/","title":{"rendered":"Les entitats socials de Badalona i l&#8217;atenci\u00f3 a les persones"},"content":{"rendered":"<p><span style=\"font-family: verdana, geneva, sans-serif; font-size: 10pt;\"><img loading=\"lazy\" decoding=\"async\" class=\"alignleft  wp-image-9723\" src=\"http:\/\/serveiseducatius.xtec.cat\/badalona\/wp-content\/uploads\/usu1088\/2018\/09\/entitats.png\" alt=\"\" width=\"393\" height=\"554\" srcset=\"https:\/\/serveiseducatius.xtec.cat\/badalona\/wp-content\/uploads\/usu1088\/2018\/09\/entitats.png 618w, https:\/\/serveiseducatius.xtec.cat\/badalona\/wp-content\/uploads\/usu1088\/2018\/09\/entitats-213x300.png 213w\" sizes=\"auto, (max-width: 393px) 100vw, 393px\" \/>Diverses entitats socials \u00a0del territori us conviden a debatre sobre l&#8217;atenci\u00f3 a les persones m\u00e9s vulnerables de la nostra ciutat. Ser\u00e0 el proper\u00a0<b>dimecres 26 a les 18\u201930 al Centre Cultural El Carme<\/b>\u00a0(C\/Francesc Layret).<\/span><\/p>\n<p><span style=\"font-family: verdana, geneva, sans-serif; font-size: 10pt;\">L&#8217;acte l&#8217;organitzen la <a href=\"https:\/\/www.fundaciosalutalta.org\/\" target=\"_blank\" rel=\"noopener\"><strong>Fund. Salut Alta<\/strong><\/a> i la Fund. Acollida i Esperan\u00e7a, i s&#8217;hi sumen 10\u00a0entitats\u00a0m\u00e9s del territori vinculades a la Fund. Roca i Pi (entre elles <a href=\"https:\/\/rotllana.cat\/\" target=\"_blank\" rel=\"noopener\"><strong>La Rotllana<\/strong><\/a>).\u00a0<\/span><\/p>\n<p><span style=\"font-family: verdana, geneva, sans-serif; font-size: 10pt;\">S&#8217;hi presentaran dades fruit del treball de reflexi\u00f3 que ja fa un temps que vam iniciar algunes\u00a0entitats\u00a0de la ciutat\u00a0amb suport de la Fundaci\u00f3 Roca i Pi, i vol ser un punt de trobada i d\u2019empenta entre les diferents\u00a0entitats\u00a0que treballem en l\u2019atenci\u00f3 a les persones m\u00e9s vulnerables i la resta de la poblaci\u00f3. A la segona part de l&#8217;acte, l&#8217;Alfred Vernis, professor d&#8217;ESADE, ens far\u00e0 una xerrada interpeladora sobre aspectes que ens poden ajudar a decidir cap a on tirar com a ciutat.\u00a0<\/span><\/p>\n<p><span style=\"font-family: verdana, geneva, sans-serif; font-size: 10pt;\"><strong>Penso que \u00e9s una oportunitat per qui vulgui con\u00e8ixer qu\u00e8 es mou a nivell social a la ciutat i perqu\u00e8 l&#8217;Administraci\u00f3 prengui consci\u00e8ncia que calen pol\u00edtiques socials \u00e0mplies i atrevides i pressupostos m\u00e9s elevats.\u00a0<\/strong><\/span><\/p>\n<p><a href=\"https:\/\/drive.google.com\/file\/d\/0B5PkpVPlPO7tLTB4SGJVQ1d1Y0pEZUZ2a2s5THgzQnJJWWZn\/view?usp=sharing\" target=\"_blank\" rel=\"noopener\"><span style=\"color: #ff0000;\"><strong><span style=\"font-family: verdana, geneva, sans-serif; font-size: 10pt;\">DESCARREGA&#8217;T EL CARTELL EN PDF<\/span><\/strong><\/span><\/a><\/p>\n","protected":false},"excerpt":{"rendered":"<p>Diverses entitats socials \u00a0del territori us conviden a debatre sobre l&#8217;atenci\u00f3 a les persones m\u00e9s vulnerables de la nostra ciutat. [&hellip;]<\/p>\n","protected":false},"author":9,"featured_media":9723,"comment_status":"closed","ping_status":"closed","sticky":false,"template":"","format":"standard","meta":{"_bbp_topic_count":0,"_bbp_reply_count":0,"_bbp_total_topic_count":0,"_bbp_total_reply_count":0,"_bbp_voice_count":0,"_bbp_anonymous_reply_count":0,"_bbp_topic_count_hidden":0,"_bbp_reply_count_hidden":0,"_bbp_forum_subforum_count":0,"site-sidebar-layout":"default","site-content-layout":"","ast-site-content-layout":"","site-content-style":"default","site-sidebar-style":"default","ast-global-header-display":"","ast-banner-title-visibility":"","ast-main-header-display":"","ast-hfb-above-header-display":"","ast-hfb-below-header-display":"","ast-hfb-mobile-header-display":"","site-post-title":"","ast-breadcrumbs-content":"","ast-featured-img":"","footer-sml-layout":"","theme-transparent-header-meta":"","adv-header-id-meta":"","stick-header-meta":"","header-above-stick-meta":"","header-main-stick-meta":"","header-below-stick-meta":"","astra-migrate-meta-layouts":"default","ast-page-background-enabled":"default","ast-page-background-meta":{"desktop":{"background-color":"var(--ast-global-color-4)","background-image":"","background-repeat":"repeat","background-position":"center center","background-size":"auto","background-attachment":"scroll","background-type":"","background-media":"","overlay-type":"","overlay-color":"","overlay-opacity":"","overlay-gradient":""},"tablet":{"background-color":"","background-image":"","background-repeat":"repeat","background-position":"center center","background-size":"auto","background-attachment":"scroll","background-type":"","background-media":"","overlay-type":"","overlay-color":"","overlay-opacity":"","overlay-gradient":""},"mobile":{"background-color":"","background-image":"","background-repeat":"repeat","background-position":"center center","background-size":"auto","background-attachment":"scroll","background-type":"","background-media":"","overlay-type":"","overlay-color":"","overlay-opacity":"","overlay-gradient":""}},"ast-content-background-meta":{"desktop":{"background-color":"var(--ast-global-color-5)","background-image":"","background-repeat":"repeat","background-position":"center center","background-size":"auto","background-attachment":"scroll","background-type":"","background-media":"","overlay-type":"","overlay-color":"","overlay-opacity":"","overlay-gradient":""},"tablet":{"background-color":"var(--ast-global-color-5)","background-image":"","background-repeat":"repeat","background-position":"center center","background-size":"auto","background-attachment":"scroll","background-type":"","background-media":"","overlay-type":"","overlay-color":"","overlay-opacity":"","overlay-gradient":""},"mobile":{"background-color":"var(--ast-global-color-5)","background-image":"","background-repeat":"repeat","background-position":"center center","background-size":"auto","background-attachment":"scroll","background-type":"","background-media":"","overlay-type":"","overlay-color":"","overlay-opacity":"","overlay-gradient":""}},"footnotes":""},"categories":[64,254,1,75,29],"tags":[997,167,995,996],"class_list":["post-9721","post","type-post","status-publish","format-standard","has-post-thumbnail","hentry","category-comunitat","category-full-informatiu","category-general","category-pee","category-portada","tag-atencio-a-les-persones","tag-badalona","tag-entitats-socials","tag-poitiques-socials"],"post_mailing_queue_ids":[],"_links":{"self":[{"href":"https:\/\/serveiseducatius.xtec.cat\/badalona\/wp-json\/wp\/v2\/posts\/9721","targetHints":{"allow":["GET"]}}],"collection":[{"href":"https:\/\/serveiseducatius.xtec.cat\/badalona\/wp-json\/wp\/v2\/posts"}],"about":[{"href":"https:\/\/serveiseducatius.xtec.cat\/badalona\/wp-json\/wp\/v2\/types\/post"}],"author":[{"embeddable":true,"href":"https:\/\/serveiseducatius.xtec.cat\/badalona\/wp-json\/wp\/v2\/users\/9"}],"replies":[{"embeddable":true,"href":"https:\/\/serveiseducatius.xtec.cat\/badalona\/wp-json\/wp\/v2\/comments?post=9721"}],"version-history":[{"count":3,"href":"https:\/\/serveiseducatius.xtec.cat\/badalona\/wp-json\/wp\/v2\/posts\/9721\/revisions"}],"predecessor-version":[{"id":9726,"href":"https:\/\/serveiseducatius.xtec.cat\/badalona\/wp-json\/wp\/v2\/posts\/9721\/revisions\/9726"}],"wp:featuredmedia":[{"embeddable":true,"href":"https:\/\/serveiseducatius.xtec.cat\/badalona\/wp-json\/wp\/v2\/media\/9723"}],"wp:attachment":[{"href":"https:\/\/serveiseducatius.xtec.cat\/badalona\/wp-json\/wp\/v2\/media?parent=9721"}],"wp:term":[{"taxonomy":"category","embeddable":true,"href":"https:\/\/serveiseducatius.xtec.cat\/badalona\/wp-json\/wp\/v2\/categories?post=9721"},{"taxonomy":"post_tag","embeddable":true,"href":"https:\/\/serveiseducatius.xtec.cat\/badalona\/wp-json\/wp\/v2\/tags?post=9721"}],"curies":[{"name":"wp","href":"https:\/\/api.w.org\/{rel}","templated":true}]}}