{"id":9649,"date":"2018-09-14T08:38:15","date_gmt":"2018-09-14T06:38:15","guid":{"rendered":"http:\/\/serveiseducatius.xtec.cat\/badalona\/?p=9649"},"modified":"2018-09-14T08:38:15","modified_gmt":"2018-09-14T06:38:15","slug":"com-tha-anat-avui-lescola-conferencia-debat-el-02-10-18-a-les-18-h-al-palau-robert","status":"publish","type":"post","link":"https:\/\/serveiseducatius.xtec.cat\/badalona\/portada\/com-tha-anat-avui-lescola-conferencia-debat-el-02-10-18-a-les-18-h-al-palau-robert\/","title":{"rendered":"Com t\u2019ha anat avui l\u2019escola? Confer\u00e8ncia\/debat el 02\/10\/18 a les 18 h al Palau Robert"},"content":{"rendered":"<p><img loading=\"lazy\" decoding=\"async\" class=\"alignnone size-full wp-image-9650\" src=\"http:\/\/serveiseducatius.xtec.cat\/badalona\/wp-content\/uploads\/usu1088\/2018\/09\/unnamed.jpg\" alt=\"\" width=\"560\" height=\"225\" srcset=\"https:\/\/serveiseducatius.xtec.cat\/badalona\/wp-content\/uploads\/usu1088\/2018\/09\/unnamed.jpg 560w, https:\/\/serveiseducatius.xtec.cat\/badalona\/wp-content\/uploads\/usu1088\/2018\/09\/unnamed-300x121.jpg 300w\" sizes=\"auto, (max-width: 560px) 100vw, 560px\" \/><\/p>\n<p>Podeu trobar m\u00e9s informaci\u00f3 i inscripcions <a href=\"https:\/\/www.fbofill.cat\/agenda\/com-tha-anat-avui-lescola\" target=\"_blank\" rel=\"noopener\">aqu\u00ed<\/a>.<\/p>\n<p>El debat ser\u00e0 presentat per <a href=\"http:\/\/www.fbofill.cat\/persona\/balaguer-marc-0\" target=\"_blank\" rel=\"noopener\" data-saferedirecturl=\"https:\/\/www.google.com\/url?hl=ca&amp;q=http:\/\/www.fbofill.cat\/persona\/balaguer-marc-0&amp;source=gmail&amp;ust=1536993011996000&amp;usg=AFQjCNFLpNKxgck8KTcPNj9yAeJDO9UjeQ\"><strong>Marc Balaguer<\/strong><\/a>, Director d\u2019Iv\u00e0lua, i moderat per <a href=\"http:\/\/www.fbofill.cat\/persona\/ismael-palacin\" target=\"_blank\" rel=\"noopener\" data-saferedirecturl=\"https:\/\/www.google.com\/url?hl=ca&amp;q=http:\/\/www.fbofill.cat\/persona\/ismael-palacin&amp;source=gmail&amp;ust=1536993011996000&amp;usg=AFQjCNE2DGmD_KBEz_r0MiUwsoZsFD3clw\"><strong>Ismael Palac\u00edn<\/strong><\/a>, Director de la Fundaci\u00f3 Jaume Bofill.<\/p>\n<p>En una primera part de l\u2019acte, es presentar\u00e0 la revisi\u00f3 d\u2019evid\u00e8ncies que ha elaborat <a href=\"http:\/\/www.fbofill.cat\/persona\/blasco-jaume\" target=\"_blank\" rel=\"noopener\" data-saferedirecturl=\"https:\/\/www.google.com\/url?hl=ca&amp;q=http:\/\/www.fbofill.cat\/persona\/blasco-jaume&amp;source=gmail&amp;ust=1536993011996000&amp;usg=AFQjCNHpl9X3nKA2VBRucKLR2HkKNzhLwg\"><strong>Jaume Blasco<\/strong><\/a>, analista independent. Aquest informe sintetitza les conclusions d\u2019avaluacions internacionals sobre els impactes de la implicaci\u00f3 parental en l\u2019escolaritzaci\u00f3 dels fills i dels programes que tracten de promoure-la. Aquest informe ser\u00e0 contrastat per <a href=\"http:\/\/www.fbofill.cat\/persona\/blanch-silvia\" target=\"_blank\" rel=\"noopener\" data-saferedirecturl=\"https:\/\/www.google.com\/url?hl=ca&amp;q=http:\/\/www.fbofill.cat\/persona\/blanch-silvia&amp;source=gmail&amp;ust=1536993011996000&amp;usg=AFQjCNHc4ATRJqt0D_x54QhVPOJxnOyncQ\"><strong>S\u00edlvia Blanch<\/strong><\/a> (doctora en Psicologia de l&#8217;Educaci\u00f3 i Coordinadora del Grau en Educaci\u00f3 Infantil de la UAB), qui presentar\u00e0 les claus per aterrar aquestes evid\u00e8ncies i \u00e0mbits de millora al nostre context.<\/p>\n<p>En la segona part de l&#8217;acte, es comptar\u00e0 amb una taula de debat formada pels seg\u00fcents professionals:<\/p>\n<ul>\n<li><strong>\u00c0ngels Grado<\/strong>, professora de l\u2019Institut Angeleta Ferrer (Sant Cugat del Vall\u00e8s) i coordinadora del projecte \u201cFam\u00edlia, escola i valors\u201d del mateix institut.<\/li>\n<li><strong>Eul\u00e0lia Formiguera<\/strong>, presidenta de l\u2019AMPA de l\u2019Escola Pau Casals (Rub\u00ed).<\/li>\n<li><strong>Antoni P\u00e9rez<\/strong>, Cap del Servei de suport municipal, Ger\u00e8ncia de Serveis d\u2019Educaci\u00f3, Diputaci\u00f3 de Barcelona.\u00a0<\/li>\n<\/ul>\n<p>El debat girar\u00e0 al voltant de q\u00fcestions com ara:<\/p>\n<ul>\n<li>Quins tipus d\u2019acompanyament familiar a l\u2019escolaritat tenen una incid\u00e8ncia m\u00e9s positiva en els processos d\u2019aprenentatge dels fills? La implicaci\u00f3 a casa, la involucraci\u00f3 parental a l\u2019escola, la comunicaci\u00f3 amb mestres i professors?<\/li>\n<li>Quins programes d\u2019acompanyament familiar s\u00f3n m\u00e9s efectius a l\u2019hora d\u2019activar aquelles formes d\u2019implicaci\u00f3 parental amb m\u00e9s impacte, i quin efecte acaben tenint en el progr\u00e9s educatiu d\u2019infants i adolescents?<\/li>\n<li>Com podem per avan\u00e7ar cap a programes d\u2019acompanyament familiar m\u00e9s efectius en el curt i en el llarg termini a casa nostra? Quins recursos professionals, organitzatius i materials es requereixen per fer-ho possible?<\/li>\n<\/ul>\n<p>Aquest debat est\u00e0 organitzat per <a href=\"http:\/\/www.ivalua.cat\/\" target=\"_blank\" rel=\"noopener\" data-saferedirecturl=\"https:\/\/www.google.com\/url?hl=ca&amp;q=http:\/\/www.ivalua.cat\/&amp;source=gmail&amp;ust=1536993011996000&amp;usg=AFQjCNF4xOy2it_A6EHN98E3BMwEuNGcNg\">Iv\u00e0lua<\/a> i la <a href=\"http:\/\/www.fbofill.cat\/\" target=\"_blank\" rel=\"noopener\" data-saferedirecturl=\"https:\/\/www.google.com\/url?hl=ca&amp;q=http:\/\/www.fbofill.cat\/&amp;source=gmail&amp;ust=1536993011996000&amp;usg=AFQjCNE2rCNtixrhOJRhnfk65F5FEQQTBw\">Fundaci\u00f3 Jaume Bofill<\/a> en el marc del projecte <a href=\"http:\/\/www.fbofill.cat\/projectes\/que-funciona-en-educacio-evidencies-la-millora-educativa\" target=\"_blank\" rel=\"noopener\" data-saferedirecturl=\"https:\/\/www.google.com\/url?hl=ca&amp;q=http:\/\/www.fbofill.cat\/projectes\/que-funciona-en-educacio-evidencies-la-millora-educativa&amp;source=gmail&amp;ust=1536993011996000&amp;usg=AFQjCNHA6xXXodaP8lvyWk_ItTPOVqUJaw\">Qu\u00e8 Funciona en Educaci\u00f3<\/a>, una aposta per aportar evid\u00e8ncia cient\u00edfica al debat sobre la pol\u00edtica i la pr\u00e0ctica educativa, connectant el rigor anal\u00edtic amb els reptes educatius plantejats al nostre pa\u00eds. L\u2019acc\u00e9s a l\u2019acte \u00e9s lliure i gratu\u00eft, amb inscripci\u00f3 pr\u00e8via. El debat es podr\u00e0 seguir en directe per streaming i tamb\u00e9 via Twitter amb el hashtag <a href=\"https:\/\/twitter.com\/hashtag\/eduevid%C3%A8ncies\" target=\"_blank\" rel=\"noopener\" data-saferedirecturl=\"https:\/\/www.google.com\/url?hl=ca&amp;q=https:\/\/twitter.com\/hashtag\/eduevid%25C3%25A8ncies&amp;source=gmail&amp;ust=1536993011996000&amp;usg=AFQjCNEViPul_GkD21-t_WvVLDfiK4Z2mA\">#EduEvid\u00e8ncies<\/a>.\u00a0<\/p>\n","protected":false},"excerpt":{"rendered":"<p>Podeu trobar m\u00e9s informaci\u00f3 i inscripcions aqu\u00ed. El debat ser\u00e0 presentat per Marc Balaguer, Director d\u2019Iv\u00e0lua, i moderat per Ismael [&hellip;]<\/p>\n","protected":false},"author":1,"featured_media":9650,"comment_status":"closed","ping_status":"closed","sticky":false,"template":"","format":"standard","meta":{"_bbp_topic_count":0,"_bbp_reply_count":0,"_bbp_total_topic_count":0,"_bbp_total_reply_count":0,"_bbp_voice_count":0,"_bbp_anonymous_reply_count":0,"_bbp_topic_count_hidden":0,"_bbp_reply_count_hidden":0,"_bbp_forum_subforum_count":0,"site-sidebar-layout":"default","site-content-layout":"","ast-site-content-layout":"","site-content-style":"default","site-sidebar-style":"default","ast-global-header-display":"","ast-banner-title-visibility":"","ast-main-header-display":"","ast-hfb-above-header-display":"","ast-hfb-below-header-display":"","ast-hfb-mobile-header-display":"","site-post-title":"","ast-breadcrumbs-content":"","ast-featured-img":"","footer-sml-layout":"","theme-transparent-header-meta":"","adv-header-id-meta":"","stick-header-meta":"","header-above-stick-meta":"","header-main-stick-meta":"","header-below-stick-meta":"","astra-migrate-meta-layouts":"default","ast-page-background-enabled":"default","ast-page-background-meta":{"desktop":{"background-color":"var(--ast-global-color-4)","background-image":"","background-repeat":"repeat","background-position":"center center","background-size":"auto","background-attachment":"scroll","background-type":"","background-media":"","overlay-type":"","overlay-color":"","overlay-opacity":"","overlay-gradient":""},"tablet":{"background-color":"","background-image":"","background-repeat":"repeat","background-position":"center center","background-size":"auto","background-attachment":"scroll","background-type":"","background-media":"","overlay-type":"","overlay-color":"","overlay-opacity":"","overlay-gradient":""},"mobile":{"background-color":"","background-image":"","background-repeat":"repeat","background-position":"center center","background-size":"auto","background-attachment":"scroll","background-type":"","background-media":"","overlay-type":"","overlay-color":"","overlay-opacity":"","overlay-gradient":""}},"ast-content-background-meta":{"desktop":{"background-color":"var(--ast-global-color-5)","background-image":"","background-repeat":"repeat","background-position":"center center","background-size":"auto","background-attachment":"scroll","background-type":"","background-media":"","overlay-type":"","overlay-color":"","overlay-opacity":"","overlay-gradient":""},"tablet":{"background-color":"var(--ast-global-color-5)","background-image":"","background-repeat":"repeat","background-position":"center center","background-size":"auto","background-attachment":"scroll","background-type":"","background-media":"","overlay-type":"","overlay-color":"","overlay-opacity":"","overlay-gradient":""},"mobile":{"background-color":"var(--ast-global-color-5)","background-image":"","background-repeat":"repeat","background-position":"center center","background-size":"auto","background-attachment":"scroll","background-type":"","background-media":"","overlay-type":"","overlay-color":"","overlay-opacity":"","overlay-gradient":""}},"footnotes":""},"categories":[64,165,29],"tags":[457,584],"class_list":["post-9649","post","type-post","status-publish","format-standard","has-post-thumbnail","hentry","category-comunitat","category-formacio","category-portada","tag-conferencia","tag-families"],"post_mailing_queue_ids":[],"_links":{"self":[{"href":"https:\/\/serveiseducatius.xtec.cat\/badalona\/wp-json\/wp\/v2\/posts\/9649","targetHints":{"allow":["GET"]}}],"collection":[{"href":"https:\/\/serveiseducatius.xtec.cat\/badalona\/wp-json\/wp\/v2\/posts"}],"about":[{"href":"https:\/\/serveiseducatius.xtec.cat\/badalona\/wp-json\/wp\/v2\/types\/post"}],"author":[{"embeddable":true,"href":"https:\/\/serveiseducatius.xtec.cat\/badalona\/wp-json\/wp\/v2\/users\/1"}],"replies":[{"embeddable":true,"href":"https:\/\/serveiseducatius.xtec.cat\/badalona\/wp-json\/wp\/v2\/comments?post=9649"}],"version-history":[{"count":1,"href":"https:\/\/serveiseducatius.xtec.cat\/badalona\/wp-json\/wp\/v2\/posts\/9649\/revisions"}],"predecessor-version":[{"id":9651,"href":"https:\/\/serveiseducatius.xtec.cat\/badalona\/wp-json\/wp\/v2\/posts\/9649\/revisions\/9651"}],"wp:featuredmedia":[{"embeddable":true,"href":"https:\/\/serveiseducatius.xtec.cat\/badalona\/wp-json\/wp\/v2\/media\/9650"}],"wp:attachment":[{"href":"https:\/\/serveiseducatius.xtec.cat\/badalona\/wp-json\/wp\/v2\/media?parent=9649"}],"wp:term":[{"taxonomy":"category","embeddable":true,"href":"https:\/\/serveiseducatius.xtec.cat\/badalona\/wp-json\/wp\/v2\/categories?post=9649"},{"taxonomy":"post_tag","embeddable":true,"href":"https:\/\/serveiseducatius.xtec.cat\/badalona\/wp-json\/wp\/v2\/tags?post=9649"}],"curies":[{"name":"wp","href":"https:\/\/api.w.org\/{rel}","templated":true}]}}