{"id":9368,"date":"2018-05-24T11:03:39","date_gmt":"2018-05-24T09:03:39","guid":{"rendered":"http:\/\/serveiseducatius.xtec.cat\/badalona\/?p=9368"},"modified":"2018-05-28T11:56:45","modified_gmt":"2018-05-28T09:56:45","slug":"alumnes-de-5e-descoles-badalonines-oferiran-dema-divendres-als-encants-de-montigala-els-productes-que-han-creat-com-a-cooperatives","status":"publish","type":"post","link":"https:\/\/serveiseducatius.xtec.cat\/badalona\/portada\/alumnes-de-5e-descoles-badalonines-oferiran-dema-divendres-als-encants-de-montigala-els-productes-que-han-creat-com-a-cooperatives\/","title":{"rendered":"Emprenedoria a l&#8217;escola als Encants de Montigal\u00e0"},"content":{"rendered":"<p><img loading=\"lazy\" decoding=\"async\" class=\"alignnone size-full wp-image-8925\" src=\"http:\/\/serveiseducatius.xtec.cat\/badalona\/wp-content\/uploads\/usu1088\/2018\/03\/emprenedoria-e1520858495494.png\" alt=\"\" width=\"250\" height=\"67\" \/><\/p>\n<p>Alumnes de 5\u00e8 d\u2019escoles badalonines oferiran dem\u00e0 divendres als Encants de Montigal\u00e0 els productes que han creat com a cooperatives<br \/>Els alumnes tindran parades als encants divendres 25 de maig i 8 de juny<br \/>250 alumnes de 5 escoles de la ciutat participen en el projecte \u201cCultura emprenedora a l\u2019escola\u201d per millorar, de manera pr\u00e0ctica, les seves compet\u00e8ncies en autonomia, iniciativa personal i treball en equip<\/p>\n<p>250 alumnes de 5\u00e8 curs de les escoles Alexandre Gal\u00ed, Badalon\u00e8s, Joan Coret, Llorens Artigas i Miguel Hern\u00e1ndez de Badalona, que participen en el projecte \u201cCultura emprenedora a l\u2019escola\u201d, portaran als Encants de Montigal\u00e0 els productes que han elaborat per posar-los a la venda. L\u2019alumnat, que reben formaci\u00f3 te\u00f2rica i pr\u00e0ctica sobre la creaci\u00f3 d\u2019empreses, oferir\u00e0 els seus productes els propers divendres 25 de maig i 8 de juny.<br \/>El projecte \u201cCultura emprenedora a l\u2019escola\u201d s\u2019est\u00e0 duent a terme a un total de 177 escoles de 78 municipis catalans i est\u00e0 adre\u00e7at a l\u2019alumnat del cicle superior de l\u2019educaci\u00f3 prim\u00e0ria. A Badalona hi participen dues escoles m\u00e9s que el curs passat,<br \/>Alumnes de 5\u00e8 de prim\u00e0ria de les cinc escoles badalonines han creat un total de 10 cooperatives: Els 24 artesans, UniversGal\u00ed, Bad@nens, Happymeanlosfive, Kiwatans, Coretking, Junts millor, BadaCoop, Craftkids i Ecoodemih. Les 10 pertanyen, per aquest ordre a les escoles Alexandre Gal\u00ed (2), Badalon\u00e8s (3), Joan Coret (2), Llorens Artigas (2) i Miquel Hern\u00e1ndez (1). Cadascuna d\u2019elles ha hagut de determinar els productes que els mateixos alumnes han elaborat per a vendre\u2019ls el dia 25 de maig (escoles Alexandre Gal\u00ed, Badalon\u00e8s, Llorens Artigas i Miguel Hern\u00e1ndez i 8 de juny (escola Joan Coret), de 9 a 12 h, en una parada dels Encants de Montigal\u00e0.<br \/>Fins ara cadascuna de les cooperatives han aprovat els seus estatuts, han creat la junta directiva, han demanat la seva inclusi\u00f3 en el registre municipal de cooperatives escolars i han presentat la sol\u00b7licitud del perm\u00eds per posar una parada en els encants. En una primera fase han fet un taller sobre el m\u00f3n de l\u2019empresa i el de les cooperatives, a c\u00e0rrec de l\u2019IMPO (Institut Municipal de Promoci\u00f3 de l\u2019Ocupaci\u00f3). Posteriorment han fet un taller sobre Responsabilitat Social Empresarial, ja que han de destinar una part dels seus possibles beneficis a una ONG. En aquest camp els han ajudat, entre altres, la Fundaci\u00f3 Ateneu Sant Roc i la Fundaci\u00f3 Salut Alta.<br \/>Aixi mateix, han treballat la seva imatge corporativa i el seu logotip amb la col\u00b7laboraci\u00f3 dels alumnes de l\u2019Escola d\u2019Art i Superior de Disseny Pau Gargallo. Finalment, han fet un taller sobre finan\u00e7ament i banca \u00e8tica amb la col\u00b7laboraci\u00f3 d\u2019un responsable de Triodos Bank. Les deu cooperatives han comptat, tamb\u00e9, amb el suport de La Sargantana Cooperativa que ha ajudat als estudiants en l\u2019estudi de mercat, en la determinaci\u00f3 dels productes a elaborar i en el coneixement dels valors i la pr\u00e0ctica del cooperativisme a la nostra ciutat.<br \/>Aquest projecte est\u00e0 integrat en el pla anual de cada centre i afavoreix el desenvolupament del curr\u00edculum escolar. Est\u00e0 previst que aquest projecte segueixi creixent a Badalona i que s\u2019hi puguin incorporar una o dues noves escoles m\u00e9s, el proper curs.<br \/>El projecte \u201cCultura emprenedora a l\u2019escola\u201d est\u00e0 promogut per la Diputaci\u00f3 de Barcelona i neix a partir de l\u2019experi\u00e8ncia que desenvolupa la Ciudad Industrial del Valle del Nal\u00f3n, SAO (Valnal\u00f3n). A Badalona compta amb el suport del Servei d\u2019Educaci\u00f3; de l\u2019\u00c0rea de Promoci\u00f3 Econ\u00f2mica, Comer\u00e7, Consum i Turisme; i de l\u2019IMPO de l\u2019Ajuntament de Badalona.<br \/>El dimarts 12 de juny, de 10 a 12 h, es far\u00e0 la cloenda d\u2019aquest curs del projecte, a l\u2019Institut Pau Casals, amb la participaci\u00f3 de tots els nois i noies cooperativistes i de representants de totes les entitats i serveis implicats.<br \/>A Badalona, el projecte \u201cCultura emprenedora a l\u2019escola\u201d es va iniciar el curs 2011-2012 a l\u2019escola Planas i Casals, i continua a les escoles Alexandre Gal\u00ed, Badalon\u00e8s, Joan Coret, Llorens Artigas i Miguel Hern\u00e1ndez.<\/p>\n<p>Font: Servei d&#8217;Atenci\u00f3 al Ciutad\u00e0 de l&#8217;Ajuntament de Badalona<\/p>\n","protected":false},"excerpt":{"rendered":"<p>Alumnes de 5\u00e8 d\u2019escoles badalonines oferiran dem\u00e0 divendres als Encants de Montigal\u00e0 els productes que han creat com a cooperativesEls [&hellip;]<\/p>\n","protected":false},"author":1,"featured_media":8925,"comment_status":"closed","ping_status":"closed","sticky":false,"template":"","format":"standard","meta":{"_bbp_topic_count":0,"_bbp_reply_count":0,"_bbp_total_topic_count":0,"_bbp_total_reply_count":0,"_bbp_voice_count":0,"_bbp_anonymous_reply_count":0,"_bbp_topic_count_hidden":0,"_bbp_reply_count_hidden":0,"_bbp_forum_subforum_count":0,"site-sidebar-layout":"default","site-content-layout":"","ast-site-content-layout":"","site-content-style":"default","site-sidebar-style":"default","ast-global-header-display":"","ast-banner-title-visibility":"","ast-main-header-display":"","ast-hfb-above-header-display":"","ast-hfb-below-header-display":"","ast-hfb-mobile-header-display":"","site-post-title":"","ast-breadcrumbs-content":"","ast-featured-img":"","footer-sml-layout":"","theme-transparent-header-meta":"","adv-header-id-meta":"","stick-header-meta":"","header-above-stick-meta":"","header-main-stick-meta":"","header-below-stick-meta":"","astra-migrate-meta-layouts":"default","ast-page-background-enabled":"default","ast-page-background-meta":{"desktop":{"background-color":"var(--ast-global-color-4)","background-image":"","background-repeat":"repeat","background-position":"center center","background-size":"auto","background-attachment":"scroll","background-type":"","background-media":"","overlay-type":"","overlay-color":"","overlay-opacity":"","overlay-gradient":""},"tablet":{"background-color":"","background-image":"","background-repeat":"repeat","background-position":"center center","background-size":"auto","background-attachment":"scroll","background-type":"","background-media":"","overlay-type":"","overlay-color":"","overlay-opacity":"","overlay-gradient":""},"mobile":{"background-color":"","background-image":"","background-repeat":"repeat","background-position":"center center","background-size":"auto","background-attachment":"scroll","background-type":"","background-media":"","overlay-type":"","overlay-color":"","overlay-opacity":"","overlay-gradient":""}},"ast-content-background-meta":{"desktop":{"background-color":"var(--ast-global-color-5)","background-image":"","background-repeat":"repeat","background-position":"center center","background-size":"auto","background-attachment":"scroll","background-type":"","background-media":"","overlay-type":"","overlay-color":"","overlay-opacity":"","overlay-gradient":""},"tablet":{"background-color":"var(--ast-global-color-5)","background-image":"","background-repeat":"repeat","background-position":"center center","background-size":"auto","background-attachment":"scroll","background-type":"","background-media":"","overlay-type":"","overlay-color":"","overlay-opacity":"","overlay-gradient":""},"mobile":{"background-color":"var(--ast-global-color-5)","background-image":"","background-repeat":"repeat","background-position":"center center","background-size":"auto","background-attachment":"scroll","background-type":"","background-media":"","overlay-type":"","overlay-color":"","overlay-opacity":"","overlay-gradient":""}},"footnotes":""},"categories":[64,66,75,29,77],"tags":[933,401,89],"class_list":["post-9368","post","type-post","status-publish","format-standard","has-post-thumbnail","hentry","category-comunitat","category-dinamitzacio","category-pee","category-portada","category-servei-comunitari","tag-cooperativisme","tag-educacio-primaria","tag-emprenedoria"],"post_mailing_queue_ids":[],"_links":{"self":[{"href":"https:\/\/serveiseducatius.xtec.cat\/badalona\/wp-json\/wp\/v2\/posts\/9368","targetHints":{"allow":["GET"]}}],"collection":[{"href":"https:\/\/serveiseducatius.xtec.cat\/badalona\/wp-json\/wp\/v2\/posts"}],"about":[{"href":"https:\/\/serveiseducatius.xtec.cat\/badalona\/wp-json\/wp\/v2\/types\/post"}],"author":[{"embeddable":true,"href":"https:\/\/serveiseducatius.xtec.cat\/badalona\/wp-json\/wp\/v2\/users\/1"}],"replies":[{"embeddable":true,"href":"https:\/\/serveiseducatius.xtec.cat\/badalona\/wp-json\/wp\/v2\/comments?post=9368"}],"version-history":[{"count":2,"href":"https:\/\/serveiseducatius.xtec.cat\/badalona\/wp-json\/wp\/v2\/posts\/9368\/revisions"}],"predecessor-version":[{"id":9389,"href":"https:\/\/serveiseducatius.xtec.cat\/badalona\/wp-json\/wp\/v2\/posts\/9368\/revisions\/9389"}],"wp:featuredmedia":[{"embeddable":true,"href":"https:\/\/serveiseducatius.xtec.cat\/badalona\/wp-json\/wp\/v2\/media\/8925"}],"wp:attachment":[{"href":"https:\/\/serveiseducatius.xtec.cat\/badalona\/wp-json\/wp\/v2\/media?parent=9368"}],"wp:term":[{"taxonomy":"category","embeddable":true,"href":"https:\/\/serveiseducatius.xtec.cat\/badalona\/wp-json\/wp\/v2\/categories?post=9368"},{"taxonomy":"post_tag","embeddable":true,"href":"https:\/\/serveiseducatius.xtec.cat\/badalona\/wp-json\/wp\/v2\/tags?post=9368"}],"curies":[{"name":"wp","href":"https:\/\/api.w.org\/{rel}","templated":true}]}}