{"id":9266,"date":"2018-05-14T14:30:58","date_gmt":"2018-05-14T12:30:58","guid":{"rendered":"http:\/\/serveiseducatius.xtec.cat\/badalona\/?p=9266"},"modified":"2018-05-15T14:53:52","modified_gmt":"2018-05-15T12:53:52","slug":"v-congres-de-ciencia-deducacio-infantil-i-primaria-de-badalona","status":"publish","type":"post","link":"https:\/\/serveiseducatius.xtec.cat\/badalona\/portada\/v-congres-de-ciencia-deducacio-infantil-i-primaria-de-badalona\/","title":{"rendered":"V Congr\u00e9s de Ci\u00e8ncia d&#8217;educaci\u00f3 infantil i prim\u00e0ria de Badalona"},"content":{"rendered":"<p>Aquesta setmana, des del 15 fins al 17 de maig, l\u2019\u00c0rea de Medi Ambient i Sostenibilitat: Escola de Natura Angeleta Ferrer. Escola del Mar. Centre d\u2019Estudis Marins; l&#8217;\u00c0rea d\u2019Educaci\u00f3, Esports i Joventut i el Centre de Recursos Pedag\u00f2gics de Badalona organitzen conjnuntament el\u00a0<strong>Congr\u00e9s de Ciencia d\u2019Educaci\u00f3 Infantil i Prim\u00e0ria.<\/strong><\/p>\n<p>El\u00a0<strong><a href=\"https:\/\/sites.google.com\/a\/xtec.cat\/badaciencia\/\" target=\"_blank\" rel=\"noopener noreferrer\">Congr\u00e9s de Ci\u00e8ncia<\/a><\/strong>\u00a0vol potenciar i difondre el treball que es duu\u00a0a terme a les escoles en l\u2019\u00e0mbit de l\u2019observaci\u00f3, la recerca i l\u2019experimentaci\u00f3, especialment en l\u2019\u00e0rea de coneixement del medi natural i social.<\/p>\n<p>La\u00a0<strong>4a\u00a0edici\u00f3 de Congr\u00e9s de Ci\u00e8ncia<\/strong>, tindr\u00e0 lloc dies\u00a0<br \/> <strong>15,<\/strong>\u00a0<strong>16\u00a0i 17 de maig<\/strong>, de 10 a 12h, al Museu de Badalona .<\/p>\n<p><img loading=\"lazy\" decoding=\"async\" class=\"size-full wp-image-9276 alignleft\" src=\"http:\/\/serveiseducatius.xtec.cat\/badalona\/wp-content\/uploads\/usu1088\/2018\/05\/V-congr\u00e9s-de-ci\u00e8ncia-e1526298630464.png\" alt=\"\" width=\"300\" height=\"422\" \/>En aquesta edici\u00f3 hi participaran les escoles:<\/p>\n<p><a href=\"http:\/\/www.xtec.cat\/ceipantonibotey\/\" target=\"_blank\" rel=\"noopener noreferrer\">Antoni Botey<\/a><br \/><a href=\"http:\/\/agora.xtec.cat\/escolabadalonaport\/\" target=\"_blank\" rel=\"noopener noreferrer\">Badalona Port<\/a><br \/><a href=\"http:\/\/www.badalones.com\/\" target=\"_blank\" rel=\"noopener noreferrer\">Badalon\u00e8s<\/a><br \/><a href=\"http:\/\/www.escolesgarbi.cat\/badalona\/\" target=\"_blank\" rel=\"noopener noreferrer\">Garb\u00ed Pere Verg\u00e9s<\/a><br \/><a href=\"http:\/\/www.gitanjali.cat\" target=\"_blank\" rel=\"noopener noreferrer\">Gitanjali<\/a><br \/><a href=\"https:\/\/escolajungfrau.wordpress.com\/\" target=\"_blank\" rel=\"noopener noreferrer\">Jungfrau<\/a><br \/><a href=\"http:\/\/agora.xtec.cat\/esclesciencies\/\" target=\"_blank\" rel=\"noopener noreferrer\">Les Ci\u00e8ncies<\/a><br \/><a href=\"http:\/\/blocs.xtec.cat\/informllibertat\/\" target=\"_blank\" rel=\"noopener noreferrer\">Llibertat<\/a><br \/><a href=\"https:\/\/www.escolallorensartigas.com\/\" target=\"_blank\" rel=\"noopener noreferrer\">Llorens Artigas<\/a><br \/><a href=\"http:\/\/badalona.maristes.cat\/\" target=\"_blank\" rel=\"noopener noreferrer\">Maristes Champagnat<\/a><br \/><a href=\"http:\/\/www.escolamercerodoreda.cat\/\" target=\"_blank\" rel=\"noopener noreferrer\">Merc\u00e8 Rodoreda<\/a><br \/><a href=\"http:\/\/escolarafaelcasanova.blogspot.com\/\" target=\"_blank\" rel=\"noopener noreferrer\">Rafael Casanova<\/a><\/p>\n","protected":false},"excerpt":{"rendered":"<p>La 5a edici\u00f3 de Congr\u00e9s de Ci\u00e8ncia, tindr\u00e0 lloc dies 15, 16 i 17 de maig, de 10 a 12h, al Museu de Badalona, <\/p>\n","protected":false},"author":1,"featured_media":9276,"comment_status":"closed","ping_status":"closed","sticky":false,"template":"","format":"standard","meta":{"_bbp_topic_count":0,"_bbp_reply_count":0,"_bbp_total_topic_count":0,"_bbp_total_reply_count":0,"_bbp_voice_count":0,"_bbp_anonymous_reply_count":0,"_bbp_topic_count_hidden":0,"_bbp_reply_count_hidden":0,"_bbp_forum_subforum_count":0,"site-sidebar-layout":"default","site-content-layout":"","ast-site-content-layout":"","site-content-style":"default","site-sidebar-style":"default","ast-global-header-display":"","ast-banner-title-visibility":"","ast-main-header-display":"","ast-hfb-above-header-display":"","ast-hfb-below-header-display":"","ast-hfb-mobile-header-display":"","site-post-title":"","ast-breadcrumbs-content":"","ast-featured-img":"","footer-sml-layout":"","theme-transparent-header-meta":"","adv-header-id-meta":"","stick-header-meta":"","header-above-stick-meta":"","header-main-stick-meta":"","header-below-stick-meta":"","astra-migrate-meta-layouts":"default","ast-page-background-enabled":"default","ast-page-background-meta":{"desktop":{"background-color":"var(--ast-global-color-4)","background-image":"","background-repeat":"repeat","background-position":"center center","background-size":"auto","background-attachment":"scroll","background-type":"","background-media":"","overlay-type":"","overlay-color":"","overlay-opacity":"","overlay-gradient":""},"tablet":{"background-color":"","background-image":"","background-repeat":"repeat","background-position":"center center","background-size":"auto","background-attachment":"scroll","background-type":"","background-media":"","overlay-type":"","overlay-color":"","overlay-opacity":"","overlay-gradient":""},"mobile":{"background-color":"","background-image":"","background-repeat":"repeat","background-position":"center center","background-size":"auto","background-attachment":"scroll","background-type":"","background-media":"","overlay-type":"","overlay-color":"","overlay-opacity":"","overlay-gradient":""}},"ast-content-background-meta":{"desktop":{"background-color":"var(--ast-global-color-5)","background-image":"","background-repeat":"repeat","background-position":"center center","background-size":"auto","background-attachment":"scroll","background-type":"","background-media":"","overlay-type":"","overlay-color":"","overlay-opacity":"","overlay-gradient":""},"tablet":{"background-color":"var(--ast-global-color-5)","background-image":"","background-repeat":"repeat","background-position":"center center","background-size":"auto","background-attachment":"scroll","background-type":"","background-media":"","overlay-type":"","overlay-color":"","overlay-opacity":"","overlay-gradient":""},"mobile":{"background-color":"var(--ast-global-color-5)","background-image":"","background-repeat":"repeat","background-position":"center center","background-size":"auto","background-attachment":"scroll","background-type":"","background-media":"","overlay-type":"","overlay-color":"","overlay-opacity":"","overlay-gradient":""}},"footnotes":""},"categories":[418,29],"tags":[],"class_list":["post-9266","post","type-post","status-publish","format-standard","has-post-thumbnail","hentry","category-congres-ciencia","category-portada"],"post_mailing_queue_ids":[],"_links":{"self":[{"href":"https:\/\/serveiseducatius.xtec.cat\/badalona\/wp-json\/wp\/v2\/posts\/9266","targetHints":{"allow":["GET"]}}],"collection":[{"href":"https:\/\/serveiseducatius.xtec.cat\/badalona\/wp-json\/wp\/v2\/posts"}],"about":[{"href":"https:\/\/serveiseducatius.xtec.cat\/badalona\/wp-json\/wp\/v2\/types\/post"}],"author":[{"embeddable":true,"href":"https:\/\/serveiseducatius.xtec.cat\/badalona\/wp-json\/wp\/v2\/users\/1"}],"replies":[{"embeddable":true,"href":"https:\/\/serveiseducatius.xtec.cat\/badalona\/wp-json\/wp\/v2\/comments?post=9266"}],"version-history":[{"count":1,"href":"https:\/\/serveiseducatius.xtec.cat\/badalona\/wp-json\/wp\/v2\/posts\/9266\/revisions"}],"predecessor-version":[{"id":9277,"href":"https:\/\/serveiseducatius.xtec.cat\/badalona\/wp-json\/wp\/v2\/posts\/9266\/revisions\/9277"}],"wp:featuredmedia":[{"embeddable":true,"href":"https:\/\/serveiseducatius.xtec.cat\/badalona\/wp-json\/wp\/v2\/media\/9276"}],"wp:attachment":[{"href":"https:\/\/serveiseducatius.xtec.cat\/badalona\/wp-json\/wp\/v2\/media?parent=9266"}],"wp:term":[{"taxonomy":"category","embeddable":true,"href":"https:\/\/serveiseducatius.xtec.cat\/badalona\/wp-json\/wp\/v2\/categories?post=9266"},{"taxonomy":"post_tag","embeddable":true,"href":"https:\/\/serveiseducatius.xtec.cat\/badalona\/wp-json\/wp\/v2\/tags?post=9266"}],"curies":[{"name":"wp","href":"https:\/\/api.w.org\/{rel}","templated":true}]}}