{"id":9241,"date":"2018-05-09T07:56:21","date_gmt":"2018-05-09T05:56:21","guid":{"rendered":"http:\/\/serveiseducatius.xtec.cat\/badalona\/?p=9241"},"modified":"2018-05-09T07:56:21","modified_gmt":"2018-05-09T05:56:21","slug":"qui-viu-a-lestany-13-de-maig-al-parc-de-can-solei-i-de-ca-larnus-de-badalona","status":"publish","type":"post","link":"https:\/\/serveiseducatius.xtec.cat\/badalona\/portada\/qui-viu-a-lestany-13-de-maig-al-parc-de-can-solei-i-de-ca-larnus-de-badalona\/","title":{"rendered":"Qui viu a l\u2019estany? 13 de maig, al parc de Can Solei i de Ca l\u2019Arn\u00fas de Badalona"},"content":{"rendered":"<p>Aquest diumenge, 13 de maig, es far\u00e0 el taller Qui viu a l\u2019estany?, al parc de Can Solei i de Ca l\u2019Arn\u00fas de Badalona<\/p>\n<p><img loading=\"lazy\" decoding=\"async\" class=\"alignnone wp-image-9242 size-medium\" src=\"http:\/\/serveiseducatius.xtec.cat\/badalona\/wp-content\/uploads\/usu1088\/2018\/05\/Mosquit-sabater-300x225.jpg\" alt=\"\" width=\"300\" height=\"225\" srcset=\"https:\/\/serveiseducatius.xtec.cat\/badalona\/wp-content\/uploads\/usu1088\/2018\/05\/Mosquit-sabater-300x225.jpg 300w, https:\/\/serveiseducatius.xtec.cat\/badalona\/wp-content\/uploads\/usu1088\/2018\/05\/Mosquit-sabater-200x150.jpg 200w, https:\/\/serveiseducatius.xtec.cat\/badalona\/wp-content\/uploads\/usu1088\/2018\/05\/Mosquit-sabater.jpg 640w\" sizes=\"auto, (max-width: 300px) 100vw, 300px\" \/><br \/>A l\u2019espai de la glorieta es far\u00e0 tamb\u00e9 el taller Decoraci\u00f3 de l\u2019espai Box de la \u2018Jugatecambiental\u2019<br \/>El parc de Can Solei i de Ca l\u2019Arn\u00fas de Badalona acull aquest diumenge, 13 de maig, de les 11.30 a les 13.30 hores, el taller Qui viu a l\u2019estany?. Es tracta d\u2019una activitat de descoberta que dona a con\u00e8ixer la import\u00e0ncia dels punts d&#8217;aigua naturalitzats per fomentar la biodiversitat urbana.<br \/>Mitjan\u00e7ant l&#8217;observaci\u00f3 i la pr\u00e0ctica, es podran identificar les caracter\u00edstiques de l&#8217;aigua i l&#8217;entorn que permeten la pres\u00e8ncia de diferents esp\u00e8cies d&#8217;amfibis i invertebrats, entre d&#8217;altres. Tamb\u00e9 es podran recon\u00e8ixer en viu aquestes esp\u00e8cies i la vegetaci\u00f3 dels estanys i basses del parc, aix\u00ed com fer an\u00e0lisis d&#8217;aigua i reproduir els cants de les diferents esp\u00e8cies d&#8217;amfibis. A m\u00e9s s\u2019aprofitar\u00e0 per donar a con\u00e8ixer quines s\u00f3n les causes que posen en perill aquests ecosistemes i qu\u00e8 es pot fer per garantir-ne la qualitat.<br \/>Aquesta activitat forma part del \u201cPrograma d\u2019educaci\u00f3 per a la sostenibilitat\u201d de l\u2019\u00c0rea Metropolitana de Barcelona i est\u00e0 promoguda per l\u2019\u00c0rea Metropolitana de Barcelona, l\u2019Ajuntament de Badalona i va a c\u00e0rrec de l\u2019Associaci\u00f3 Naturalista Galanthus.<br \/>A m\u00e9s, aquest diumenge, a la \u2018Jugatecambiental\u2019, i amb motiu de les Festes de Maig, es far\u00e0 el taller Decoraci\u00f3 de l\u2019espai Box, un taller col\u00b7lectiu on tothom que vulgui podr\u00e0 ajudar a pintar i guarnir el box de fusta de la \u2018Jugateca\u2019 que hi ha al costat de la glorieta del parc.<br \/>El punt de trobada d\u2019aquestes activitats \u00e9s a la glorieta de la \u2018Jugatecambiental\u2019 a les 11.30 hores, situada a la glorieta del parc, prop de la torre del rellotge.<br \/>El projecte de la \u2018Jugatecambiental\u2019 del parc de Can Solei i de Ca l\u2019Arn\u00fas est\u00e0 organitzat per l\u2019Ajuntament de Badalona i l\u2019\u00c0rea Metropolitana de Barcelona, l\u2019estudi d\u2019art l\u2019Obrador de la Riera, l\u2019associaci\u00f3 per l\u2019estudi de la flora i de la fauna ALOC i gestionada per educadors d\u2019entitats del territori.<\/p>\n<p>Font: Servei d&#8217;Atenci\u00f3 al Ciutad\u00e0 de l&#8217;Ajuntament de Badalona<\/p>\n","protected":false},"excerpt":{"rendered":"<p>Aquest diumenge, 13 de maig, es far\u00e0 el taller Qui viu a l\u2019estany?, al parc de Can Solei i de [&hellip;]<\/p>\n","protected":false},"author":1,"featured_media":9242,"comment_status":"closed","ping_status":"closed","sticky":false,"template":"","format":"standard","meta":{"_bbp_topic_count":0,"_bbp_reply_count":0,"_bbp_total_topic_count":0,"_bbp_total_reply_count":0,"_bbp_voice_count":0,"_bbp_anonymous_reply_count":0,"_bbp_topic_count_hidden":0,"_bbp_reply_count_hidden":0,"_bbp_forum_subforum_count":0,"site-sidebar-layout":"default","site-content-layout":"","ast-site-content-layout":"","site-content-style":"default","site-sidebar-style":"default","ast-global-header-display":"","ast-banner-title-visibility":"","ast-main-header-display":"","ast-hfb-above-header-display":"","ast-hfb-below-header-display":"","ast-hfb-mobile-header-display":"","site-post-title":"","ast-breadcrumbs-content":"","ast-featured-img":"","footer-sml-layout":"","theme-transparent-header-meta":"","adv-header-id-meta":"","stick-header-meta":"","header-above-stick-meta":"","header-main-stick-meta":"","header-below-stick-meta":"","astra-migrate-meta-layouts":"default","ast-page-background-enabled":"default","ast-page-background-meta":{"desktop":{"background-color":"var(--ast-global-color-4)","background-image":"","background-repeat":"repeat","background-position":"center center","background-size":"auto","background-attachment":"scroll","background-type":"","background-media":"","overlay-type":"","overlay-color":"","overlay-opacity":"","overlay-gradient":""},"tablet":{"background-color":"","background-image":"","background-repeat":"repeat","background-position":"center center","background-size":"auto","background-attachment":"scroll","background-type":"","background-media":"","overlay-type":"","overlay-color":"","overlay-opacity":"","overlay-gradient":""},"mobile":{"background-color":"","background-image":"","background-repeat":"repeat","background-position":"center center","background-size":"auto","background-attachment":"scroll","background-type":"","background-media":"","overlay-type":"","overlay-color":"","overlay-opacity":"","overlay-gradient":""}},"ast-content-background-meta":{"desktop":{"background-color":"var(--ast-global-color-5)","background-image":"","background-repeat":"repeat","background-position":"center center","background-size":"auto","background-attachment":"scroll","background-type":"","background-media":"","overlay-type":"","overlay-color":"","overlay-opacity":"","overlay-gradient":""},"tablet":{"background-color":"var(--ast-global-color-5)","background-image":"","background-repeat":"repeat","background-position":"center center","background-size":"auto","background-attachment":"scroll","background-type":"","background-media":"","overlay-type":"","overlay-color":"","overlay-opacity":"","overlay-gradient":""},"mobile":{"background-color":"var(--ast-global-color-5)","background-image":"","background-repeat":"repeat","background-position":"center center","background-size":"auto","background-attachment":"scroll","background-type":"","background-media":"","overlay-type":"","overlay-color":"","overlay-opacity":"","overlay-gradient":""}},"footnotes":""},"categories":[64,29],"tags":[393,773,607,164],"class_list":["post-9241","post","type-post","status-publish","format-standard","has-post-thumbnail","hentry","category-comunitat","category-portada","tag-ajuntament-de-badalona","tag-can-solei","tag-jugateca-ambiental","tag-sostenibilitat"],"post_mailing_queue_ids":[],"_links":{"self":[{"href":"https:\/\/serveiseducatius.xtec.cat\/badalona\/wp-json\/wp\/v2\/posts\/9241","targetHints":{"allow":["GET"]}}],"collection":[{"href":"https:\/\/serveiseducatius.xtec.cat\/badalona\/wp-json\/wp\/v2\/posts"}],"about":[{"href":"https:\/\/serveiseducatius.xtec.cat\/badalona\/wp-json\/wp\/v2\/types\/post"}],"author":[{"embeddable":true,"href":"https:\/\/serveiseducatius.xtec.cat\/badalona\/wp-json\/wp\/v2\/users\/1"}],"replies":[{"embeddable":true,"href":"https:\/\/serveiseducatius.xtec.cat\/badalona\/wp-json\/wp\/v2\/comments?post=9241"}],"version-history":[{"count":1,"href":"https:\/\/serveiseducatius.xtec.cat\/badalona\/wp-json\/wp\/v2\/posts\/9241\/revisions"}],"predecessor-version":[{"id":9243,"href":"https:\/\/serveiseducatius.xtec.cat\/badalona\/wp-json\/wp\/v2\/posts\/9241\/revisions\/9243"}],"wp:featuredmedia":[{"embeddable":true,"href":"https:\/\/serveiseducatius.xtec.cat\/badalona\/wp-json\/wp\/v2\/media\/9242"}],"wp:attachment":[{"href":"https:\/\/serveiseducatius.xtec.cat\/badalona\/wp-json\/wp\/v2\/media?parent=9241"}],"wp:term":[{"taxonomy":"category","embeddable":true,"href":"https:\/\/serveiseducatius.xtec.cat\/badalona\/wp-json\/wp\/v2\/categories?post=9241"},{"taxonomy":"post_tag","embeddable":true,"href":"https:\/\/serveiseducatius.xtec.cat\/badalona\/wp-json\/wp\/v2\/tags?post=9241"}],"curies":[{"name":"wp","href":"https:\/\/api.w.org\/{rel}","templated":true}]}}