{"id":9132,"date":"2018-05-03T09:15:32","date_gmt":"2018-05-03T07:15:32","guid":{"rendered":"http:\/\/serveiseducatius.xtec.cat\/badalona\/?p=9132"},"modified":"2018-05-03T09:15:32","modified_gmt":"2018-05-03T07:15:32","slug":"la-reflexio-sobre-loci-nocturn-centrara-la-xvii-jornada-dalumnes-de-badalona","status":"publish","type":"post","link":"https:\/\/serveiseducatius.xtec.cat\/badalona\/portada\/la-reflexio-sobre-loci-nocturn-centrara-la-xvii-jornada-dalumnes-de-badalona\/","title":{"rendered":"La reflexi\u00f3 sobre l\u2019oci nocturn centrar\u00e0 la XVII Jornada d\u2019Alumnes de Badalona"},"content":{"rendered":"<p>La trobada tindr\u00e0 lloc el pr\u00f2xim divendres 4 a partir de les 9 hores al Centre C\u00edvic Can Cabanyes<\/p>\n<p><img loading=\"lazy\" decoding=\"async\" class=\"alignnone wp-image-9133 size-medium\" src=\"http:\/\/serveiseducatius.xtec.cat\/badalona\/wp-content\/uploads\/usu1088\/2018\/05\/XVII-JORNADA-ALUMNES-A3-CARTELL-212x300.jpg\" alt=\"\" width=\"212\" height=\"300\" srcset=\"https:\/\/serveiseducatius.xtec.cat\/badalona\/wp-content\/uploads\/usu1088\/2018\/05\/XVII-JORNADA-ALUMNES-A3-CARTELL-212x300.jpg 212w, https:\/\/serveiseducatius.xtec.cat\/badalona\/wp-content\/uploads\/usu1088\/2018\/05\/XVII-JORNADA-ALUMNES-A3-CARTELL.jpg 768w, https:\/\/serveiseducatius.xtec.cat\/badalona\/wp-content\/uploads\/usu1088\/2018\/05\/XVII-JORNADA-ALUMNES-A3-CARTELL-724x1024.jpg 724w\" sizes=\"auto, (max-width: 212px) 100vw, 212px\" \/><br \/>Es tracta d\u2019un espai obert a tot l\u2019alumnat dels instituts p\u00fablics on es treballen temes d\u2019inter\u00e8s juvenil per tal d\u2019acostar-se a la realitat espec\u00edfica dels estudiants de la ciutat<br \/>El pr\u00f2xim divendres 4 de maig, a partir de les 9 hores, tindr\u00e0 lloc al Centre C\u00edvic de Can Cabanyes la XVII Jornada d\u2019Alumnes de Badalona, organitzada pel Departament de Joventut en el marc del programa PIDCES (Programa d\u2019 Informaci\u00f3 i Dinamitzaci\u00f3 als Centres d\u2019Ensenyament Secundari). L\u2019edici\u00f3 d\u2019aquest any porta per nom \u2018Fes-ta\u2019 la nit : salut, oci i diversi\u00f3 i busca obrir un espai de reflexi\u00f3 sobre l\u2019oci nocturn, l\u2019\u00fas i\/o ab\u00fas de drogues des d\u2019una perspectiva de consum responsable i de reducci\u00f3 de riscos; sobre la viol\u00e8ncia sexista en contextos i escenaris festius; sobre els i les joves com a protagonistes i consumidors d\u2019oci (oci participatiu, oci inclusiu, oci responsable) i sobre l\u2019\u00fas dels espais p\u00fablics.<br \/>La jornada es dividir\u00e0 en tres xerrades-taller que contextualitzaran el debat de l\u2019oci en els \u00e0mbits de la salut, la seguretat, la joventut, la participaci\u00f3 i el g\u00e8nere. A partir de la veu dels joves i a trav\u00e9s de din\u00e0miques participatives, es pret\u00e9n crear un espai de trobada com\u00fa i de reflexi\u00f3 on es parli de les seves pr\u00f2pies viv\u00e8ncies, de les seves percepcions i del que desitjarien en un futur en relaci\u00f3 a les tem\u00e0tiques tractades.<br \/>La Jornada d\u2019Alumnes de Badalona \u00e9s un espai obert a tot l\u2019alumnat dels diferents instituts p\u00fablics on es treballen temes d\u2019inter\u00e8s juvenil per tal d\u2019acostar-se a la realitat espec\u00edfica dels estudiants de la ciutat. La jornada est\u00e0 destina principalment a joves de tercer i quart d\u2019ESO i 1r de Batxillerat, majorit\u00e0riament delegats i delegades i sotsdelegats i sotsdelegades, que hi assisteixen com a representants de l\u2019aula i portaveus de la resta de joves de les seves classes.<br \/>La jornada tindr\u00e0 la seg\u00fcent programaci\u00f3: <br \/>&#8211; 8.30 h: Rebuda i entrega de material<br \/>&#8211; 9.00 h: Presentaci\u00f3 de la Jornada<br \/>&#8211; 9.30 h: Din\u00e0mica \u201c Esculpint la nit\u201d, a c\u00e0rrec de l\u2019equip PIDCES<br \/>&#8211; 10.00 h: Tallers i xerrades:<br \/>&#8211; 11.00 h: Esmorzar + Pausa<br \/>&#8211; 11.30 h: Tallers i xerrades<br \/>&#8211; 13.30 h: \u201cMani-fest fes-ta la nit\u201d. Espai per a la reflexi\u00f3<br \/>&#8211; 14.30 h: Cloenda<\/p>\n<p>Font: Servei d&#8217;Atenci\u00f3 al Ciutad\u00e0 de l&#8217;Ajuntament de Badalona<\/p>\n","protected":false},"excerpt":{"rendered":"<p>La trobada tindr\u00e0 lloc el pr\u00f2xim divendres 4 a partir de les 9 hores al Centre C\u00edvic Can Cabanyes Es [&hellip;]<\/p>\n","protected":false},"author":1,"featured_media":9133,"comment_status":"closed","ping_status":"closed","sticky":false,"template":"","format":"standard","meta":{"_bbp_topic_count":0,"_bbp_reply_count":0,"_bbp_total_topic_count":0,"_bbp_total_reply_count":0,"_bbp_voice_count":0,"_bbp_anonymous_reply_count":0,"_bbp_topic_count_hidden":0,"_bbp_reply_count_hidden":0,"_bbp_forum_subforum_count":0,"site-sidebar-layout":"default","site-content-layout":"","ast-site-content-layout":"","site-content-style":"default","site-sidebar-style":"default","ast-global-header-display":"","ast-banner-title-visibility":"","ast-main-header-display":"","ast-hfb-above-header-display":"","ast-hfb-below-header-display":"","ast-hfb-mobile-header-display":"","site-post-title":"","ast-breadcrumbs-content":"","ast-featured-img":"","footer-sml-layout":"","theme-transparent-header-meta":"","adv-header-id-meta":"","stick-header-meta":"","header-above-stick-meta":"","header-main-stick-meta":"","header-below-stick-meta":"","astra-migrate-meta-layouts":"default","ast-page-background-enabled":"default","ast-page-background-meta":{"desktop":{"background-color":"var(--ast-global-color-4)","background-image":"","background-repeat":"repeat","background-position":"center center","background-size":"auto","background-attachment":"scroll","background-type":"","background-media":"","overlay-type":"","overlay-color":"","overlay-opacity":"","overlay-gradient":""},"tablet":{"background-color":"","background-image":"","background-repeat":"repeat","background-position":"center center","background-size":"auto","background-attachment":"scroll","background-type":"","background-media":"","overlay-type":"","overlay-color":"","overlay-opacity":"","overlay-gradient":""},"mobile":{"background-color":"","background-image":"","background-repeat":"repeat","background-position":"center center","background-size":"auto","background-attachment":"scroll","background-type":"","background-media":"","overlay-type":"","overlay-color":"","overlay-opacity":"","overlay-gradient":""}},"ast-content-background-meta":{"desktop":{"background-color":"var(--ast-global-color-5)","background-image":"","background-repeat":"repeat","background-position":"center center","background-size":"auto","background-attachment":"scroll","background-type":"","background-media":"","overlay-type":"","overlay-color":"","overlay-opacity":"","overlay-gradient":""},"tablet":{"background-color":"var(--ast-global-color-5)","background-image":"","background-repeat":"repeat","background-position":"center center","background-size":"auto","background-attachment":"scroll","background-type":"","background-media":"","overlay-type":"","overlay-color":"","overlay-opacity":"","overlay-gradient":""},"mobile":{"background-color":"var(--ast-global-color-5)","background-image":"","background-repeat":"repeat","background-position":"center center","background-size":"auto","background-attachment":"scroll","background-type":"","background-media":"","overlay-type":"","overlay-color":"","overlay-opacity":"","overlay-gradient":""}},"footnotes":""},"categories":[64,75,29],"tags":[393,375,471,922,111],"class_list":["post-9132","post","type-post","status-publish","format-standard","has-post-thumbnail","hentry","category-comunitat","category-pee","category-portada","tag-ajuntament-de-badalona","tag-batxillerat","tag-educacio-secundaria","tag-oci-nocturn","tag-servei-comunitari"],"post_mailing_queue_ids":[],"_links":{"self":[{"href":"https:\/\/serveiseducatius.xtec.cat\/badalona\/wp-json\/wp\/v2\/posts\/9132","targetHints":{"allow":["GET"]}}],"collection":[{"href":"https:\/\/serveiseducatius.xtec.cat\/badalona\/wp-json\/wp\/v2\/posts"}],"about":[{"href":"https:\/\/serveiseducatius.xtec.cat\/badalona\/wp-json\/wp\/v2\/types\/post"}],"author":[{"embeddable":true,"href":"https:\/\/serveiseducatius.xtec.cat\/badalona\/wp-json\/wp\/v2\/users\/1"}],"replies":[{"embeddable":true,"href":"https:\/\/serveiseducatius.xtec.cat\/badalona\/wp-json\/wp\/v2\/comments?post=9132"}],"version-history":[{"count":1,"href":"https:\/\/serveiseducatius.xtec.cat\/badalona\/wp-json\/wp\/v2\/posts\/9132\/revisions"}],"predecessor-version":[{"id":9134,"href":"https:\/\/serveiseducatius.xtec.cat\/badalona\/wp-json\/wp\/v2\/posts\/9132\/revisions\/9134"}],"wp:featuredmedia":[{"embeddable":true,"href":"https:\/\/serveiseducatius.xtec.cat\/badalona\/wp-json\/wp\/v2\/media\/9133"}],"wp:attachment":[{"href":"https:\/\/serveiseducatius.xtec.cat\/badalona\/wp-json\/wp\/v2\/media?parent=9132"}],"wp:term":[{"taxonomy":"category","embeddable":true,"href":"https:\/\/serveiseducatius.xtec.cat\/badalona\/wp-json\/wp\/v2\/categories?post=9132"},{"taxonomy":"post_tag","embeddable":true,"href":"https:\/\/serveiseducatius.xtec.cat\/badalona\/wp-json\/wp\/v2\/tags?post=9132"}],"curies":[{"name":"wp","href":"https:\/\/api.w.org\/{rel}","templated":true}]}}