{"id":9112,"date":"2018-04-23T08:05:23","date_gmt":"2018-04-23T06:05:23","guid":{"rendered":"http:\/\/serveiseducatius.xtec.cat\/badalona\/?p=9112"},"modified":"2018-04-23T08:05:23","modified_gmt":"2018-04-23T06:05:23","slug":"conferencia-neurociencia-aprenentatge-i-innovacio-educativa-2-de-maig-a-les-1730h","status":"publish","type":"post","link":"https:\/\/serveiseducatius.xtec.cat\/badalona\/portada\/conferencia-neurociencia-aprenentatge-i-innovacio-educativa-2-de-maig-a-les-1730h\/","title":{"rendered":"Confer\u00e8ncia: Neuroci\u00e8ncia, aprenentatge i innovaci\u00f3 educativa. 2 de maig a les 17\u201930h."},"content":{"rendered":"<figure id=\"attachment_9023\" aria-describedby=\"caption-attachment-9023\" style=\"width: 300px\" class=\"wp-caption alignnone\"><img loading=\"lazy\" decoding=\"async\" class=\"size-full wp-image-9023\" src=\"http:\/\/serveiseducatius.xtec.cat\/badalona\/wp-content\/uploads\/usu1088\/2018\/04\/brain-neurociencia.jpg\" alt=\"\" width=\"300\" height=\"299\" srcset=\"https:\/\/serveiseducatius.xtec.cat\/badalona\/wp-content\/uploads\/usu1088\/2018\/04\/brain-neurociencia.jpg 300w, https:\/\/serveiseducatius.xtec.cat\/badalona\/wp-content\/uploads\/usu1088\/2018\/04\/brain-neurociencia-150x150.jpg 150w\" sizes=\"auto, (max-width: 300px) 100vw, 300px\" \/><figcaption id=\"caption-attachment-9023\" class=\"wp-caption-text\">child Head.Children Learn to think<\/figcaption><\/figure>\n<p>El creixent inter\u00e8s per una educaci\u00f3 basada en l\u2019evid\u00e8ncia cient\u00edfica, aix\u00ed<br \/>com els recents progressos en el camp de la neuroci\u00e8ncia sobre els<br \/>processos d\u2019aprenentatge i plasticitat cerebral, ha perm\u00e8s el<br \/>desenvolupament de ponts entre la neuroci\u00e8ncia i l\u2019educaci\u00f3. L\u2019objectiu del<br \/>curs \u00e9s reflexionar sobre estudis neurocient\u00edfics dels \u00faltims anys que<br \/>pretenen proporcionar eines \u00fatils i fonamentaci\u00f3 te\u00f2rica i emp\u00edrica per al<br \/>disseny de metodologies pedag\u00f2giques. Despr\u00e9s d\u2019una breu introducci\u00f3 al<br \/>camp de la neuroci\u00e8ncia eductiva i d\u2019un breu rep\u00e0s als aspectes m\u00e9s<br \/>essencials del desenvolupament cerebral, es posar\u00e0 \u00e8mfasi a reflexionar<br \/>sobre aplicacions a l\u2019aula que incloguin els principals factors intervinents en<br \/>l\u2019aprenentatge, com la relaci\u00f3 entre el cos i la ment, les estrat\u00e8gies que<br \/>fomenten un equilibri entre les emocions i la cognici\u00f3, el desenvolupament<br \/>de les funcions executives i la import\u00e0ncia del disseny dels espais on tenen<br \/>lloc les experi\u00e8ncies d\u2019aprenentatge.<\/p>\n<p><a href=\"https:\/\/aplicacions.gestioeducativa.gencat.cat\/pls\/soloas\/pk_for_mod_ins.p_for_detall_activitat?p_header=Llista%20d%27activitats^pk_for_mod_ins.p_for_cons_activitats?p_poblacio=08015%26p_any=2017-2018%26p_totes=N%26p_inici=1%26p_excloure_crp_rec=F&amp;p_codi=2041291204&amp;p_curs=2017-2018&amp;p_excloure_crp_rec=F\" target=\"_blank\" rel=\"noopener noreferrer\">INSCRIPCI\u00d3 I M\u00c9S INFORMACI\u00d3<\/a><\/p>\n","protected":false},"excerpt":{"rendered":"<p>El creixent inter\u00e8s per una educaci\u00f3 basada en l\u2019evid\u00e8ncia cient\u00edfica, aix\u00edcom els recents progressos en el camp de la neuroci\u00e8ncia [&hellip;]<\/p>\n","protected":false},"author":1,"featured_media":9023,"comment_status":"closed","ping_status":"closed","sticky":false,"template":"","format":"standard","meta":{"_bbp_topic_count":0,"_bbp_reply_count":0,"_bbp_total_topic_count":0,"_bbp_total_reply_count":0,"_bbp_voice_count":0,"_bbp_anonymous_reply_count":0,"_bbp_topic_count_hidden":0,"_bbp_reply_count_hidden":0,"_bbp_forum_subforum_count":0,"site-sidebar-layout":"default","site-content-layout":"","ast-site-content-layout":"","site-content-style":"default","site-sidebar-style":"default","ast-global-header-display":"","ast-banner-title-visibility":"","ast-main-header-display":"","ast-hfb-above-header-display":"","ast-hfb-below-header-display":"","ast-hfb-mobile-header-display":"","site-post-title":"","ast-breadcrumbs-content":"","ast-featured-img":"","footer-sml-layout":"","theme-transparent-header-meta":"","adv-header-id-meta":"","stick-header-meta":"","header-above-stick-meta":"","header-main-stick-meta":"","header-below-stick-meta":"","astra-migrate-meta-layouts":"default","ast-page-background-enabled":"default","ast-page-background-meta":{"desktop":{"background-color":"var(--ast-global-color-4)","background-image":"","background-repeat":"repeat","background-position":"center center","background-size":"auto","background-attachment":"scroll","background-type":"","background-media":"","overlay-type":"","overlay-color":"","overlay-opacity":"","overlay-gradient":""},"tablet":{"background-color":"","background-image":"","background-repeat":"repeat","background-position":"center center","background-size":"auto","background-attachment":"scroll","background-type":"","background-media":"","overlay-type":"","overlay-color":"","overlay-opacity":"","overlay-gradient":""},"mobile":{"background-color":"","background-image":"","background-repeat":"repeat","background-position":"center center","background-size":"auto","background-attachment":"scroll","background-type":"","background-media":"","overlay-type":"","overlay-color":"","overlay-opacity":"","overlay-gradient":""}},"ast-content-background-meta":{"desktop":{"background-color":"var(--ast-global-color-5)","background-image":"","background-repeat":"repeat","background-position":"center center","background-size":"auto","background-attachment":"scroll","background-type":"","background-media":"","overlay-type":"","overlay-color":"","overlay-opacity":"","overlay-gradient":""},"tablet":{"background-color":"var(--ast-global-color-5)","background-image":"","background-repeat":"repeat","background-position":"center center","background-size":"auto","background-attachment":"scroll","background-type":"","background-media":"","overlay-type":"","overlay-color":"","overlay-opacity":"","overlay-gradient":""},"mobile":{"background-color":"var(--ast-global-color-5)","background-image":"","background-repeat":"repeat","background-position":"center center","background-size":"auto","background-attachment":"scroll","background-type":"","background-media":"","overlay-type":"","overlay-color":"","overlay-opacity":"","overlay-gradient":""}},"footnotes":""},"categories":[419,165,254,29],"tags":[457,432,400,166,707],"class_list":["post-9112","post","type-post","status-publish","format-standard","has-post-thumbnail","hentry","category-curriculum","category-formacio","category-full-informatiu","category-portada","tag-conferencia","tag-educacio","tag-educacio-emocional","tag-formacio","tag-neurociencia"],"post_mailing_queue_ids":[],"_links":{"self":[{"href":"https:\/\/serveiseducatius.xtec.cat\/badalona\/wp-json\/wp\/v2\/posts\/9112","targetHints":{"allow":["GET"]}}],"collection":[{"href":"https:\/\/serveiseducatius.xtec.cat\/badalona\/wp-json\/wp\/v2\/posts"}],"about":[{"href":"https:\/\/serveiseducatius.xtec.cat\/badalona\/wp-json\/wp\/v2\/types\/post"}],"author":[{"embeddable":true,"href":"https:\/\/serveiseducatius.xtec.cat\/badalona\/wp-json\/wp\/v2\/users\/1"}],"replies":[{"embeddable":true,"href":"https:\/\/serveiseducatius.xtec.cat\/badalona\/wp-json\/wp\/v2\/comments?post=9112"}],"version-history":[{"count":1,"href":"https:\/\/serveiseducatius.xtec.cat\/badalona\/wp-json\/wp\/v2\/posts\/9112\/revisions"}],"predecessor-version":[{"id":9113,"href":"https:\/\/serveiseducatius.xtec.cat\/badalona\/wp-json\/wp\/v2\/posts\/9112\/revisions\/9113"}],"wp:featuredmedia":[{"embeddable":true,"href":"https:\/\/serveiseducatius.xtec.cat\/badalona\/wp-json\/wp\/v2\/media\/9023"}],"wp:attachment":[{"href":"https:\/\/serveiseducatius.xtec.cat\/badalona\/wp-json\/wp\/v2\/media?parent=9112"}],"wp:term":[{"taxonomy":"category","embeddable":true,"href":"https:\/\/serveiseducatius.xtec.cat\/badalona\/wp-json\/wp\/v2\/categories?post=9112"},{"taxonomy":"post_tag","embeddable":true,"href":"https:\/\/serveiseducatius.xtec.cat\/badalona\/wp-json\/wp\/v2\/tags?post=9112"}],"curies":[{"name":"wp","href":"https:\/\/api.w.org\/{rel}","templated":true}]}}