{"id":9068,"date":"2018-04-11T10:29:38","date_gmt":"2018-04-11T08:29:38","guid":{"rendered":"http:\/\/serveiseducatius.xtec.cat\/badalona\/?p=9068"},"modified":"2018-04-12T15:43:21","modified_gmt":"2018-04-12T13:43:21","slug":"el-projecte-som-i-pintem-organitza-noves-activitats-per-promoure-la-millora-de-les-relacions-socials-al-territori-i-la-participacio-del-veinat-en-lespai-public","status":"publish","type":"post","link":"https:\/\/serveiseducatius.xtec.cat\/badalona\/general\/el-projecte-som-i-pintem-organitza-noves-activitats-per-promoure-la-millora-de-les-relacions-socials-al-territori-i-la-participacio-del-veinat-en-lespai-public\/","title":{"rendered":"El projecte &#8220;Som i Pintem&#8221; organitza noves activitats per promoure la millora de les relacions socials al territori i la participaci\u00f3 del ve\u00efnat en l&#8217;espai p\u00fablic"},"content":{"rendered":"<p>El projecte \u201c<a href=\"http:\/\/badalona.cat\/portalWeb\/badalona.portal?_nfpb=true&amp;_pageLabel=detall_noticia&amp;dDocName=AJB087001#wlp_detall_noticia\" target=\"_blank\" rel=\"noopener noreferrer\">Som i Pintem<\/a>\u201d organitza noves activitats per promoure la millora de les relacions socials al territori i la participaci\u00f3 del ve\u00efnat en l\u2019espai p\u00fablic.\u00a0<!--more-->La iniciativa est\u00e0 organitzada per la Xarxa Entitats 8 i s\u2019emmarca en el Pla de Desenvolupament Comunitari de La Pau (La Pau, Lloreda, Montigal\u00e0 i Puigfred).\u00a0Les entitats participants pintaran de forma col\u00b7lectiva parets de la pla\u00e7a dels M\u00fasics.<\/p>\n<p><img loading=\"lazy\" decoding=\"async\" class=\"alignright\" src=\"http:\/\/badalona.cat\/portalWeb\/getfile?dID=100334\" width=\"477\" height=\"312\" \/>Aquest <strong>divendres, 13 d\u2019abril, de 16.30 a 19 hores<\/strong>, la <strong>pla\u00e7a dels M\u00fasics<\/strong> de Badalona ser\u00e0 l\u2019escenari d\u2019un conjunt d\u2019activitats emmarcades en el projecte \u201cSom i Pintem\u201d, una iniciativa organitzada per la Xarxa Entitats 8 dins del Pla de Desenvolupament Comunitari de La Pau que busca millorar les relacions socials als barris de la zona alta del Districte 2 potenciant el treball cooperatiu i en xarxa entre entitats i ve\u00efnat.<\/p>\n<p>Amb la voluntat d\u2019aconseguir l\u2019objectiu del projecte aquest divendres entitats de La Pau, Lloreda, Montigal\u00e0 i Puigfred pintaran conjuntament, en una tarda festiva, les parets de la pla\u00e7a dels M\u00fasics. Durant tota la tarda es podr\u00e0 gaudir de tallers de pintura per a infants, joves i adults, jocs infantils, tallers esportius (futbol \u2013 skate), una xocolatada i m\u00fasica entre altres propostes.<\/p>\n<p>El projecte \u201cSom i Pintem\u201d pret\u00e9n desenvolupar actuacions en diferents indrets, escollits per la seva rellev\u00e0ncia a la zona, i crear vincles positius que afavoreixin la conviv\u00e8ncia en la diversitat.<\/p>\n<p>Aquesta activitat \u00e9s fruit del treball conjunt i la implicaci\u00f3 de les entitats que actualment formen part de la Xarxa Entitats 8 del Pla Comunitari de La Pau, que s\u00f3n: l\u2019associaci\u00f3 cultural AMICS, Esplai Buenoyqu\u00e9, El Lokal de joves, CD Los Planos Skate Plaza, Fundaci\u00f3 Amiba, Fundaci\u00f3 Germina i l\u2019Associaci\u00f3 de Ve\u00efns Fondo Sistrells.<\/p>\n<p>El projecte t\u00e9 el suport i la col\u00b7laboraci\u00f3 de les regidories de Participaci\u00f3 i Conviv\u00e8ncia, del Districte 2 i de Serveis Socials de l\u2019Ajuntament de Badalona.<\/p>\n<p>Font: Servei d&#8217;Atenci\u00f3 al Ciutad\u00e0 de l&#8217;Ajuntament de Badalona<\/p>\n","protected":false},"excerpt":{"rendered":"<p>El projecte \u201cSom i Pintem\u201d organitza noves activitats per promoure la millora de les relacions socials al territori i la [&hellip;]<\/p>\n","protected":false},"author":1,"featured_media":9073,"comment_status":"closed","ping_status":"closed","sticky":false,"template":"","format":"standard","meta":{"_bbp_topic_count":0,"_bbp_reply_count":0,"_bbp_total_topic_count":0,"_bbp_total_reply_count":0,"_bbp_voice_count":0,"_bbp_anonymous_reply_count":0,"_bbp_topic_count_hidden":0,"_bbp_reply_count_hidden":0,"_bbp_forum_subforum_count":0,"site-sidebar-layout":"default","site-content-layout":"","ast-site-content-layout":"","site-content-style":"default","site-sidebar-style":"default","ast-global-header-display":"","ast-banner-title-visibility":"","ast-main-header-display":"","ast-hfb-above-header-display":"","ast-hfb-below-header-display":"","ast-hfb-mobile-header-display":"","site-post-title":"","ast-breadcrumbs-content":"","ast-featured-img":"","footer-sml-layout":"","theme-transparent-header-meta":"","adv-header-id-meta":"","stick-header-meta":"","header-above-stick-meta":"","header-main-stick-meta":"","header-below-stick-meta":"","astra-migrate-meta-layouts":"default","ast-page-background-enabled":"default","ast-page-background-meta":{"desktop":{"background-color":"var(--ast-global-color-4)","background-image":"","background-repeat":"repeat","background-position":"center center","background-size":"auto","background-attachment":"scroll","background-type":"","background-media":"","overlay-type":"","overlay-color":"","overlay-opacity":"","overlay-gradient":""},"tablet":{"background-color":"","background-image":"","background-repeat":"repeat","background-position":"center center","background-size":"auto","background-attachment":"scroll","background-type":"","background-media":"","overlay-type":"","overlay-color":"","overlay-opacity":"","overlay-gradient":""},"mobile":{"background-color":"","background-image":"","background-repeat":"repeat","background-position":"center center","background-size":"auto","background-attachment":"scroll","background-type":"","background-media":"","overlay-type":"","overlay-color":"","overlay-opacity":"","overlay-gradient":""}},"ast-content-background-meta":{"desktop":{"background-color":"var(--ast-global-color-5)","background-image":"","background-repeat":"repeat","background-position":"center center","background-size":"auto","background-attachment":"scroll","background-type":"","background-media":"","overlay-type":"","overlay-color":"","overlay-opacity":"","overlay-gradient":""},"tablet":{"background-color":"var(--ast-global-color-5)","background-image":"","background-repeat":"repeat","background-position":"center center","background-size":"auto","background-attachment":"scroll","background-type":"","background-media":"","overlay-type":"","overlay-color":"","overlay-opacity":"","overlay-gradient":""},"mobile":{"background-color":"var(--ast-global-color-5)","background-image":"","background-repeat":"repeat","background-position":"center center","background-size":"auto","background-attachment":"scroll","background-type":"","background-media":"","overlay-type":"","overlay-color":"","overlay-opacity":"","overlay-gradient":""}},"footnotes":""},"categories":[64,1,75,29],"tags":[562,890,914,437,913],"class_list":["post-9068","post","type-post","status-publish","format-standard","has-post-thumbnail","hentry","category-comunitat","category-general","category-pee","category-portada","tag-aprenentatge-cooperatiu","tag-extraescolar","tag-pintura","tag-projecte","tag-treball-cooperatiu"],"post_mailing_queue_ids":[],"_links":{"self":[{"href":"https:\/\/serveiseducatius.xtec.cat\/badalona\/wp-json\/wp\/v2\/posts\/9068","targetHints":{"allow":["GET"]}}],"collection":[{"href":"https:\/\/serveiseducatius.xtec.cat\/badalona\/wp-json\/wp\/v2\/posts"}],"about":[{"href":"https:\/\/serveiseducatius.xtec.cat\/badalona\/wp-json\/wp\/v2\/types\/post"}],"author":[{"embeddable":true,"href":"https:\/\/serveiseducatius.xtec.cat\/badalona\/wp-json\/wp\/v2\/users\/1"}],"replies":[{"embeddable":true,"href":"https:\/\/serveiseducatius.xtec.cat\/badalona\/wp-json\/wp\/v2\/comments?post=9068"}],"version-history":[{"count":3,"href":"https:\/\/serveiseducatius.xtec.cat\/badalona\/wp-json\/wp\/v2\/posts\/9068\/revisions"}],"predecessor-version":[{"id":9074,"href":"https:\/\/serveiseducatius.xtec.cat\/badalona\/wp-json\/wp\/v2\/posts\/9068\/revisions\/9074"}],"wp:featuredmedia":[{"embeddable":true,"href":"https:\/\/serveiseducatius.xtec.cat\/badalona\/wp-json\/wp\/v2\/media\/9073"}],"wp:attachment":[{"href":"https:\/\/serveiseducatius.xtec.cat\/badalona\/wp-json\/wp\/v2\/media?parent=9068"}],"wp:term":[{"taxonomy":"category","embeddable":true,"href":"https:\/\/serveiseducatius.xtec.cat\/badalona\/wp-json\/wp\/v2\/categories?post=9068"},{"taxonomy":"post_tag","embeddable":true,"href":"https:\/\/serveiseducatius.xtec.cat\/badalona\/wp-json\/wp\/v2\/tags?post=9068"}],"curies":[{"name":"wp","href":"https:\/\/api.w.org\/{rel}","templated":true}]}}