{"id":9054,"date":"2018-04-09T12:25:04","date_gmt":"2018-04-09T10:25:04","guid":{"rendered":"http:\/\/serveiseducatius.xtec.cat\/badalona\/?p=9054"},"modified":"2018-04-09T12:30:46","modified_gmt":"2018-04-09T10:30:46","slug":"per-sant-jordi-trenquem-estereotips-el-concurs-de-relats-del-badiu-jove","status":"publish","type":"post","link":"https:\/\/serveiseducatius.xtec.cat\/badalona\/portada\/per-sant-jordi-trenquem-estereotips-el-concurs-de-relats-del-badiu-jove\/","title":{"rendered":"Per Sant Jordi&#8230;Trenquem Estereotips, el concurs de relats del Badiu Jove"},"content":{"rendered":"<p><strong><img loading=\"lazy\" decoding=\"async\" class=\" alignright\" src=\"http:\/\/www.badiujove.cat\/app\/archivos\/noticia\/104\/fm_180405272212_posterDefinitiurgb-01.jpg\" width=\"377\" height=\"535\" \/>El Badiu Jove convoca el concurs de relats Sant Jordi 2018. Trenquem Estereotips<\/strong>.\u00a0Consulta les bases\u00a0<strong><a href=\"https:\/\/drive.google.com\/file\/d\/1ji4c30VPl9uGzhG_p6j_kFdNdLap7V1K\/view?usp=sharing\" target=\"_blank\" rel=\"noopener noreferrer\">AQU\u00cd<\/a>\u00a0<\/strong><!--more--><\/p>\n<p>El concurs t\u00e9 com a finalitat reflexionar, a trav\u00e9s de la creaci\u00f3 liter\u00e0ria, sobre com ens condicionen alguns c\u00e0nons i normes socials preestablerts pel que fa al g\u00e8nere, la diversitat funcional, l\u2019amor rom\u00e0ntic, la viol\u00e8ncia, la diversitat cultural, etc.\u00a0 \u00a0 \u00a0<\/p>\n<p class=\"Default\">La participaci\u00f3 \u00e9s gratu\u00efta. Pot participar al concurs qualsevol persona\u00a0<strong>major de 14 anys<\/strong>. En el cas de persones de menys de 18 anys, el fet de participar-hi implica que tenen el consentiment per fer-ho dels seus pares o tutors.<\/p>\n<p class=\"Default\">Qui hi vulgui participar ha d\u2019enviar un relat que tingui com a eix vertebrador la llegenda de sant Jordi, per\u00f2 que alhora en trenqui alguns estereotips. El correu electr\u00f2nic on s\u2019han d\u2019adre\u00e7ar \u00e9s\u00a0<a href=\"mailto:badiujove@badalona.cat\">badiujove@badalona.cat<\/a>.<\/p>\n<p class=\"Default\">El termini per participar al concurs acaba el\u00a0<strong>dia 18 d\u2019abril de 2018<\/strong>\u00a0a les 15 hores. No s\u2019admetran relats enviats m\u00e9s enll\u00e0 de l\u2019hora de finalitzaci\u00f3 del concurs. El dia 23 d\u2019abril de 2018 es publicar\u00e0 el nom del guanyador\/a del concurs.<\/p>\n<p class=\"Default\"><strong>\u00a0<\/strong>L\u2019extensi\u00f3 m\u00e0xima dels relats ha de ser d\u2019una p\u00e0gina a doble cara amb lletra Arial 12 i interlineat senzill,\u00a0 amb els par\u00e0grafs justificats.<\/p>\n<p class=\"Default\">Els relats han de ser\u00a0<strong>originals i lliures de drets d\u2019autor<\/strong>. Les hist\u00f2ries no poden tenir cap contingut obsc\u00e8, violent, discriminatori, ofensiu, incendiari o difamatori.<\/p>\n<p class=\"Pa0\">La obra guanyadora la triar\u00e0 un\u00a0<strong>jurat<\/strong>\u00a0format per:<\/p>\n<ol>\n<li><em>Mireia Cayuela, coordinadora del Badiu Jove<\/em><\/li>\n<li><em>\u00a0<\/em><em>Erika Bou, t\u00e8cnica del SIAD<\/em><\/li>\n<li><em>Saida Javaloy, t\u00e8cnica del Pacte per la Conviv\u00e8ncia en Diversitats<\/em><\/li>\n<li><em>Imma Casals, directora de la Biblioteca Can Casacuberta<\/em><\/li>\n<\/ol>\n<p>El premi per al guanyador\/a \u00e9s un xec regal de 100 \u20ac, per bescanviar a la llibreria Saltamart\u00ed de Badalona.<\/p>\n<p class=\"Default\">L\u2019organitzaci\u00f3 es posar\u00e0 en contacte amb el guanyador a trav\u00e9s de correu electr\u00f2nic. Tamb\u00e9 es far\u00e0 p\u00fablic als comptes de\u00a0<strong>Facebook, Twitter i Instagram del Badiu Jove<\/strong>(@badalonajove) i al\u00a0<strong>web<\/strong>\u00a0<a href=\"http:\/\/www.badiujove.cat\/\">www.badiujove.cat<\/a>. Aix\u00ed mateix, el guanyador s\u2019ha de posar en contacte amb l\u2019organitzaci\u00f3 al correu\u00a0<a href=\"mailto:badiujove@badalona.cat\">badiujove@badalona.cat<\/a>.<\/p>\n<p>\u00c9s una bona oportunitat per fomentar la creaci\u00f3 liter\u00e0ria cr\u00edtica entre les persones joves, i per aix\u00f2 us animem a participar amb els vostres grups-classe majors de 14 anys.<\/p>\n","protected":false},"excerpt":{"rendered":"<p>El Badiu Jove convoca el concurs de relats Sant Jordi 2018. Trenquem Estereotips.\u00a0Consulta les bases\u00a0AQU\u00cd\u00a0<\/p>\n","protected":false},"author":9,"featured_media":9055,"comment_status":"closed","ping_status":"closed","sticky":false,"template":"","format":"standard","meta":{"_bbp_topic_count":0,"_bbp_reply_count":0,"_bbp_total_topic_count":0,"_bbp_total_reply_count":0,"_bbp_voice_count":0,"_bbp_anonymous_reply_count":0,"_bbp_topic_count_hidden":0,"_bbp_reply_count_hidden":0,"_bbp_forum_subforum_count":0,"site-sidebar-layout":"default","site-content-layout":"","ast-site-content-layout":"","site-content-style":"default","site-sidebar-style":"default","ast-global-header-display":"","ast-banner-title-visibility":"","ast-main-header-display":"","ast-hfb-above-header-display":"","ast-hfb-below-header-display":"","ast-hfb-mobile-header-display":"","site-post-title":"","ast-breadcrumbs-content":"","ast-featured-img":"","footer-sml-layout":"","theme-transparent-header-meta":"","adv-header-id-meta":"","stick-header-meta":"","header-above-stick-meta":"","header-main-stick-meta":"","header-below-stick-meta":"","astra-migrate-meta-layouts":"default","ast-page-background-enabled":"default","ast-page-background-meta":{"desktop":{"background-color":"var(--ast-global-color-4)","background-image":"","background-repeat":"repeat","background-position":"center center","background-size":"auto","background-attachment":"scroll","background-type":"","background-media":"","overlay-type":"","overlay-color":"","overlay-opacity":"","overlay-gradient":""},"tablet":{"background-color":"","background-image":"","background-repeat":"repeat","background-position":"center center","background-size":"auto","background-attachment":"scroll","background-type":"","background-media":"","overlay-type":"","overlay-color":"","overlay-opacity":"","overlay-gradient":""},"mobile":{"background-color":"","background-image":"","background-repeat":"repeat","background-position":"center center","background-size":"auto","background-attachment":"scroll","background-type":"","background-media":"","overlay-type":"","overlay-color":"","overlay-opacity":"","overlay-gradient":""}},"ast-content-background-meta":{"desktop":{"background-color":"var(--ast-global-color-5)","background-image":"","background-repeat":"repeat","background-position":"center center","background-size":"auto","background-attachment":"scroll","background-type":"","background-media":"","overlay-type":"","overlay-color":"","overlay-opacity":"","overlay-gradient":""},"tablet":{"background-color":"var(--ast-global-color-5)","background-image":"","background-repeat":"repeat","background-position":"center center","background-size":"auto","background-attachment":"scroll","background-type":"","background-media":"","overlay-type":"","overlay-color":"","overlay-opacity":"","overlay-gradient":""},"mobile":{"background-color":"var(--ast-global-color-5)","background-image":"","background-repeat":"repeat","background-position":"center center","background-size":"auto","background-attachment":"scroll","background-type":"","background-media":"","overlay-type":"","overlay-color":"","overlay-opacity":"","overlay-gradient":""}},"footnotes":""},"categories":[64,66,81,29],"tags":[586,38],"class_list":["post-9054","post","type-post","status-publish","format-standard","has-post-thumbnail","hentry","category-comunitat","category-dinamitzacio","category-biblioteca-escolar","category-portada","tag-badiu-jove","tag-sant-jordi"],"post_mailing_queue_ids":[],"_links":{"self":[{"href":"https:\/\/serveiseducatius.xtec.cat\/badalona\/wp-json\/wp\/v2\/posts\/9054","targetHints":{"allow":["GET"]}}],"collection":[{"href":"https:\/\/serveiseducatius.xtec.cat\/badalona\/wp-json\/wp\/v2\/posts"}],"about":[{"href":"https:\/\/serveiseducatius.xtec.cat\/badalona\/wp-json\/wp\/v2\/types\/post"}],"author":[{"embeddable":true,"href":"https:\/\/serveiseducatius.xtec.cat\/badalona\/wp-json\/wp\/v2\/users\/9"}],"replies":[{"embeddable":true,"href":"https:\/\/serveiseducatius.xtec.cat\/badalona\/wp-json\/wp\/v2\/comments?post=9054"}],"version-history":[{"count":2,"href":"https:\/\/serveiseducatius.xtec.cat\/badalona\/wp-json\/wp\/v2\/posts\/9054\/revisions"}],"predecessor-version":[{"id":9057,"href":"https:\/\/serveiseducatius.xtec.cat\/badalona\/wp-json\/wp\/v2\/posts\/9054\/revisions\/9057"}],"wp:featuredmedia":[{"embeddable":true,"href":"https:\/\/serveiseducatius.xtec.cat\/badalona\/wp-json\/wp\/v2\/media\/9055"}],"wp:attachment":[{"href":"https:\/\/serveiseducatius.xtec.cat\/badalona\/wp-json\/wp\/v2\/media?parent=9054"}],"wp:term":[{"taxonomy":"category","embeddable":true,"href":"https:\/\/serveiseducatius.xtec.cat\/badalona\/wp-json\/wp\/v2\/categories?post=9054"},{"taxonomy":"post_tag","embeddable":true,"href":"https:\/\/serveiseducatius.xtec.cat\/badalona\/wp-json\/wp\/v2\/tags?post=9054"}],"curies":[{"name":"wp","href":"https:\/\/api.w.org\/{rel}","templated":true}]}}