{"id":8995,"date":"2018-03-21T16:09:46","date_gmt":"2018-03-21T15:09:46","guid":{"rendered":"http:\/\/serveiseducatius.xtec.cat\/badalona\/?p=8995"},"modified":"2018-03-21T16:09:46","modified_gmt":"2018-03-21T15:09:46","slug":"visita-guiada-gratuita-per-a-professorat-a-lexposicio-anys-llum-deugenia-balcells-a-cura-deulalia-bosch","status":"publish","type":"post","link":"https:\/\/serveiseducatius.xtec.cat\/badalona\/portada\/visita-guiada-gratuita-per-a-professorat-a-lexposicio-anys-llum-deugenia-balcells-a-cura-deulalia-bosch\/","title":{"rendered":"Visita guiada gratu\u00efta per a professorat a l\u2019exposici\u00f3 ANYS LLUM d\u2019Eug\u00e8nia Balcells. A cura d&#8217;Eul\u00e0lia Bosch"},"content":{"rendered":"<p><img loading=\"lazy\" decoding=\"async\" class=\"alignnone size-full wp-image-8996\" src=\"http:\/\/serveiseducatius.xtec.cat\/badalona\/wp-content\/uploads\/usu1088\/2018\/03\/LogoEugeniaBalcells.jpg\" alt=\"\" width=\"131\" height=\"119\" \/><\/p>\n<p>La\u00a0<b><a href=\"http:\/\/eugeniabalcellsfoundation.org\/cat-home\/\" target=\"_blank\" rel=\"noopener noreferrer\" data-saferedirecturl=\"https:\/\/www.google.com\/url?hl=ca&amp;q=http:\/\/eugeniabalcellsfoundation.org\/cat-home\/&amp;source=gmail&amp;ust=1521730887621000&amp;usg=AFQjCNF3fFz2Ro1y32mE9jhTig80nL16Wg\">Fundaci\u00f3\u00a0 Eug\u00e8nia Balcells<\/a><\/b>, en col\u00b7laboraci\u00f3 amb el\u00a0<b>Centre de Recursos Pedag\u00f2gics de Santa Coloma de Gramenet\u00a0<\/b>i el\u00a0<a href=\"https:\/\/www.grupiref.org\/\" target=\"_blank\" rel=\"noopener noreferrer\" data-saferedirecturl=\"https:\/\/www.google.com\/url?hl=ca&amp;q=https:\/\/www.grupiref.org\/&amp;source=gmail&amp;ust=1521730887621000&amp;usg=AFQjCNFeAVWcgAapKh88vz3kNnvx_V4Zaw\"><b>GrupIREF<\/b><\/a>,\u00a0 organitza\u00a0 una visita guiada per a professorat a l\u2019exposici\u00f3<b>\u00a0<a href=\"https:\/\/www.universoeugeniabalcells.com\/\" target=\"_blank\" rel=\"noopener noreferrer\" data-saferedirecturl=\"https:\/\/www.google.com\/url?hl=ca&amp;q=https:\/\/www.universoeugeniabalcells.com\/&amp;source=gmail&amp;ust=1521730887621000&amp;usg=AFQjCNG_x7FPZtupGpg7cosrr1og2qpV0A\">ANYS LLUM<\/a><\/b>\u00a0d\u2019Eug\u00e8nia Balcells<a href=\"https:\/\/www.universoeugeniabalcells.com\/cosmocaixa-barcelona\/anys_llum.pdf\" target=\"_blank\" rel=\"noopener noreferrer\" data-saferedirecturl=\"https:\/\/www.google.com\/url?hl=ca&amp;q=https:\/\/www.universoeugeniabalcells.com\/cosmocaixa-barcelona\/anys_llum.pdf&amp;source=gmail&amp;ust=1521730887621000&amp;usg=AFQjCNHlfDFkqTH-cazjuCNV9mCNRJi_1g\">, al museu CosmoCaixa<\/a>\u00a0de Barcelona.<\/p>\n<p><span style=\"color: #087eb6; font-family: 'Open Sans', sans-serif;\">ANYS LLUM<\/span>\u00a0\u00e9s el t\u00edtol d\u2019una exposici\u00f3 en la que Eug\u00e8nia Balcells ens proposa viatjar cap als l\u00edmits de l\u2019univers visible: des del codi de color que identifica cada un dels elements constitutius de la mat\u00e8ria fins als horitzons m\u00e9s llunyans que poden ser percebuts actualment gr\u00e0cies als grans telescopis.<\/p>\n<p>La sessi\u00f3 ser\u00e0 a c\u00e0rrec d\u2019<a href=\"http:\/\/araahoranow.blogspot.com.es\/2011\/06\/biografia-eulalia-bosch-catala.html\" target=\"_blank\" rel=\"noopener noreferrer\" data-saferedirecturl=\"https:\/\/www.google.com\/url?hl=ca&amp;q=http:\/\/araahoranow.blogspot.com.es\/2011\/06\/biografia-eulalia-bosch-catala.html&amp;source=gmail&amp;ust=1521730887622000&amp;usg=AFQjCNGqUDXr23CU_NgIG_1_Bcn2MkA0yg\">Eul\u00e0lia Bosch<\/a>, curadora de l\u2019exposici\u00f3.<\/p>\n<p>Lloc: CosmoCaixa. <a href=\"https:\/\/maps.google.com\/?q=C\/Isaac+Newton,+26.+Barcelona&amp;entry=gmail&amp;source=g\" target=\"_blank\" rel=\"noopener noreferrer\" data-saferedirecturl=\"https:\/\/www.google.com\/url?hl=ca&amp;q=https:\/\/maps.google.com\/?q%3DC\/Isaac%2BNewton,%2B26.%2BBarcelona%26entry%3Dgmail%26source%3Dg&amp;source=gmail&amp;ust=1521730887622000&amp;usg=AFQjCNG0WTgGtHSimh_rrS3N6uDegPa2-w\">C\/Isaac Newton, 26. Barcelona<\/a><br \/>Dia: 5 d\u2019abril<br \/>Hora: De 18 a 20h<\/p>\n<p><strong><a href=\"https:\/\/aplicacions.gestioeducativa.gencat.cat\/pls\/soloas\/pk_for_mod_ins.p_for_detall_activitat?p_header=Llista%20d%27activitats%5Epk_for_mod_ins.p_for_cons_activitats?p_poblacio=08245%26p_any=2017-2018%26p_modalitat=50%26p_totes=s%26p_inici=1%26p_excloure_crp_rec=F&amp;p_codi=2070741207&amp;p_curs=2017-2018&amp;p_excloure_crp_rec=F\" target=\"_blank\" rel=\"noopener noreferrer\" data-saferedirecturl=\"https:\/\/www.google.com\/url?hl=ca&amp;q=https:\/\/aplicacions.gestioeducativa.gencat.cat\/pls\/soloas\/pk_for_mod_ins.p_for_detall_activitat?p_header%3DLlista%2520d%2527activitats%255Epk_for_mod_ins.p_for_cons_activitats?p_poblacio%3D08245%2526p_any%3D2017-2018%2526p_modalitat%3D50%2526p_totes%3Ds%2526p_inici%3D1%2526p_excloure_crp_rec%3DF%26p_codi%3D2070741207%26p_curs%3D2017-2018%26p_excloure_crp_rec%3DF&amp;source=gmail&amp;ust=1521730887622000&amp;usg=AFQjCNHExjmytYXaoJw2kn1vxGV_BhiC7Q\">Inscripci\u00f3<\/a>\u00a0abans del dia 3 d&#8217;abril<\/strong><\/p>\n<p>Si no teniu &#8220;Usuari Xtec&#8221;,\u00a0Envieu-nos un email &lt;<a href=\"mailto:crp-santacolomag@xtec.cat\" target=\"_blank\" rel=\"noopener noreferrer\">crp-santacolomag@xtec.cat<\/a>&gt; per fer-hi la vostra inscripci\u00f3.<br \/>Ens cal per reservar les entrades.\u00a0<\/p>\n<p>Aquesta activitat de formaci\u00f3 \u00e9s gratu\u00efta per al professorat<strong>.<\/strong><\/p>\n","protected":false},"excerpt":{"rendered":"<p>La\u00a0Fundaci\u00f3\u00a0 Eug\u00e8nia Balcells, en col\u00b7laboraci\u00f3 amb el\u00a0Centre de Recursos Pedag\u00f2gics de Santa Coloma de Gramenet\u00a0i el\u00a0GrupIREF,\u00a0 organitza\u00a0 una visita guiada [&hellip;]<\/p>\n","protected":false},"author":1,"featured_media":8996,"comment_status":"closed","ping_status":"closed","sticky":false,"template":"","format":"standard","meta":{"_bbp_topic_count":0,"_bbp_reply_count":0,"_bbp_total_topic_count":0,"_bbp_total_reply_count":0,"_bbp_voice_count":0,"_bbp_anonymous_reply_count":0,"_bbp_topic_count_hidden":0,"_bbp_reply_count_hidden":0,"_bbp_forum_subforum_count":0,"site-sidebar-layout":"default","site-content-layout":"","ast-site-content-layout":"","site-content-style":"default","site-sidebar-style":"default","ast-global-header-display":"","ast-banner-title-visibility":"","ast-main-header-display":"","ast-hfb-above-header-display":"","ast-hfb-below-header-display":"","ast-hfb-mobile-header-display":"","site-post-title":"","ast-breadcrumbs-content":"","ast-featured-img":"","footer-sml-layout":"","theme-transparent-header-meta":"","adv-header-id-meta":"","stick-header-meta":"","header-above-stick-meta":"","header-main-stick-meta":"","header-below-stick-meta":"","astra-migrate-meta-layouts":"default","ast-page-background-enabled":"default","ast-page-background-meta":{"desktop":{"background-color":"var(--ast-global-color-4)","background-image":"","background-repeat":"repeat","background-position":"center center","background-size":"auto","background-attachment":"scroll","background-type":"","background-media":"","overlay-type":"","overlay-color":"","overlay-opacity":"","overlay-gradient":""},"tablet":{"background-color":"","background-image":"","background-repeat":"repeat","background-position":"center center","background-size":"auto","background-attachment":"scroll","background-type":"","background-media":"","overlay-type":"","overlay-color":"","overlay-opacity":"","overlay-gradient":""},"mobile":{"background-color":"","background-image":"","background-repeat":"repeat","background-position":"center center","background-size":"auto","background-attachment":"scroll","background-type":"","background-media":"","overlay-type":"","overlay-color":"","overlay-opacity":"","overlay-gradient":""}},"ast-content-background-meta":{"desktop":{"background-color":"var(--ast-global-color-5)","background-image":"","background-repeat":"repeat","background-position":"center center","background-size":"auto","background-attachment":"scroll","background-type":"","background-media":"","overlay-type":"","overlay-color":"","overlay-opacity":"","overlay-gradient":""},"tablet":{"background-color":"var(--ast-global-color-5)","background-image":"","background-repeat":"repeat","background-position":"center center","background-size":"auto","background-attachment":"scroll","background-type":"","background-media":"","overlay-type":"","overlay-color":"","overlay-opacity":"","overlay-gradient":""},"mobile":{"background-color":"var(--ast-global-color-5)","background-image":"","background-repeat":"repeat","background-position":"center center","background-size":"auto","background-attachment":"scroll","background-type":"","background-media":"","overlay-type":"","overlay-color":"","overlay-opacity":"","overlay-gradient":""}},"footnotes":""},"categories":[165,29],"tags":[879,166,905],"class_list":["post-8995","post","type-post","status-publish","format-standard","has-post-thumbnail","hentry","category-formacio","category-portada","tag-cosmocaixa","tag-formacio","tag-fundacio-eugenia-balcells"],"post_mailing_queue_ids":[],"_links":{"self":[{"href":"https:\/\/serveiseducatius.xtec.cat\/badalona\/wp-json\/wp\/v2\/posts\/8995","targetHints":{"allow":["GET"]}}],"collection":[{"href":"https:\/\/serveiseducatius.xtec.cat\/badalona\/wp-json\/wp\/v2\/posts"}],"about":[{"href":"https:\/\/serveiseducatius.xtec.cat\/badalona\/wp-json\/wp\/v2\/types\/post"}],"author":[{"embeddable":true,"href":"https:\/\/serveiseducatius.xtec.cat\/badalona\/wp-json\/wp\/v2\/users\/1"}],"replies":[{"embeddable":true,"href":"https:\/\/serveiseducatius.xtec.cat\/badalona\/wp-json\/wp\/v2\/comments?post=8995"}],"version-history":[{"count":1,"href":"https:\/\/serveiseducatius.xtec.cat\/badalona\/wp-json\/wp\/v2\/posts\/8995\/revisions"}],"predecessor-version":[{"id":8997,"href":"https:\/\/serveiseducatius.xtec.cat\/badalona\/wp-json\/wp\/v2\/posts\/8995\/revisions\/8997"}],"wp:featuredmedia":[{"embeddable":true,"href":"https:\/\/serveiseducatius.xtec.cat\/badalona\/wp-json\/wp\/v2\/media\/8996"}],"wp:attachment":[{"href":"https:\/\/serveiseducatius.xtec.cat\/badalona\/wp-json\/wp\/v2\/media?parent=8995"}],"wp:term":[{"taxonomy":"category","embeddable":true,"href":"https:\/\/serveiseducatius.xtec.cat\/badalona\/wp-json\/wp\/v2\/categories?post=8995"},{"taxonomy":"post_tag","embeddable":true,"href":"https:\/\/serveiseducatius.xtec.cat\/badalona\/wp-json\/wp\/v2\/tags?post=8995"}],"curies":[{"name":"wp","href":"https:\/\/api.w.org\/{rel}","templated":true}]}}