{"id":8993,"date":"2018-03-21T11:20:43","date_gmt":"2018-03-21T10:20:43","guid":{"rendered":"http:\/\/serveiseducatius.xtec.cat\/badalona\/?p=8993"},"modified":"2018-03-21T11:20:43","modified_gmt":"2018-03-21T10:20:43","slug":"diumenge-al-parc-de-can-solei-i-ca-larnus-taller-per-descobrir-i-coneixer-la-flora-i-la-fauna-que-hi-habita","status":"publish","type":"post","link":"https:\/\/serveiseducatius.xtec.cat\/badalona\/portada\/diumenge-al-parc-de-can-solei-i-ca-larnus-taller-per-descobrir-i-coneixer-la-flora-i-la-fauna-que-hi-habita\/","title":{"rendered":"Diumenge al parc de Can Solei i Ca l\u2019Arn\u00fas taller per descobrir i con\u00e8ixer la flora i la fauna que hi habita"},"content":{"rendered":"<p class=\"m_8079317607168428591entradeta\">A l\u2019entorn de la \u2018Jugatecambiental\u2019 tamb\u00e9 hi haur\u00e0 l\u2019espectacle musical <i>Racons sonors: els sons de la Mediterr\u00e0nia.<\/i><u><\/u><u><\/u><\/p>\n<p class=\"m_8079317607168428591entradeta\"><img loading=\"lazy\" decoding=\"async\" class=\"alignnone size-full wp-image-8873\" src=\"http:\/\/serveiseducatius.xtec.cat\/badalona\/wp-content\/uploads\/usu1088\/2018\/03\/escut_ajuntament.png\" alt=\"\" width=\"226\" height=\"48\" \/><\/p>\n<p>Aquest diumenge, 25 de mar\u00e7, de les 11.30 a les 13.30 hores, es far\u00e0 l\u2019activitat dirigida al p\u00fablic familiar: \u201cLa biodiversitat del parc de Can Solei i de Ca l&#8217;Arn\u00fas\u201d. Es tracta d\u2019una activitat de descoberta i observaci\u00f3 de la vegetaci\u00f3 singular del parc i de les esp\u00e8cies de flora i fauna que habiten en el jard\u00ed de papallones i a l&#8217;hotel d&#8217;insectes. En aquesta activitat tamb\u00e9 es podr\u00e0 con\u00e8ixer la hist\u00f2ria del parc i els seus valors ambientals, aix\u00ed com convidar als assistents a fer una reflexi\u00f3 sobre qu\u00e8 es fa i qu\u00e8 cal fer per conservar-ne l\u2019entorn.<br \/>L\u2019activitat forma part del programa d\u2019educaci\u00f3 per a la sostenibilitat (PMES) de l\u2019\u00c0rea Metropolitana de Barcelona i est\u00e0 promoguda per l\u2019\u00c0rea Metropolitana de Barcelona, l\u2019Ajuntament de Badalona i va a c\u00e0rrec de l\u2019Associaci\u00f3 Naturalista ALOC.<br \/>Els sons de la Mediterr\u00e0nia<br \/>A m\u00e9s, aquest mateix diumenge, a la \u2018Jugatecambiental\u2019, i dins del programa \u201cViu el Parc\u201d, de la Diputaci\u00f3 de Barcelona, tindr\u00e0 lloc l\u2019actuaci\u00f3 musical Racons sonors: els sons de la Mediterr\u00e0nia on el duet format per Jordi Marf\u00e0 (viol\u00ed i mandolina) i Daniel Pitarch (piano i acordi\u00f3) proposaran als visitants un recorregut pels sons de la mediterr\u00e0nia en un espectacle \u00edntim i proper amb un repertori que inclou composicions pr\u00f2pies i can\u00e7ons tradicionals. En aquest espectacle les textures prenen especial import\u00e0ncia, generant un espai \u00edntim compartit amb els espectadors. Els espectadors seran condu\u00efts cap a racons sonors on gaudir de la m\u00fasica.<br \/>Per acompanyar l\u2019actuaci\u00f3 musical s\u2019ha organitzat un taller de construcci\u00f3 d\u2019instruments de percussi\u00f3 on, amb tubs de goma, papers, retoladors i pals, es podran construir petits tambors de sons. En acabar l\u2019activitat s\u2019explicar\u00e0 el conte La Pasqua.<br \/>L\u2019actuaci\u00f3 Racons sonors: els sons de la Mediterr\u00e0nia forma part del programa \u201cViu el parc\u201d de la Diputaci\u00f3 de Barcelona que t\u00e9 l\u2019objectiu de divulgar el patrimoni natural i cultural del parc de la serralada de Marina i apropar aquests valors les poblacions que en formen part.<br \/>El punt de trobada d\u2019aquestes activitats \u00e9s a la glorieta de la \u2018Jugatecambiental\u2019 a les 11.30 hores, situada a la glorieta del parc, prop de la torre del rellotge.<br \/>El projecte de la \u2018Jugatecambiental\u2019 del parc de Can Solei i de Ca l\u2019Arn\u00fas est\u00e0 organitzat per l\u2019Ajuntament de Badalona i l\u2019\u00c0rea Metropolitana de Barcelona, l\u2019estudi d\u2019art l\u2019Obrador de la Riera, l\u2019associaci\u00f3 per l\u2019estudi de la flora i de la fauna ALOC i gestionada per educadors d\u2019entitats del territori.<\/p>\n<p>Font: Servei d&#8217;Atenci\u00f3 al Ciutad\u00e0 de l&#8217;Ajuntament de Badalona<\/p>\n","protected":false},"excerpt":{"rendered":"<p>A l\u2019entorn de la \u2018Jugatecambiental\u2019 tamb\u00e9 hi haur\u00e0 l\u2019espectacle musical Racons sonors: els sons de la Mediterr\u00e0nia. Aquest diumenge, 25 [&hellip;]<\/p>\n","protected":false},"author":1,"featured_media":0,"comment_status":"closed","ping_status":"closed","sticky":false,"template":"","format":"standard","meta":{"_bbp_topic_count":0,"_bbp_reply_count":0,"_bbp_total_topic_count":0,"_bbp_total_reply_count":0,"_bbp_voice_count":0,"_bbp_anonymous_reply_count":0,"_bbp_topic_count_hidden":0,"_bbp_reply_count_hidden":0,"_bbp_forum_subforum_count":0,"site-sidebar-layout":"default","site-content-layout":"","ast-site-content-layout":"","site-content-style":"default","site-sidebar-style":"default","ast-global-header-display":"","ast-banner-title-visibility":"","ast-main-header-display":"","ast-hfb-above-header-display":"","ast-hfb-below-header-display":"","ast-hfb-mobile-header-display":"","site-post-title":"","ast-breadcrumbs-content":"","ast-featured-img":"","footer-sml-layout":"","theme-transparent-header-meta":"","adv-header-id-meta":"","stick-header-meta":"","header-above-stick-meta":"","header-main-stick-meta":"","header-below-stick-meta":"","astra-migrate-meta-layouts":"default","ast-page-background-enabled":"default","ast-page-background-meta":{"desktop":{"background-color":"var(--ast-global-color-4)","background-image":"","background-repeat":"repeat","background-position":"center center","background-size":"auto","background-attachment":"scroll","background-type":"","background-media":"","overlay-type":"","overlay-color":"","overlay-opacity":"","overlay-gradient":""},"tablet":{"background-color":"","background-image":"","background-repeat":"repeat","background-position":"center center","background-size":"auto","background-attachment":"scroll","background-type":"","background-media":"","overlay-type":"","overlay-color":"","overlay-opacity":"","overlay-gradient":""},"mobile":{"background-color":"","background-image":"","background-repeat":"repeat","background-position":"center center","background-size":"auto","background-attachment":"scroll","background-type":"","background-media":"","overlay-type":"","overlay-color":"","overlay-opacity":"","overlay-gradient":""}},"ast-content-background-meta":{"desktop":{"background-color":"var(--ast-global-color-5)","background-image":"","background-repeat":"repeat","background-position":"center center","background-size":"auto","background-attachment":"scroll","background-type":"","background-media":"","overlay-type":"","overlay-color":"","overlay-opacity":"","overlay-gradient":""},"tablet":{"background-color":"var(--ast-global-color-5)","background-image":"","background-repeat":"repeat","background-position":"center center","background-size":"auto","background-attachment":"scroll","background-type":"","background-media":"","overlay-type":"","overlay-color":"","overlay-opacity":"","overlay-gradient":""},"mobile":{"background-color":"var(--ast-global-color-5)","background-image":"","background-repeat":"repeat","background-position":"center center","background-size":"auto","background-attachment":"scroll","background-type":"","background-media":"","overlay-type":"","overlay-color":"","overlay-opacity":"","overlay-gradient":""}},"footnotes":""},"categories":[29],"tags":[393,773,897,584,772,306],"class_list":["post-8993","post","type-post","status-publish","format-standard","hentry","category-portada","tag-ajuntament-de-badalona","tag-can-solei","tag-diputacio-de-barcelona","tag-families","tag-jugatecambiental","tag-medi-ambient"],"post_mailing_queue_ids":[],"_links":{"self":[{"href":"https:\/\/serveiseducatius.xtec.cat\/badalona\/wp-json\/wp\/v2\/posts\/8993","targetHints":{"allow":["GET"]}}],"collection":[{"href":"https:\/\/serveiseducatius.xtec.cat\/badalona\/wp-json\/wp\/v2\/posts"}],"about":[{"href":"https:\/\/serveiseducatius.xtec.cat\/badalona\/wp-json\/wp\/v2\/types\/post"}],"author":[{"embeddable":true,"href":"https:\/\/serveiseducatius.xtec.cat\/badalona\/wp-json\/wp\/v2\/users\/1"}],"replies":[{"embeddable":true,"href":"https:\/\/serveiseducatius.xtec.cat\/badalona\/wp-json\/wp\/v2\/comments?post=8993"}],"version-history":[{"count":1,"href":"https:\/\/serveiseducatius.xtec.cat\/badalona\/wp-json\/wp\/v2\/posts\/8993\/revisions"}],"predecessor-version":[{"id":8994,"href":"https:\/\/serveiseducatius.xtec.cat\/badalona\/wp-json\/wp\/v2\/posts\/8993\/revisions\/8994"}],"wp:attachment":[{"href":"https:\/\/serveiseducatius.xtec.cat\/badalona\/wp-json\/wp\/v2\/media?parent=8993"}],"wp:term":[{"taxonomy":"category","embeddable":true,"href":"https:\/\/serveiseducatius.xtec.cat\/badalona\/wp-json\/wp\/v2\/categories?post=8993"},{"taxonomy":"post_tag","embeddable":true,"href":"https:\/\/serveiseducatius.xtec.cat\/badalona\/wp-json\/wp\/v2\/tags?post=8993"}],"curies":[{"name":"wp","href":"https:\/\/api.w.org\/{rel}","templated":true}]}}