{"id":8980,"date":"2018-03-19T12:59:27","date_gmt":"2018-03-19T11:59:27","guid":{"rendered":"http:\/\/serveiseducatius.xtec.cat\/badalona\/?p=8980"},"modified":"2018-03-19T12:59:27","modified_gmt":"2018-03-19T11:59:27","slug":"jornada-com-ha-de-ser-leducacio-fisica-per-afavorir-que-lalumnat-sigui-competent","status":"publish","type":"post","link":"https:\/\/serveiseducatius.xtec.cat\/badalona\/portada\/jornada-com-ha-de-ser-leducacio-fisica-per-afavorir-que-lalumnat-sigui-competent\/","title":{"rendered":"Jornada: Com ha de ser l\u2019educaci\u00f3 f\u00edsica per afavorir que l\u2019alumnat sigui competent?"},"content":{"rendered":"<p><img loading=\"lazy\" decoding=\"async\" class=\"alignnone wp-image-8981 size-medium\" src=\"http:\/\/serveiseducatius.xtec.cat\/badalona\/wp-content\/uploads\/usu1088\/2018\/03\/jornada_ef-221x300.png\" alt=\"\" width=\"221\" height=\"300\" srcset=\"https:\/\/serveiseducatius.xtec.cat\/badalona\/wp-content\/uploads\/usu1088\/2018\/03\/jornada_ef-221x300.png 221w, https:\/\/serveiseducatius.xtec.cat\/badalona\/wp-content\/uploads\/usu1088\/2018\/03\/jornada_ef.png 553w\" sizes=\"auto, (max-width: 221px) 100vw, 221px\" \/><\/p>\n<p>El Departament d\u2019Ensenyament organitza el 14 d&#8217;abril la primera Jornada <strong>Com ha de ser l\u2019educaci\u00f3 f\u00edsica per afavorir que l\u2019alumnat sigui competent?<\/strong> adre\u00e7ada a mestres d\u2019educaci\u00f3 f\u00edsica de prim\u00e0ria.<\/p>\n<p>L\u2019objectiu d\u2019aquesta jornada \u00e9s compartir el nou\u00a0<a href=\"http:\/\/ensenyament.gencat.cat\/web\/.content\/home\/departament\/publicacions\/colleccions\/competencies-basiques\/primaria\/prim-educacio-fisica.pdf\" target=\"_blank\" rel=\"noopener noreferrer\">document d\u2019identificaci\u00f3 i desplegament de les compet\u00e8ncies b\u00e0siques de l\u2019\u00e0mbit de l\u2019educaci\u00f3 f\u00edsica<\/a>, per tal de facilitar als mestres desenvolupar la seva programaci\u00f3 i difondre experi\u00e8ncies competencials.<\/p>\n<p>M\u00e9s informaci\u00f3, programa i inscripcions en aquest <a href=\"http:\/\/blocs.xtec.cat\/jornadamef\/#_ga=2.245047878.2123325847.1521444535-1538215197.1519805373\" target=\"_blank\" rel=\"noopener noreferrer\">enlla\u00e7<\/a>.<\/p>\n","protected":false},"excerpt":{"rendered":"<p>El Departament d\u2019Ensenyament organitza el 14 d&#8217;abril la primera Jornada Com ha de ser l\u2019educaci\u00f3 f\u00edsica per afavorir que l\u2019alumnat [&hellip;]<\/p>\n","protected":false},"author":1,"featured_media":8981,"comment_status":"closed","ping_status":"closed","sticky":false,"template":"","format":"standard","meta":{"_bbp_topic_count":0,"_bbp_reply_count":0,"_bbp_total_topic_count":0,"_bbp_total_reply_count":0,"_bbp_voice_count":0,"_bbp_anonymous_reply_count":0,"_bbp_topic_count_hidden":0,"_bbp_reply_count_hidden":0,"_bbp_forum_subforum_count":0,"site-sidebar-layout":"default","site-content-layout":"","ast-site-content-layout":"","site-content-style":"default","site-sidebar-style":"default","ast-global-header-display":"","ast-banner-title-visibility":"","ast-main-header-display":"","ast-hfb-above-header-display":"","ast-hfb-below-header-display":"","ast-hfb-mobile-header-display":"","site-post-title":"","ast-breadcrumbs-content":"","ast-featured-img":"","footer-sml-layout":"","theme-transparent-header-meta":"","adv-header-id-meta":"","stick-header-meta":"","header-above-stick-meta":"","header-main-stick-meta":"","header-below-stick-meta":"","astra-migrate-meta-layouts":"default","ast-page-background-enabled":"default","ast-page-background-meta":{"desktop":{"background-color":"var(--ast-global-color-4)","background-image":"","background-repeat":"repeat","background-position":"center center","background-size":"auto","background-attachment":"scroll","background-type":"","background-media":"","overlay-type":"","overlay-color":"","overlay-opacity":"","overlay-gradient":""},"tablet":{"background-color":"","background-image":"","background-repeat":"repeat","background-position":"center center","background-size":"auto","background-attachment":"scroll","background-type":"","background-media":"","overlay-type":"","overlay-color":"","overlay-opacity":"","overlay-gradient":""},"mobile":{"background-color":"","background-image":"","background-repeat":"repeat","background-position":"center center","background-size":"auto","background-attachment":"scroll","background-type":"","background-media":"","overlay-type":"","overlay-color":"","overlay-opacity":"","overlay-gradient":""}},"ast-content-background-meta":{"desktop":{"background-color":"var(--ast-global-color-5)","background-image":"","background-repeat":"repeat","background-position":"center center","background-size":"auto","background-attachment":"scroll","background-type":"","background-media":"","overlay-type":"","overlay-color":"","overlay-opacity":"","overlay-gradient":""},"tablet":{"background-color":"var(--ast-global-color-5)","background-image":"","background-repeat":"repeat","background-position":"center center","background-size":"auto","background-attachment":"scroll","background-type":"","background-media":"","overlay-type":"","overlay-color":"","overlay-opacity":"","overlay-gradient":""},"mobile":{"background-color":"var(--ast-global-color-5)","background-image":"","background-repeat":"repeat","background-position":"center center","background-size":"auto","background-attachment":"scroll","background-type":"","background-media":"","overlay-type":"","overlay-color":"","overlay-opacity":"","overlay-gradient":""}},"footnotes":""},"categories":[29],"tags":[888,355],"class_list":["post-8980","post","type-post","status-publish","format-standard","has-post-thumbnail","hentry","category-portada","tag-competencies-basiques","tag-educacio-fisica"],"post_mailing_queue_ids":[],"_links":{"self":[{"href":"https:\/\/serveiseducatius.xtec.cat\/badalona\/wp-json\/wp\/v2\/posts\/8980","targetHints":{"allow":["GET"]}}],"collection":[{"href":"https:\/\/serveiseducatius.xtec.cat\/badalona\/wp-json\/wp\/v2\/posts"}],"about":[{"href":"https:\/\/serveiseducatius.xtec.cat\/badalona\/wp-json\/wp\/v2\/types\/post"}],"author":[{"embeddable":true,"href":"https:\/\/serveiseducatius.xtec.cat\/badalona\/wp-json\/wp\/v2\/users\/1"}],"replies":[{"embeddable":true,"href":"https:\/\/serveiseducatius.xtec.cat\/badalona\/wp-json\/wp\/v2\/comments?post=8980"}],"version-history":[{"count":1,"href":"https:\/\/serveiseducatius.xtec.cat\/badalona\/wp-json\/wp\/v2\/posts\/8980\/revisions"}],"predecessor-version":[{"id":8982,"href":"https:\/\/serveiseducatius.xtec.cat\/badalona\/wp-json\/wp\/v2\/posts\/8980\/revisions\/8982"}],"wp:featuredmedia":[{"embeddable":true,"href":"https:\/\/serveiseducatius.xtec.cat\/badalona\/wp-json\/wp\/v2\/media\/8981"}],"wp:attachment":[{"href":"https:\/\/serveiseducatius.xtec.cat\/badalona\/wp-json\/wp\/v2\/media?parent=8980"}],"wp:term":[{"taxonomy":"category","embeddable":true,"href":"https:\/\/serveiseducatius.xtec.cat\/badalona\/wp-json\/wp\/v2\/categories?post=8980"},{"taxonomy":"post_tag","embeddable":true,"href":"https:\/\/serveiseducatius.xtec.cat\/badalona\/wp-json\/wp\/v2\/tags?post=8980"}],"curies":[{"name":"wp","href":"https:\/\/api.w.org\/{rel}","templated":true}]}}