{"id":8975,"date":"2018-03-16T14:25:01","date_gmt":"2018-03-16T13:25:01","guid":{"rendered":"http:\/\/serveiseducatius.xtec.cat\/badalona\/?p=8975"},"modified":"2018-03-16T14:25:01","modified_gmt":"2018-03-16T13:25:01","slug":"badalona-celebra-els-dies-20-21-i-22-de-marc-les-xxxii-jornades-cientifiques-densenyament-secundari-amb-la-participacio-de-800-alumnes","status":"publish","type":"post","link":"https:\/\/serveiseducatius.xtec.cat\/badalona\/portada\/badalona-celebra-els-dies-20-21-i-22-de-marc-les-xxxii-jornades-cientifiques-densenyament-secundari-amb-la-participacio-de-800-alumnes\/","title":{"rendered":"Badalona celebra els dies 20, 21 i 22 de mar\u00e7 les XXXII Jornades Cient\u00edfiques d\u2019Ensenyament Secundari amb la participaci\u00f3 de 800 alumnes"},"content":{"rendered":"<p>64 nois i noies estudiants de 12 centres presenten els seus treballs de recerca al Badalona Centre Internacional de Negocis<\/p>\n<p><img loading=\"lazy\" decoding=\"async\" class=\"alignnone size-full wp-image-8700\" src=\"http:\/\/serveiseducatius.xtec.cat\/badalona\/wp-content\/uploads\/usu1088\/2018\/02\/RGB_SE_ciutat-badalona-petita-e1518773803861.jpg\" alt=\"\" width=\"150\" height=\"93\" \/>\u00a0<img loading=\"lazy\" decoding=\"async\" class=\"alignnone size-full wp-image-8873\" src=\"http:\/\/serveiseducatius.xtec.cat\/badalona\/wp-content\/uploads\/usu1088\/2018\/03\/escut_ajuntament.png\" alt=\"\" width=\"226\" height=\"48\" \/><\/p>\n<p>Badalona celebrar\u00e0 els dies 20, 21 i 22 de mar\u00e7 les XXXII Jornades Cient\u00edfiques d\u2019Ensenyament Secundari. 64 alumnes procedents de 12 centres educatius diferents presentaran 50 treballs de recerca de diverses \u00e0rees com ci\u00e8ncies socials, ci\u00e8ncies experimentals, tecnologia, llengua, matem\u00e0tiques, hist\u00f2ria, art o literatura. Aquest treballs es realitzen utilitzant el m\u00e8tode cient\u00edfic.<br \/>Els actes de presentaci\u00f3 es duran a terme els dies 20, 21 i 22 de mar\u00e7, a partir de les 9.45 hores, al Badalona Centre Internacional de Negocis (carrer de Marcus Porcius, s\/n, pol\u00edgon Les Guixeres). Al llarg d\u2019aquests tres dies, prop de 800 alumnes i professors\/es de 13 centres educatius assistiran a la presentaci\u00f3 d\u2019aquests treballs.<br \/>En aquesta edici\u00f3 hi participen 12 instituts p\u00fablics i centres concertats com s\u00f3n: Badalona VII, Badalon\u00e8s, Barres i Ones, Boix, Escola d\u2019Art i Superior de Disseny Pau Gargallo, Isaac Alb\u00e9niz, J\u00falia Minguell, La Llauna, La Pineda, Maristes Champagnat, Minguella i Sant Andreu. L\u2019alumnat de l\u2019Escola Garb\u00ed Pere Verg\u00e9s hi assistir\u00e0 d\u2019oient.<br \/>L\u2019alcaldessa de Badalona, Dolors Sabater, assistir\u00e0 a l\u2019acte de cloenda que es far\u00e0 al Badalona Centre Internacional de Negocis, dijous, 22 de mar\u00e7, a les 13 hores.<br \/>Durant els 32 anys de Jornades Cient\u00edfiques, m\u00e9s de 2.600 alumnes badalonins, i alguns de fora de la ciutat, han presentat m\u00e9s de 2.100 treballs de recerca. M\u00e9s de 26.000 persones han assistit a aquest acte que ha anat creixent en qualitat i diversitat al llarg de tots aquests anys.<br \/>L\u2019organitzaci\u00f3 de les Jornades va a c\u00e0rrec de l\u2019Escola de Natura Angeleta Ferrer i de l\u2019Escola del Mar, Centre d\u2019Estudis Marins, totes dues de l\u2019\u00c0mbit de Badalona Pr\u00f2spera i Sostenible; del Servei d\u2019Educaci\u00f3 de l\u2019\u00c0mbit de Badalona Educadora de l\u2019Ajuntament de Badalona; i del Centre de Recursos Pedag\u00f2gics del Departament d\u2019Ensenyament de la Generalitat de Catalunya. Tamb\u00e9 hi col\u00b7laboren el Badalona Centre Internacional de Negocis i la Fundaci\u00f3 Institut d\u2019Investigaci\u00f3 en Ci\u00e8ncies de la Salut Germans Trias i Pujol (IGTP). A m\u00e9s, l\u2019Institut de Recerca de la Sida (Irsicaixa) ofereix una xerrada de divulgaci\u00f3 cient\u00edfica i l\u2019empresa farmac\u00e8utica Grupo Menarini col\u00b7labora en diversos aspectes, entre ells l\u2019edici\u00f3 del llibre amb el resum de tots els treballs.<\/p>\n<p>Font: Servei d&#8217;Atenci\u00f3 al Ciutad\u00e0 de l&#8217;Ajuntament de Badalona<\/p>\n","protected":false},"excerpt":{"rendered":"<p>64 nois i noies estudiants de 12 centres presenten els seus treballs de recerca al Badalona Centre Internacional de Negocis [&hellip;]<\/p>\n","protected":false},"author":1,"featured_media":0,"comment_status":"closed","ping_status":"closed","sticky":false,"template":"","format":"standard","meta":{"_bbp_topic_count":0,"_bbp_reply_count":0,"_bbp_total_topic_count":0,"_bbp_total_reply_count":0,"_bbp_voice_count":0,"_bbp_anonymous_reply_count":0,"_bbp_topic_count_hidden":0,"_bbp_reply_count_hidden":0,"_bbp_forum_subforum_count":0,"site-sidebar-layout":"default","site-content-layout":"","ast-site-content-layout":"","site-content-style":"default","site-sidebar-style":"default","ast-global-header-display":"","ast-banner-title-visibility":"","ast-main-header-display":"","ast-hfb-above-header-display":"","ast-hfb-below-header-display":"","ast-hfb-mobile-header-display":"","site-post-title":"","ast-breadcrumbs-content":"","ast-featured-img":"","footer-sml-layout":"","theme-transparent-header-meta":"","adv-header-id-meta":"","stick-header-meta":"","header-above-stick-meta":"","header-main-stick-meta":"","header-below-stick-meta":"","astra-migrate-meta-layouts":"default","ast-page-background-enabled":"default","ast-page-background-meta":{"desktop":{"background-color":"var(--ast-global-color-4)","background-image":"","background-repeat":"repeat","background-position":"center center","background-size":"auto","background-attachment":"scroll","background-type":"","background-media":"","overlay-type":"","overlay-color":"","overlay-opacity":"","overlay-gradient":""},"tablet":{"background-color":"","background-image":"","background-repeat":"repeat","background-position":"center center","background-size":"auto","background-attachment":"scroll","background-type":"","background-media":"","overlay-type":"","overlay-color":"","overlay-opacity":"","overlay-gradient":""},"mobile":{"background-color":"","background-image":"","background-repeat":"repeat","background-position":"center center","background-size":"auto","background-attachment":"scroll","background-type":"","background-media":"","overlay-type":"","overlay-color":"","overlay-opacity":"","overlay-gradient":""}},"ast-content-background-meta":{"desktop":{"background-color":"var(--ast-global-color-5)","background-image":"","background-repeat":"repeat","background-position":"center center","background-size":"auto","background-attachment":"scroll","background-type":"","background-media":"","overlay-type":"","overlay-color":"","overlay-opacity":"","overlay-gradient":""},"tablet":{"background-color":"var(--ast-global-color-5)","background-image":"","background-repeat":"repeat","background-position":"center center","background-size":"auto","background-attachment":"scroll","background-type":"","background-media":"","overlay-type":"","overlay-color":"","overlay-opacity":"","overlay-gradient":""},"mobile":{"background-color":"var(--ast-global-color-5)","background-image":"","background-repeat":"repeat","background-position":"center center","background-size":"auto","background-attachment":"scroll","background-type":"","background-media":"","overlay-type":"","overlay-color":"","overlay-opacity":"","overlay-gradient":""}},"footnotes":""},"categories":[29],"tags":[393,899,265,898,900,357,624],"class_list":["post-8975","post","type-post","status-publish","format-standard","hentry","category-portada","tag-ajuntament-de-badalona","tag-bcin","tag-escola-de-natura","tag-laboratoris-menarini","tag-metode-cientific","tag-museu-de-badalona","tag-treball-de-recerca"],"post_mailing_queue_ids":[],"_links":{"self":[{"href":"https:\/\/serveiseducatius.xtec.cat\/badalona\/wp-json\/wp\/v2\/posts\/8975","targetHints":{"allow":["GET"]}}],"collection":[{"href":"https:\/\/serveiseducatius.xtec.cat\/badalona\/wp-json\/wp\/v2\/posts"}],"about":[{"href":"https:\/\/serveiseducatius.xtec.cat\/badalona\/wp-json\/wp\/v2\/types\/post"}],"author":[{"embeddable":true,"href":"https:\/\/serveiseducatius.xtec.cat\/badalona\/wp-json\/wp\/v2\/users\/1"}],"replies":[{"embeddable":true,"href":"https:\/\/serveiseducatius.xtec.cat\/badalona\/wp-json\/wp\/v2\/comments?post=8975"}],"version-history":[{"count":1,"href":"https:\/\/serveiseducatius.xtec.cat\/badalona\/wp-json\/wp\/v2\/posts\/8975\/revisions"}],"predecessor-version":[{"id":8976,"href":"https:\/\/serveiseducatius.xtec.cat\/badalona\/wp-json\/wp\/v2\/posts\/8975\/revisions\/8976"}],"wp:attachment":[{"href":"https:\/\/serveiseducatius.xtec.cat\/badalona\/wp-json\/wp\/v2\/media?parent=8975"}],"wp:term":[{"taxonomy":"category","embeddable":true,"href":"https:\/\/serveiseducatius.xtec.cat\/badalona\/wp-json\/wp\/v2\/categories?post=8975"},{"taxonomy":"post_tag","embeddable":true,"href":"https:\/\/serveiseducatius.xtec.cat\/badalona\/wp-json\/wp\/v2\/tags?post=8975"}],"curies":[{"name":"wp","href":"https:\/\/api.w.org\/{rel}","templated":true}]}}